{"id":4435,"date":"2016-12-02T17:51:12","date_gmt":"2016-12-02T20:51:12","guid":{"rendered":"http:\/\/www.jornaldaconstrucaocivil.com.br\/?p=4435"},"modified":"2016-12-02T17:51:12","modified_gmt":"2016-12-02T20:51:12","slug":"ministerio-da-integracao-participa-de-mobilizacao-nacional-no-combate-ao-aedes-aegypti","status":"publish","type":"post","link":"https:\/\/construcaocivil.siriusmarketingedesign.com.br\/?p=4435","title":{"rendered":"Minist\u00e9rio da Integra\u00e7\u00e3o participa de mobiliza\u00e7\u00e3o nacional no combate ao Aedes aegypti"},"content":{"rendered":"<p style=\"text-align: justify;\"><strong><span style=\"color: #000000;\">As a\u00e7\u00f5es, que integram o Dia Nacional de Combate ao Mosquito, contaram com palestras do ministro Helder Barbalho em escolas do norte do pa\u00eds e vistoria nas instala\u00e7\u00f5es do Minist\u00e9rio<\/span><\/strong><\/p>\n<p style=\"text-align: justify;\"><span style=\"color: #000000;\"><span style=\"color: #993300;\">Bras\u00edlia-DF, 2\/12\/16<\/span> &#8211; Engajado na campanha de combate ao mosquito Aedes aegypti, o Minist\u00e9rio da Integra\u00e7\u00e3o Nacional vistoriou nesta sexta-feira (2) todas as instala\u00e7\u00f5es da Pasta e suas vinculadas. Com o objetivo de conscientizar a popula\u00e7\u00e3o e reduzir os focos do mosquito, a a\u00e7\u00e3o contou com a participa\u00e7\u00e3o de agentes da Secretaria Nacional de Prote\u00e7\u00e3o e Defesa Civil (Sedec) e do Corpo de Bombeiros do Distrito Federal. O dia de mobiliza\u00e7\u00e3o nacional tamb\u00e9m foi marcado pela presen\u00e7a do ministro Helder Barbalho em Bel\u00e9m (PA) e em Manaus (AM), onde falou com estudantes e professores sobre a import\u00e2ncia de adotar medidas simples e de rotina para evitar a reprodu\u00e7\u00e3o do Aedes. Em apoio \u00e0s a\u00e7\u00f5es, o presidente da Rep\u00fablica, Michel Temer, participou de videoconfer\u00eancia com cinco estados no Centro Nacional de Gerenciamento de Riscos e Desastres (Cenad), da Sedec.<\/span><\/p>\n<p style=\"text-align: justify;\"><span style=\"color: #000000;\"><em>\u201cO Brasil se mobiliza hoje como fez em 2015, por constatar que n\u00f3s estamos diante de um problema grav\u00edssimo, que n\u00e3o \u00e9 de uma regi\u00e3o, nem de um estado ou munic\u00edpio, mas de uma na\u00e7\u00e3o inteira. O combate ao Aedes precisa ser uma causa pessoal para cada um de n\u00f3s. Os governos federal, estadual e municipal est\u00e3o fazendo sua parte, mas precisamos contar com o engajamento de todos os cidad\u00e3os para eliminar os criadouros e evitar que o mosquito se reproduza. Precisamos vencer essa guerra\u201d<\/em>, destacou Helder Barbalho durante a iniciativa realizada em Bel\u00e9m.<\/span><\/p>\n<p style=\"text-align: justify;\"><span style=\"color: #000000;\">A estudante Roberta Okada, da Escola Militar de Bel\u00e9m, participou da palestra e afirmou que as orienta\u00e7\u00f5es foram fundamentais para que todos possam apoiar essa campanha. <em>\u201c\u00c9 muito importante saber o nosso papel e nos unirmos para que, juntos, possamos lutar e combater o mosquito\u201d<\/em>.<\/span><\/p>\n<p style=\"text-align: justify;\"><span style=\"color: #000000;\">As a\u00e7\u00f5es do Minist\u00e9rio da Integra\u00e7\u00e3o Nacional foram refor\u00e7adas tamb\u00e9m pela presen\u00e7a do presidente da Rep\u00fablica, Michel Temer, no Centro Nacional de Gerenciamento de Riscos e Desastres, onde est\u00e1 instalada a Sala Nacional de Coordena\u00e7\u00e3o e Controle para o Enfrentamento \u00e0 Microcefalia. Durante a visita o presidente participou de videoconfer\u00eancias com representantes dos governos do Rio de Janeiro, Goi\u00e1s, Rio Grande do Norte, Rio Grande do Sul e Roraima. O objetivo foi refor\u00e7ar as orienta\u00e7\u00f5es do Governo Federal para que os cidad\u00e3os pratiquem vistorias semanais, garantindo que o mosquito n\u00e3o complete seu ciclo de reprodu\u00e7\u00e3o.<em> \u201cA inten\u00e7\u00e3o com esta s\u00e9rie de a\u00e7\u00f5es em todo o Brasil \u00e9 que logo ap\u00f3s o per\u00edodo de chuvas possamos obter \u00eaxito e reduzir consideravelmente o n\u00famero de casos das doen\u00e7as transmitidas pelo mosquito Aedes aegypti\u201d<\/em>, afirmou o presidente Temer.<\/span><\/p>\n<p style=\"text-align: justify;\"><span style=\"color: #000000;\">O mutir\u00e3o desta sexta-feira marca o in\u00edcio das a\u00e7\u00f5es de mobiliza\u00e7\u00e3o integradas e simult\u00e2neas, em todas as capitais do pa\u00eds, numa articula\u00e7\u00e3o com prefeituras, governos estaduais e popula\u00e7\u00e3o. Durante todo o dia, ministros de Estado, militares das For\u00e7as Armadas, agentes de sa\u00fade e de defesa civil visitaram resid\u00eancias, escolas, \u00f3rg\u00e3os p\u00fablicos, canteiros de obras e outros locais para conscientizar a popula\u00e7\u00e3o sobre a import\u00e2ncia do engajamento de todos na luta contra o mosquito transmissor da dengue, v\u00edrus Zika e febre chikungunya.<\/span><\/p>\n<p style=\"text-align: justify;\"><span style=\"color: #000000;\"><em>\u201cA partir desta nova rodada da campanha e da necessidade de cada estado estamos disponibilizando o apoio federal e o auxilio necess\u00e1rio para que cada regi\u00e3o possa enfrentar o vetor e reduzir o n\u00famero de casos das doen\u00e7as\u201d<\/em>, afirmou o ministro Helder Barbalho durante sua palestra em Manaus.\u00a0<\/span><\/p>\n<p style=\"text-align: justify;\"><strong><span style=\"color: #000000;\">Iniciativas para evitar a prolifera\u00e7\u00e3o do mosquito<\/span><\/strong><\/p>\n<p style=\"text-align: justify;\"><span style=\"color: #000000;\">Para erradicar o Aedes aegypti e os criadouros do mosquito \u00e9 necess\u00e1rio adotar uma rotina com medidas simples, como eliminar recipientes que possam acumular \u00e1gua parada e dedicar um tempo para realiza\u00e7\u00e3o de vistorias.\u00a0 Cerca de 15 minutos por semana s\u00e3o suficientes para manter o ambiente limpo e ficar longe dos perigos do Aedes, j\u00e1 que o mosquito demora de 7 a 10 dias para se desenvolver totalmente na \u00e1gua parada.<\/span><\/p>\n","protected":false},"excerpt":{"rendered":"<p>As a\u00e7\u00f5es, que integram o Dia Nacional de Combate ao Mosquito, contaram com palestras do ministro Helder Barbalho em escolas do norte do pa\u00eds e vistoria nas instala\u00e7\u00f5es do Minist\u00e9rio Bras\u00edlia-DF, 2\/12\/16 &#8211; Engajado na campanha de combate ao mosquito Aedes aegypti, o Minist\u00e9rio da Integra\u00e7\u00e3o Nacional vistoriou nesta sexta-feira (2) todas as instala\u00e7\u00f5es da [&hellip;]<\/p>\n","protected":false},"author":1,"featured_media":0,"comment_status":"open","ping_status":"open","sticky":false,"template":"","format":"standard","meta":{"_uag_custom_page_level_css":"","footnotes":""},"categories":[27],"tags":[2126,3627,4891,5515,7157,7755,10375,10383,10386,10693,12432],"class_list":["post-4435","post","type-post","status-publish","format-standard","hentry","category-acontece","tag-centro-nacional-de-gerenciamento-de-riscos-e-desastres-cenad","tag-dia-nacional-de-combate-ao-mosquito","tag-febre-chikungunya","tag-goias","tag-manaus-amazonia","tag-ministro-helder-barbalho","tag-rio-de-janeiro","tag-rio-grande-do-norte","tag-rio-grande-do-sul-e-roraima","tag-saude","tag-virus-zika"],"blocksy_meta":[],"spectra_blocks_featured_image_url":null,"spectra_blocks_author_info":{"display_name":"Jornal da Constru\u00e7\u00e3o Civil","avatar_url":"https:\/\/secure.gravatar.com\/avatar\/973c9774fd44ddaceb026973c4962faa70fc512bc4c9da68e8ebb40fecee6540?s=96&d=mm&r=g","author_link":"https:\/\/construcaocivil.siriusmarketingedesign.com.br\/?author=1","description":"Desde de 2013, levando muitas informa\u00e7\u00f5es, lan\u00e7amentos e produtos de qualidade para toda cadeia produtiva da constru\u00e7\u00e3o. O Futuro da constru\u00e7\u00e3o passa por aqui,"},"uagb_featured_image_src":{"full":false,"thumbnail":false,"medium":false,"medium_large":false,"large":false,"1536x1536":false,"2048x2048":false},"uagb_author_info":{"display_name":"Jornal da Constru\u00e7\u00e3o Civil","author_link":"https:\/\/construcaocivil.siriusmarketingedesign.com.br\/?author=1"},"uagb_comment_info":0,"uagb_excerpt":"As a\u00e7\u00f5es, que integram o Dia Nacional de Combate ao Mosquito, contaram com palestras do ministro Helder Barbalho em escolas do norte do pa\u00eds e vistoria nas instala\u00e7\u00f5es do Minist\u00e9rio Bras\u00edlia-DF, 2\/12\/16 &#8211; Engajado na campanha de combate ao mosquito Aedes aegypti, o Minist\u00e9rio da Integra\u00e7\u00e3o Nacional vistoriou nesta sexta-feira (2) todas as instala\u00e7\u00f5es da&hellip;","_links":{"self":[{"href":"https:\/\/construcaocivil.siriusmarketingedesign.com.br\/index.php?rest_route=\/wp\/v2\/posts\/4435","targetHints":{"allow":["GET"]}}],"collection":[{"href":"https:\/\/construcaocivil.siriusmarketingedesign.com.br\/index.php?rest_route=\/wp\/v2\/posts"}],"about":[{"href":"https:\/\/construcaocivil.siriusmarketingedesign.com.br\/index.php?rest_route=\/wp\/v2\/types\/post"}],"author":[{"embeddable":true,"href":"https:\/\/construcaocivil.siriusmarketingedesign.com.br\/index.php?rest_route=\/wp\/v2\/users\/1"}],"replies":[{"embeddable":true,"href":"https:\/\/construcaocivil.siriusmarketingedesign.com.br\/index.php?rest_route=%2Fwp%2Fv2%2Fcomments&post=4435"}],"version-history":[{"count":0,"href":"https:\/\/construcaocivil.siriusmarketingedesign.com.br\/index.php?rest_route=\/wp\/v2\/posts\/4435\/revisions"}],"wp:attachment":[{"href":"https:\/\/construcaocivil.siriusmarketingedesign.com.br\/index.php?rest_route=%2Fwp%2Fv2%2Fmedia&parent=4435"}],"wp:term":[{"taxonomy":"category","embeddable":true,"href":"https:\/\/construcaocivil.siriusmarketingedesign.com.br\/index.php?rest_route=%2Fwp%2Fv2%2Fcategories&post=4435"},{"taxonomy":"post_tag","embeddable":true,"href":"https:\/\/construcaocivil.siriusmarketingedesign.com.br\/index.php?rest_route=%2Fwp%2Fv2%2Ftags&post=4435"}],"curies":[{"name":"wp","href":"https:\/\/api.w.org\/{rel}","templated":true}]}}