{"id":4438,"date":"2016-12-03T14:07:03","date_gmt":"2016-12-03T17:07:03","guid":{"rendered":"http:\/\/www.jornaldaconstrucaocivil.com.br\/?p=4438"},"modified":"2016-12-03T14:07:03","modified_gmt":"2016-12-03T17:07:03","slug":"forum-do-desenvolvimento-colocou-em-debate-condicoes-para-a-retomada-do-crescimento","status":"publish","type":"post","link":"https:\/\/construcaocivil.siriusmarketingedesign.com.br\/?p=4438","title":{"rendered":"F\u00f3rum do Desenvolvimento colocou em debate  condi\u00e7\u00f5es para a retomada do crescimento"},"content":{"rendered":"<p style=\"text-align: justify;\"><span style=\"color: #000080;\"><strong>Situa\u00e7\u00e3o das contas p\u00fablicas, estabilidade econ\u00f4mica e efeitos da globaliza\u00e7\u00e3o foram alguns dos temas em an\u00e1lise<\/strong><\/span><\/p>\n<p style=\"text-align: justify;\"><span style=\"color: #000000;\"><span style=\"color: #993300;\">Rio, Dezembro, 2016<\/span> &#8211; A recupera\u00e7\u00e3o da economia brasileira e o papel do Sistema Nacional de Fomento (SNF) no desenvolvimento do pa\u00eds foram o eixo central dos debates ocorridos na sexta-feira (02\/12) no F\u00f3rum do Desenvolvimento.<\/span><\/p>\n<p style=\"text-align: justify;\"><span style=\"color: #000000;\">O evento, organizado no Rio de Janeiro pela Associa\u00e7\u00e3o Brasileira de Desenvolvimento (ABDE) com o apoio do Banco Interamericano de Desenvolvimento (BID) e patroc\u00ednio do Sebrae Rio, reuniu especialistas em economia brasileira, contas p\u00fablicas, sistema financeiro e setor produtivo.<\/span><\/p>\n<p style=\"text-align: justify;\"><span style=\"color: #000000;\">A ABDE re\u00fane bancos p\u00fablicos federais, bancos de desenvolvimento controlados por unidades da Federa\u00e7\u00e3o, bancos cooperativos, bancos p\u00fablicos comerciais estaduais com carteira de desenvolvimento, ag\u00eancias de fomento, al\u00e9m do Sebrae e da Finep.\u00a0<\/span><span style=\"color: #000000;\">Juntas, essas institui\u00e7\u00f5es comp\u00f5em o Sistema Nacional de Fomento (SNF). A ABDE define estrat\u00e9gias e executa a\u00e7\u00f5es indutoras do SNF, tendo como meta o aprimoramento da atua\u00e7\u00e3o de seus associados a fim de que essas institui\u00e7\u00f5es financiem com efici\u00eancia o desenvolvimento brasileiro.<\/span><\/p>\n<p><span style=\"color: #000000;\"><strong>Contas p\u00fablicas<\/strong> &#8211; Presente ao evento, o economista Jan Kregel, diretor de pesquisa do Levy Economics Institute e especialista em pol\u00edtica monet\u00e1ria e pol\u00edtica econ\u00f4mica, avaliou que a volta do crescimento vir\u00e1 com medidas que estimulem o emprego e a renda, impulsionando o desenvolvimento.<\/span><\/p>\n<p style=\"text-align: justify;\"><span style=\"color: #000080;\">&#8220;No per\u00edodo de crise, em que h\u00e1 defici\u00eancia de demanda, o governo n\u00e3o deveria agir de forma pr\u00f3-c\u00edclica.\u201d<\/span><\/p>\n<p style=\"text-align: justify;\"><span style=\"color: #000000;\">O economista do Banco Nacional de Desenvolvimento Econ\u00f4mico e Social (BNDES) da \u00e1rea de Planejamento e Pesquisa, F\u00e1bio Giambiagi, defendeu, por sua vez, as medidas de ajuste implementadas pelo governo federal, mas afirmou que a recupera\u00e7\u00e3o da economia ser\u00e1 mais lenta.<\/span><\/p>\n<p style=\"text-align: justify;\"><span style=\"color: #000000;\">Isso porque, segundo ele, diante da conjuntura pol\u00edtica v\u00e1rias medidas importantes ter\u00e3o que ser tomadas apenas pelo pr\u00f3ximo governo, a partir de 2019. Ele reafirmou a necessidade de serem realizadas reformas, principalmente por conta das despesas prim\u00e1rias do governo que crescem ano ap\u00f3s ano, em um ritmo intenso.<\/span><\/p>\n<p style=\"text-align: justify;\"><span style=\"color: #000000;\">&#8220;Estamos h\u00e1 trinta anos promovendo um exerc\u00edcio de autoengano, acreditando que os gastos podem aumentar sem maiores consequ\u00eancias. H\u00e1 riscos muito concretos, que podem ocorre se n\u00e3o invertermos essa l\u00f3gica&#8221;<\/span><\/p>\n<p style=\"text-align: justify;\"><span style=\"color: #000000;\"><strong>Estabilidade<\/strong> &#8211; No painel &#8220;Qual desenvolvimento queremos?&#8221;, o professor do Hobart and William Smith College, Felipe Rezende, comentou que n\u00e3o se pode dissociar desenvolvimento de estabilidade econ\u00f4mica.<\/span><br \/>\n<span style=\"color: #000000;\"><span style=\"color: #000080;\">&#8220;O banco p\u00fablico de desenvolvimento \u00e9 uma das solu\u00e7\u00f5es para reconciliar o desenvolvimento do pa\u00eds com o equil\u00edbrio econ\u00f4mico&#8221;<\/span>, explicou Rezende.<\/span><br \/>\n<span style=\"color: #000000;\">Ao abordar a tem\u00e1tica do desenvolvimento, o professor da FGV, Nelson Marconi, considerou que a situa\u00e7\u00e3o das contas p\u00fablicas \u00e9 preocupante, sendo a Previd\u00eancia o maior problema.<\/span><br \/>\n<span style=\"color: #000000;\">&#8220;Se o Brasil conseguir aumentar o investimento p\u00fablico, \u00e9 muito poss\u00edvel que volte a se desenvolver&#8221;, avaliou Marconi.<\/span><br \/>\n<span style=\"color: #000000;\">Em sua apresenta\u00e7\u00e3o, o presidente do BDMG, Marco Crocco, voltou no tempo propondo a an\u00e1lise do \u00faltimo modelo de desenvolvimento que o mundo adotou na d\u00e9cada de 1980: o da globaliza\u00e7\u00e3o.<\/span><br \/>\n<span style=\"color: #000000;\">Crocco mostrou que at\u00e9 2008, o que se constatou foi o aumento da desigualdade social no planeta e que isso agora \u00e9 tema de discuss\u00e3o nos pa\u00edses desenvolvidos, tamb\u00e9m muito afetados.<\/span><br \/>\n<span style=\"color: #000000;\">&#8220;O que se analisa \u00e9 que a globaliza\u00e7\u00e3o parece ser incompat\u00edvel com a democracia, pois sofre de fraca governan\u00e7a. N\u00e3o h\u00e1 solu\u00e7\u00e3o sem inclus\u00e3o social&#8221;, ponderou, Crocco.<\/span><\/p>\n<p><span style=\"color: #000000;\"><strong>Premia\u00e7\u00e3o<\/strong> &#8211; O F\u00f3rum do Desenvolvimento foi encerrado com a divulga\u00e7\u00e3o dos vencedores do Pr\u00eamio ABDE-BID de Monografia. Em sua terceira edi\u00e7\u00e3o, o pr\u00eamio incentiva trabalhos acad\u00eamicos dedicados aos temas do fomento e do desenvolvimento.<\/span><br \/>\n<span style=\"color: #000000;\">Os principais trabalhos vencedores foram \u201cConflitos entre pol\u00edticas p\u00fablicas e (falta de) coordena\u00e7\u00e3o de a\u00e7\u00f5es estatais: uma an\u00e1lise emp\u00edrica da presen\u00e7a do BNDESPAR e da atua\u00e7\u00e3o do Cade em fus\u00f5es e aquisi\u00e7\u00f5es no Brasil\u201d, de autoria de Marcio Moran, Anju Seth e Jos\u00e9 Antonio Ziebarth, na categoria \u201cDesenvolvimento em debate\u201d.<\/span><\/p>\n<p style=\"text-align: justify;\"><span style=\"color: #000000;\">Na categoria \u201cFinanciamento: desafios e solu\u00e7\u00f5es\u201d o primeiro lugar ficou com o trabalho \u201cFinanciamento a empreendimentos de baixa renda e a busca pela efetividade na inclus\u00e3o produtiva\u201d, escrita por Leonardo de Moura Perdig\u00e3o Pamplona (BNDES).<\/span><\/p>\n<p style=\"text-align: justify;\"><span style=\"color: #000000;\">Sobre a <strong><span style=\"color: #000080;\">ABDE \u2013 A Associa\u00e7\u00e3o Brasileira de Desenvolvimento<\/span><\/strong> re\u00fane bancos p\u00fablicos federais, bancos de desenvolvimento controlados por unidades da Federa\u00e7\u00e3o, bancos cooperativos, bancos p\u00fablicos comerciais estaduais com carteira de desenvolvimento, ag\u00eancias de fomento, al\u00e9m do Sebrae e da Finep. Essas institui\u00e7\u00f5es comp\u00f5em o Sistema Nacional de Fomento (SNF). A ABDE define estrat\u00e9gias e executa a\u00e7\u00f5es indutoras do SNF, tendo como meta o aprimoramento da atua\u00e7\u00e3o de seus associados a fim de que essas institui\u00e7\u00f5es financiem com efici\u00eancia o desenvolvimento brasileiro.<\/span><\/p>\n<p style=\"text-align: justify;\"><span style=\"color: #000000;\">Sobre o <strong><span style=\"color: #000080;\">BID &#8211; O Banco Interamericano de Desenvolvimento (BID)<\/span><\/strong> \u00e9 a mais importante fonte de financiamento para o desenvolvimento e assist\u00eancia t\u00e9cnica para Am\u00e9rica Latina e Caribe. O banco procura melhorar as condi\u00e7\u00f5es de vida dos habitantes da regi\u00e3o, associando-se a seus pa\u00edses membros a fim de contribuir para a aplica\u00e7\u00e3o de novas solu\u00e7\u00f5es para os problemas de desenvolvimento.<\/span><\/p>\n","protected":false},"excerpt":{"rendered":"<p>Situa\u00e7\u00e3o das contas p\u00fablicas, estabilidade econ\u00f4mica e efeitos da globaliza\u00e7\u00e3o foram alguns dos temas em an\u00e1lise Rio, Dezembro, 2016 &#8211; A recupera\u00e7\u00e3o da economia brasileira e o papel do Sistema Nacional de Fomento (SNF) no desenvolvimento do pa\u00eds foram o eixo central dos debates ocorridos na sexta-feira (02\/12) no F\u00f3rum do Desenvolvimento. O evento, organizado [&hellip;]<\/p>\n","protected":false},"author":1,"featured_media":0,"comment_status":"open","ping_status":"open","sticky":false,"template":"","format":"standard","meta":{"_uag_custom_page_level_css":"","footnotes":""},"categories":[27],"tags":[1269,1464,3168,5084,5576,6847,7470],"class_list":["post-4438","post","type-post","status-publish","format-standard","hentry","category-acontece","tag-bancos-mundiais","tag-bndes","tag-crescimento-economico","tag-financiamento-publico","tag-governos","tag-levy-economics-institute","tag-mercado"],"blocksy_meta":[],"spectra_blocks_featured_image_url":null,"spectra_blocks_author_info":{"display_name":"Jornal da Constru\u00e7\u00e3o Civil","avatar_url":"https:\/\/secure.gravatar.com\/avatar\/973c9774fd44ddaceb026973c4962faa70fc512bc4c9da68e8ebb40fecee6540?s=96&d=mm&r=g","author_link":"https:\/\/construcaocivil.siriusmarketingedesign.com.br\/?author=1","description":"Desde de 2013, levando muitas informa\u00e7\u00f5es, lan\u00e7amentos e produtos de qualidade para toda cadeia produtiva da constru\u00e7\u00e3o. O Futuro da constru\u00e7\u00e3o passa por aqui,"},"uagb_featured_image_src":{"full":false,"thumbnail":false,"medium":false,"medium_large":false,"large":false,"1536x1536":false,"2048x2048":false},"uagb_author_info":{"display_name":"Jornal da Constru\u00e7\u00e3o Civil","author_link":"https:\/\/construcaocivil.siriusmarketingedesign.com.br\/?author=1"},"uagb_comment_info":0,"uagb_excerpt":"Situa\u00e7\u00e3o das contas p\u00fablicas, estabilidade econ\u00f4mica e efeitos da globaliza\u00e7\u00e3o foram alguns dos temas em an\u00e1lise Rio, Dezembro, 2016 &#8211; A recupera\u00e7\u00e3o da economia brasileira e o papel do Sistema Nacional de Fomento (SNF) no desenvolvimento do pa\u00eds foram o eixo central dos debates ocorridos na sexta-feira (02\/12) no F\u00f3rum do Desenvolvimento. O evento, organizado&hellip;","_links":{"self":[{"href":"https:\/\/construcaocivil.siriusmarketingedesign.com.br\/index.php?rest_route=\/wp\/v2\/posts\/4438","targetHints":{"allow":["GET"]}}],"collection":[{"href":"https:\/\/construcaocivil.siriusmarketingedesign.com.br\/index.php?rest_route=\/wp\/v2\/posts"}],"about":[{"href":"https:\/\/construcaocivil.siriusmarketingedesign.com.br\/index.php?rest_route=\/wp\/v2\/types\/post"}],"author":[{"embeddable":true,"href":"https:\/\/construcaocivil.siriusmarketingedesign.com.br\/index.php?rest_route=\/wp\/v2\/users\/1"}],"replies":[{"embeddable":true,"href":"https:\/\/construcaocivil.siriusmarketingedesign.com.br\/index.php?rest_route=%2Fwp%2Fv2%2Fcomments&post=4438"}],"version-history":[{"count":0,"href":"https:\/\/construcaocivil.siriusmarketingedesign.com.br\/index.php?rest_route=\/wp\/v2\/posts\/4438\/revisions"}],"wp:attachment":[{"href":"https:\/\/construcaocivil.siriusmarketingedesign.com.br\/index.php?rest_route=%2Fwp%2Fv2%2Fmedia&parent=4438"}],"wp:term":[{"taxonomy":"category","embeddable":true,"href":"https:\/\/construcaocivil.siriusmarketingedesign.com.br\/index.php?rest_route=%2Fwp%2Fv2%2Fcategories&post=4438"},{"taxonomy":"post_tag","embeddable":true,"href":"https:\/\/construcaocivil.siriusmarketingedesign.com.br\/index.php?rest_route=%2Fwp%2Fv2%2Ftags&post=4438"}],"curies":[{"name":"wp","href":"https:\/\/api.w.org\/{rel}","templated":true}]}}