{"id":4445,"date":"2016-12-05T12:23:53","date_gmt":"2016-12-05T15:23:53","guid":{"rendered":"http:\/\/www.jornaldaconstrucaocivil.com.br\/?p=4445"},"modified":"2016-12-05T12:23:53","modified_gmt":"2016-12-05T15:23:53","slug":"aumento-do-valor-financiado-pelo-fgts-pode-estimular-retomada-do-mercado-imobiliario","status":"publish","type":"post","link":"https:\/\/construcaocivil.siriusmarketingedesign.com.br\/?p=4445","title":{"rendered":"Aumento do valor financiado pelo FGTS pode estimular retomada do mercado Imobili\u00e1rio"},"content":{"rendered":"<figure id=\"attachment_4446\" aria-describedby=\"caption-attachment-4446\" style=\"width: 339px\" class=\"wp-caption alignleft\"><a href=\"http:\/\/www.jornaldaconstrucaocivil.com.br\/wp-content\/uploads\/2016\/12\/CBIC.jpg\"><img loading=\"lazy\" decoding=\"async\" class=\"wp-image-4446\" src=\"http:\/\/www.jornaldaconstrucaocivil.com.br\/wp-content\/uploads\/2016\/12\/CBIC.jpg\" alt=\"cbic\" width=\"339\" height=\"225\" \/><\/a><figcaption id=\"caption-attachment-4446\" class=\"wp-caption-text\"><span style=\"color: #993300;\">Mercado Imobili\u00e1rio na espera de sair do sufoco. CBIC<\/span><\/figcaption><\/figure>\n<p style=\"text-align: justify;\"><span style=\"color: #993300;\">Dezembro, 2016 &#8211;<\/span><span style=\"color: #000000;\"> A eleva\u00e7\u00e3o do teto do valor do im\u00f3vel financiado com recursos do Fundo de Garantia por Tempo de Servi\u00e7o (FGTS) e o ajuste para que todos os financiamentos pelo Sistema Financeiro da Habita\u00e7\u00e3o (SFH) incorporem a amortiza\u00e7\u00e3o dos juros e corre\u00e7\u00e3o, de forma a n\u00e3o aumentar o saldo devedor ao longo do financiamento; pode ajudar, na expectativa do setor da constru\u00e7\u00e3o, a reduzir a devolu\u00e7\u00e3o de im\u00f3veis comprados na planta. A eleva\u00e7\u00e3o do limite do teto anunciada pelo Conselho Monet\u00e1rio Nacional (CMN) na semana passada atende \u00e0 demanda antiga do segmento da constru\u00e7\u00e3o.<em> \u201c\u00c9 um sinal importante da sensibilidade do governo federal para a import\u00e2ncia do mercado imobili\u00e1rio, cujo reaquecimento pode trazer impacto positivo para a economia e a gera\u00e7\u00e3o de emprego\u201d<\/em>, avalia Jos\u00e9 Carlos Martins, presidente da CBIC.<\/span><\/p>\n<p style=\"text-align: justify;\"><span style=\"color: #000080;\">Fonte: Boletim CBIC\u00a0<\/span><\/p>\n","protected":false},"excerpt":{"rendered":"<p>Dezembro, 2016 &#8211; A eleva\u00e7\u00e3o do teto do valor do im\u00f3vel financiado com recursos do Fundo de Garantia por Tempo de Servi\u00e7o (FGTS) e o ajuste para que todos os financiamentos pelo Sistema Financeiro da Habita\u00e7\u00e3o (SFH) incorporem a amortiza\u00e7\u00e3o dos juros e corre\u00e7\u00e3o, de forma a n\u00e3o aumentar o saldo devedor ao longo do [&hellip;]<\/p>\n","protected":false},"author":1,"featured_media":0,"comment_status":"open","ping_status":"open","sticky":false,"template":"","format":"standard","meta":{"_uag_custom_page_level_css":"","footnotes":""},"categories":[30],"tags":[1967,2790,5020,5921,7563,10988,12320],"class_list":["post-4445","post","type-post","status-publish","format-standard","hentry","category-imoveis","tag-casas-e-apartamentos","tag-conselho-monetario-nacional-cmn","tag-fgts","tag-imoveis","tag-mercado-imobiliario","tag-setor-da-construcao-civil","tag-vendas-e-compras"],"blocksy_meta":[],"spectra_blocks_featured_image_url":null,"spectra_blocks_author_info":{"display_name":"Jornal da Constru\u00e7\u00e3o Civil","avatar_url":"https:\/\/secure.gravatar.com\/avatar\/973c9774fd44ddaceb026973c4962faa70fc512bc4c9da68e8ebb40fecee6540?s=96&d=mm&r=g","author_link":"https:\/\/construcaocivil.siriusmarketingedesign.com.br\/?author=1","description":"Desde de 2013, levando muitas informa\u00e7\u00f5es, lan\u00e7amentos e produtos de qualidade para toda cadeia produtiva da constru\u00e7\u00e3o. O Futuro da constru\u00e7\u00e3o passa por aqui,"},"uagb_featured_image_src":{"full":false,"thumbnail":false,"medium":false,"medium_large":false,"large":false,"1536x1536":false,"2048x2048":false},"uagb_author_info":{"display_name":"Jornal da Constru\u00e7\u00e3o Civil","author_link":"https:\/\/construcaocivil.siriusmarketingedesign.com.br\/?author=1"},"uagb_comment_info":0,"uagb_excerpt":"Dezembro, 2016 &#8211; A eleva\u00e7\u00e3o do teto do valor do im\u00f3vel financiado com recursos do Fundo de Garantia por Tempo de Servi\u00e7o (FGTS) e o ajuste para que todos os financiamentos pelo Sistema Financeiro da Habita\u00e7\u00e3o (SFH) incorporem a amortiza\u00e7\u00e3o dos juros e corre\u00e7\u00e3o, de forma a n\u00e3o aumentar o saldo devedor ao longo do&hellip;","_links":{"self":[{"href":"https:\/\/construcaocivil.siriusmarketingedesign.com.br\/index.php?rest_route=\/wp\/v2\/posts\/4445","targetHints":{"allow":["GET"]}}],"collection":[{"href":"https:\/\/construcaocivil.siriusmarketingedesign.com.br\/index.php?rest_route=\/wp\/v2\/posts"}],"about":[{"href":"https:\/\/construcaocivil.siriusmarketingedesign.com.br\/index.php?rest_route=\/wp\/v2\/types\/post"}],"author":[{"embeddable":true,"href":"https:\/\/construcaocivil.siriusmarketingedesign.com.br\/index.php?rest_route=\/wp\/v2\/users\/1"}],"replies":[{"embeddable":true,"href":"https:\/\/construcaocivil.siriusmarketingedesign.com.br\/index.php?rest_route=%2Fwp%2Fv2%2Fcomments&post=4445"}],"version-history":[{"count":0,"href":"https:\/\/construcaocivil.siriusmarketingedesign.com.br\/index.php?rest_route=\/wp\/v2\/posts\/4445\/revisions"}],"wp:attachment":[{"href":"https:\/\/construcaocivil.siriusmarketingedesign.com.br\/index.php?rest_route=%2Fwp%2Fv2%2Fmedia&parent=4445"}],"wp:term":[{"taxonomy":"category","embeddable":true,"href":"https:\/\/construcaocivil.siriusmarketingedesign.com.br\/index.php?rest_route=%2Fwp%2Fv2%2Fcategories&post=4445"},{"taxonomy":"post_tag","embeddable":true,"href":"https:\/\/construcaocivil.siriusmarketingedesign.com.br\/index.php?rest_route=%2Fwp%2Fv2%2Ftags&post=4445"}],"curies":[{"name":"wp","href":"https:\/\/api.w.org\/{rel}","templated":true}]}}