{"id":445,"date":"2015-11-20T03:45:55","date_gmt":"2015-11-20T03:45:55","guid":{"rendered":"http:\/\/www.jornaldaconstrucaocivil.com.br\/?p=445"},"modified":"2015-11-20T03:45:55","modified_gmt":"2015-11-20T03:45:55","slug":"moradias-populares-de-itaborai-terao-acessibilidade","status":"publish","type":"post","link":"https:\/\/construcaocivil.siriusmarketingedesign.com.br\/?p=445","title":{"rendered":"Moradias populares de Itabora\u00ed ter\u00e3o acessibilidade"},"content":{"rendered":"<p><span style=\"color: #000000;\"><strong><i>Minha Casa, Minha Vida\u00a0 ter\u00e1 150 unidades adaptada para pessoas com defici\u00eancia<\/i><\/strong><\/span><\/p>\n<p><span style=\"color: #000000;\">Das 3 mil moradias populares em constru\u00e7\u00e3o no Bairro Esperan\u00e7a (antiga Reta), em Itabora\u00ed, pelo menos 150 est\u00e3o sendo totalmente adaptadas para pessoas com defici\u00eancia. <\/span><\/p>\n<figure id=\"attachment_446\" aria-describedby=\"caption-attachment-446\" style=\"width: 227px\" class=\"wp-caption alignleft\"><a href=\"http:\/\/www.jornaldaconstrucaocivil.com.br\/wp-content\/uploads\/2015\/11\/ITABORAI-CASA.jpg\"><img loading=\"lazy\" decoding=\"async\" class=\"wp-image-446\" src=\"http:\/\/www.jornaldaconstrucaocivil.com.br\/wp-content\/uploads\/2015\/11\/ITABORAI-CASA-300x200.jpg\" alt=\"ITABORAI - CASA\" width=\"227\" height=\"151\" \/><\/a><figcaption id=\"caption-attachment-446\" class=\"wp-caption-text\"><span style=\"color: #0000ff;\">Obras de constru\u00e7\u00e3o Minha Casa Minha Vida da Reta. Foto: Sandro Giron<\/span><\/figcaption><\/figure>\n<p><span style=\"color: #000000;\">A\u00a0constru\u00e7\u00e3o, realizada com verbas do programa Minha Casa, Minha Vida, tem\u00a0previs\u00e3o de conclus\u00e3o para o segundo semestre de 2016. Nesta semana, uma equipe da Secretaria Municipal de Habita\u00e7\u00e3o e Pol\u00edticas Sociais fez uma vistoria t\u00e9cnica em alguns dos im\u00f3veis adaptados do Residencial Viver Melhor Itabora\u00ed, que come\u00e7ou a ser erguido no in\u00edcio de 2013.<\/span><\/p>\n<p><span style=\"color: #000000;\">Al\u00e9m de rampas de acesso, todas as portas e passagens de um c\u00f4modo para outro de cada apartamento est\u00e3o sendo constru\u00eddas com 90 cent\u00edmetros de largura, 20 cent\u00edmetros a mais que o convencional. O rol de entrada e os corredores dos blocos ter\u00e3o pisos antiderrapantes e placas podo t\u00e1til (para deficientes visuais). Nos banheiros ser\u00e3o instalados bancos articulados nos boxes, barras laterais de apoio para uso do sanit\u00e1rio e uma \u00e1rea suficiente para manobras dos cadeirantes, entre outras adapta\u00e7\u00f5es. Ao todo, o empreendimento tem 150 blocos com cinco andares cada.<\/span><\/p>\n<figure id=\"attachment_447\" aria-describedby=\"caption-attachment-447\" style=\"width: 300px\" class=\"wp-caption alignright\"><a href=\"http:\/\/www.jornaldaconstrucaocivil.com.br\/wp-content\/uploads\/2015\/11\/Vistoria.jpg\"><img loading=\"lazy\" decoding=\"async\" class=\"wp-image-447 size-medium\" src=\"http:\/\/www.jornaldaconstrucaocivil.com.br\/wp-content\/uploads\/2015\/11\/Vistoria-300x200.jpg\" alt=\"Vistoria\" width=\"300\" height=\"200\" \/><\/a><figcaption id=\"caption-attachment-447\" class=\"wp-caption-text\"><span style=\"color: #0000ff;\">Equipe da secretaria de Habita\u00e7\u00e3o e Engenheiros fizeram vistoria nos apartamentos do MCMV da Reta. Foto: Sandro Giron<\/span><\/figcaption><\/figure>\n<p><span style=\"color: #000000;\"><em>\u201cTodo apartamento de n\u00famero 103 de cada bloco ser\u00e1 adaptado, num total de 150 im\u00f3veis. No entanto, as quatro unidades do andar t\u00e9rreo de cada bloco ter\u00e3o estrutura com possibilidade de acrescentar os itens de acessibilidade, principalmente nos banheiros. Ao todo, s\u00e3o 600 im\u00f3veis com possibilidade de adapta\u00e7\u00e3o futura\u201d<\/em>, ressalta Walmir Valle, coordenador do cadastramento da Secretaria Municipal de Habita\u00e7\u00e3o e Pol\u00edticas Sociais de Itabora\u00ed.\u00a0<\/span><\/p>\n<p><span style=\"color: #000000;\">Morando de aluguel no bairro Santo Expedito, o cadeirante Jorge Martins, de 45 anos, \u00e9 candidato a um dos apartamentos. Ele esteve recentemente na Secretaria Municipal de Habita\u00e7\u00e3o para atualizar seu cadastro.<\/span><\/p>\n<p><span style=\"color: #000000;\"><em>\u201cN\u00e3o vejo a hora de poder entrar na minha pr\u00f3pria casa e poder parar de pagar aluguel. Moro sozinho e vivo apenas da pens\u00e3o por morte de meu pai\u201d<\/em>, diz Martins.\u00a0<\/span><\/p>\n<p><span style=\"color: #000000;\">Segundo o \u00a0secret\u00e1rio municipal de Habita\u00e7\u00e3o e Pol\u00edticas Sociais de Itabora\u00ed, Wolney Trindade, 300 im\u00f3veis n\u00e3o entrar\u00e3o no sorteio, j\u00e1 que ser\u00e3o destinados \u00e0queles que perderam casas em enchentes e em desabamentos, e que hoje recebem aluguel social, al\u00e9m das pessoas que residem em \u00e1reas de risco, catadores de lixo e idosos (mulheres com mais de 60 anos e homens com mais de 70).<\/span><\/p>\n<p><span style=\"color: #000000;\"><em>\u201cEstes grupos de pessoas ter\u00e3o prioridade na ocupa\u00e7\u00e3o dos apartamentos. Em rela\u00e7\u00e3o ao sorteio, aqueles que n\u00e3o forem contemplados n\u00e3o devem desanimar, pois j\u00e1 estar\u00e3o inscritos para um novo programa do Minha Casa, Minha Vida que estamos pleiteando junto ao governo federal, com mais 1.200 moradias\u201d<\/em>, destaca Wolney Trindade.<\/span><\/p>\n<p><span style=\"color: #000000;\"><strong>Presta\u00e7\u00e3o de at\u00e9 R$ 85<\/strong><\/span><\/p>\n<p><span style=\"color: #000000;\">Al\u00e9m das moradias, o projeto inclui a constru\u00e7\u00e3o de duas escolas de Ensino Fundamental, duas creches, uma pr\u00e9-escola, 12 quadras poliesportivas, dez centros comunit\u00e1rios, dois campos de futebol so\u00e7aite, um posto de sa\u00fade e um posto policial. Est\u00e1 programado ainda uma Esta\u00e7\u00e3o de Tratamento de Esgoto (ETE) e uma Esta\u00e7\u00e3o de Tratamento de \u00c1gua (ETA). O beneficiado pagar\u00e1 uma presta\u00e7\u00e3o mensal que varia entre R$ 25 e R$ 85 para adquiri um im\u00f3vel avaliado em R$ 70 mil. Todos os inscritos t\u00eam renda familiar m\u00e1xima de tr\u00eas sal\u00e1rios m\u00ednimos.<\/span><\/p>\n<p><span style=\"color: #000000;\"><strong>Cerca de 35% de obra pronta<\/strong><\/span><\/p>\n<p><span style=\"color: #000000;\">Maior empreendimento do Programa Minha Casa, Minha Vida no Estado do Rio em n\u00famero de habita\u00e7\u00f5es, o Residencial Viver Melhor Itabora\u00ed come\u00e7ou a ser erguido durante a gest\u00e3o do prefeito Helil Cardozo. Previsto para ser entregue no segundo semestre de 2016, o empreendimento, est\u00e1 com 35% da obra pronta.\u00a0<\/span><\/p>\n<p><span style=\"color: #000000;\"><em>\u201cJ\u00e1 s\u00e3o 1.108 unidades concretadas, com um total de 52 blocos erguidos\u201d<\/em>, afirma Sarah Ramalho, engenheira de acabamento da Construtora Direcional, respons\u00e1vel pela constru\u00e7\u00e3o.<\/span><\/p>\n<p><span style=\"color: #800080;\">Fonte: Ascom\/Prefeitura de Itabora\u00ed-RJ<\/span><\/p>\n","protected":false},"excerpt":{"rendered":"<p>Minha Casa, Minha Vida\u00a0 ter\u00e1 150 unidades adaptada para pessoas com defici\u00eancia Das 3 mil moradias populares em constru\u00e7\u00e3o no Bairro Esperan\u00e7a (antiga Reta), em Itabora\u00ed, pelo menos 150 est\u00e3o sendo totalmente adaptadas para pessoas com defici\u00eancia. A\u00a0constru\u00e7\u00e3o, realizada com verbas do programa Minha Casa, Minha Vida, tem\u00a0previs\u00e3o de conclus\u00e3o para o segundo semestre de [&hellip;]<\/p>\n","protected":false},"author":1,"featured_media":447,"comment_status":"open","ping_status":"open","sticky":false,"template":"","format":"standard","meta":{"_uag_custom_page_level_css":"","footnotes":""},"categories":[31],"tags":[6420,7401,8853],"class_list":["post-445","post","type-post","status-publish","format-standard","has-post-thumbnail","hentry","category-infraestrutura","tag-itaborai","tag-mcmv","tag-pessoas-com-deficiencia"],"blocksy_meta":[],"spectra_blocks_featured_image_url":[],"spectra_blocks_author_info":{"display_name":"Jornal da Constru\u00e7\u00e3o Civil","avatar_url":"https:\/\/secure.gravatar.com\/avatar\/973c9774fd44ddaceb026973c4962faa70fc512bc4c9da68e8ebb40fecee6540?s=96&d=mm&r=g","author_link":"https:\/\/construcaocivil.siriusmarketingedesign.com.br\/?author=1","description":"Desde de 2013, levando muitas informa\u00e7\u00f5es, lan\u00e7amentos e produtos de qualidade para toda cadeia produtiva da constru\u00e7\u00e3o. O Futuro da constru\u00e7\u00e3o passa por aqui,"},"uagb_featured_image_src":{"full":false,"thumbnail":false,"medium":false,"medium_large":false,"large":false,"1536x1536":false,"2048x2048":false},"uagb_author_info":{"display_name":"Jornal da Constru\u00e7\u00e3o Civil","author_link":"https:\/\/construcaocivil.siriusmarketingedesign.com.br\/?author=1"},"uagb_comment_info":0,"uagb_excerpt":"Minha Casa, Minha Vida\u00a0 ter\u00e1 150 unidades adaptada para pessoas com defici\u00eancia Das 3 mil moradias populares em constru\u00e7\u00e3o no Bairro Esperan\u00e7a (antiga Reta), em Itabora\u00ed, pelo menos 150 est\u00e3o sendo totalmente adaptadas para pessoas com defici\u00eancia. A\u00a0constru\u00e7\u00e3o, realizada com verbas do programa Minha Casa, Minha Vida, tem\u00a0previs\u00e3o de conclus\u00e3o para o segundo semestre de&hellip;","_links":{"self":[{"href":"https:\/\/construcaocivil.siriusmarketingedesign.com.br\/index.php?rest_route=\/wp\/v2\/posts\/445","targetHints":{"allow":["GET"]}}],"collection":[{"href":"https:\/\/construcaocivil.siriusmarketingedesign.com.br\/index.php?rest_route=\/wp\/v2\/posts"}],"about":[{"href":"https:\/\/construcaocivil.siriusmarketingedesign.com.br\/index.php?rest_route=\/wp\/v2\/types\/post"}],"author":[{"embeddable":true,"href":"https:\/\/construcaocivil.siriusmarketingedesign.com.br\/index.php?rest_route=\/wp\/v2\/users\/1"}],"replies":[{"embeddable":true,"href":"https:\/\/construcaocivil.siriusmarketingedesign.com.br\/index.php?rest_route=%2Fwp%2Fv2%2Fcomments&post=445"}],"version-history":[{"count":0,"href":"https:\/\/construcaocivil.siriusmarketingedesign.com.br\/index.php?rest_route=\/wp\/v2\/posts\/445\/revisions"}],"wp:attachment":[{"href":"https:\/\/construcaocivil.siriusmarketingedesign.com.br\/index.php?rest_route=%2Fwp%2Fv2%2Fmedia&parent=445"}],"wp:term":[{"taxonomy":"category","embeddable":true,"href":"https:\/\/construcaocivil.siriusmarketingedesign.com.br\/index.php?rest_route=%2Fwp%2Fv2%2Fcategories&post=445"},{"taxonomy":"post_tag","embeddable":true,"href":"https:\/\/construcaocivil.siriusmarketingedesign.com.br\/index.php?rest_route=%2Fwp%2Fv2%2Ftags&post=445"}],"curies":[{"name":"wp","href":"https:\/\/api.w.org\/{rel}","templated":true}]}}