{"id":449,"date":"2015-11-20T03:51:15","date_gmt":"2015-11-20T03:51:15","guid":{"rendered":"http:\/\/www.jornaldaconstrucaocivil.com.br\/?p=449"},"modified":"2015-11-20T03:51:15","modified_gmt":"2015-11-20T03:51:15","slug":"abcp-curso-de-tecnologia-do-concreto","status":"publish","type":"post","link":"https:\/\/construcaocivil.siriusmarketingedesign.com.br\/?p=449","title":{"rendered":"ABCP &#8211; Curso de Tecnologia do Concreto"},"content":{"rendered":"<p><span style=\"color: #000000;\"><em><strong>Treinamento proporciona melhoria no canteiro de obra e atualiza profissionais sobre os avan\u00e7os tecnol\u00f3gicos do material b\u00e1sico da constru\u00e7\u00e3o civil e o segundo produto mais consumido no mundo: o concreto<\/strong><\/em><\/span><\/p>\n<p><span style=\"color: #000000;\">A Associa\u00e7\u00e3o Brasileira de Cimento Portland (ABCP) promove nos dias 24, 25 e 26 de novembro, em S\u00e3o Paulo, o Curso Intensivo de Tecnologia B\u00e1sica do Concreto. \u00a0\u00a0Tradicional entre os treinamentos da ABCP, este curso \u00e9 ministrado pela Associa\u00e7\u00e3o desde 1955.<\/span><\/p>\n<p><span style=\"color: #000000;\">O objetivo do curso \u00e9 atualizar engenheiros, arquitetos, estudantes e profissionais da constru\u00e7\u00e3o civil sobre normaliza\u00e7\u00e3o, t\u00e9cnicas de manuseio, ensaios, propriedades, dosagem, produ\u00e7\u00e3o, aplica\u00e7\u00e3o e crit\u00e9rios de aceita\u00e7\u00e3o do concreto. O curso tamb\u00e9m permite maior acompanhamento no canteiro e, consequentemente, a melhoria da qualidade da obra.<\/span><\/p>\n<p><span style=\"color: #000000;\">De acordo com o diretor de Comunica\u00e7\u00e3o da ABCP, Hugo Rodrigues, o intensivo de Tecnologia B\u00e1sica do Concreto \u00e9 o curso mais procurado da ABCP, pois al\u00e9m de tradicional no mercado, este ajuda o profissional da constru\u00e7\u00e3o a conhecer mais sobre o produto mais consumido no mundo, depois da \u00e1gua: o concreto. \u00a0\u201cO Brasil \u00e9 um pa\u00eds constru\u00eddo em sua grande maioria em concreto, por este motivo \u00e9 muito importante que t\u00e9cnicos, engenheiros e arquitetos tenham mais interesse em se aprofundar neste tema\u201d, explica.<\/span><\/p>\n<p><span style=\"color: #000000;\">No total, ser\u00e3o 18 horas de aulas, ministradas pelos especialistas da ABCP, das 16h \u00e0s 22h.<\/span><\/p>\n<p><span style=\"color: #ff0000;\"><strong>Informa\u00e7\u00f5es e inscri\u00e7\u00f5es: (11) 3760-5402<\/strong><\/span><\/p>\n<p><span style=\"color: #993366;\">Assessoria de Imprensa \u2013 ABCP<\/span><\/p>\n<p><span style=\"color: #993366;\">Marta Oliveira<\/span><\/p>\n","protected":false},"excerpt":{"rendered":"<p>Treinamento proporciona melhoria no canteiro de obra e atualiza profissionais sobre os avan\u00e7os tecnol\u00f3gicos do material b\u00e1sico da constru\u00e7\u00e3o civil e o segundo produto mais consumido no mundo: o concreto A Associa\u00e7\u00e3o Brasileira de Cimento Portland (ABCP) promove nos dias 24, 25 e 26 de novembro, em S\u00e3o Paulo, o Curso Intensivo de Tecnologia B\u00e1sica [&hellip;]<\/p>\n","protected":false},"author":1,"featured_media":0,"comment_status":"open","ping_status":"open","sticky":false,"template":"","format":"quote","meta":{"_uag_custom_page_level_css":"","footnotes":""},"categories":[27],"tags":[286,908,3272,4356,11589],"class_list":["post-449","post","type-post","status-publish","format-quote","hentry","category-acontece","tag-abcp","tag-arquitetos","tag-curso","tag-engenheiros","tag-tecnologia-do-concreto","post_format-post-format-quote"],"blocksy_meta":[],"spectra_blocks_featured_image_url":null,"spectra_blocks_author_info":{"display_name":"Jornal da Constru\u00e7\u00e3o Civil","avatar_url":"https:\/\/secure.gravatar.com\/avatar\/973c9774fd44ddaceb026973c4962faa70fc512bc4c9da68e8ebb40fecee6540?s=96&d=mm&r=g","author_link":"https:\/\/construcaocivil.siriusmarketingedesign.com.br\/?author=1","description":"Desde de 2013, levando muitas informa\u00e7\u00f5es, lan\u00e7amentos e produtos de qualidade para toda cadeia produtiva da constru\u00e7\u00e3o. O Futuro da constru\u00e7\u00e3o passa por aqui,"},"uagb_featured_image_src":{"full":false,"thumbnail":false,"medium":false,"medium_large":false,"large":false,"1536x1536":false,"2048x2048":false},"uagb_author_info":{"display_name":"Jornal da Constru\u00e7\u00e3o Civil","author_link":"https:\/\/construcaocivil.siriusmarketingedesign.com.br\/?author=1"},"uagb_comment_info":0,"uagb_excerpt":"Treinamento proporciona melhoria no canteiro de obra e atualiza profissionais sobre os avan\u00e7os tecnol\u00f3gicos do material b\u00e1sico da constru\u00e7\u00e3o civil e o segundo produto mais consumido no mundo: o concreto A Associa\u00e7\u00e3o Brasileira de Cimento Portland (ABCP) promove nos dias 24, 25 e 26 de novembro, em S\u00e3o Paulo, o Curso Intensivo de Tecnologia B\u00e1sica&hellip;","_links":{"self":[{"href":"https:\/\/construcaocivil.siriusmarketingedesign.com.br\/index.php?rest_route=\/wp\/v2\/posts\/449","targetHints":{"allow":["GET"]}}],"collection":[{"href":"https:\/\/construcaocivil.siriusmarketingedesign.com.br\/index.php?rest_route=\/wp\/v2\/posts"}],"about":[{"href":"https:\/\/construcaocivil.siriusmarketingedesign.com.br\/index.php?rest_route=\/wp\/v2\/types\/post"}],"author":[{"embeddable":true,"href":"https:\/\/construcaocivil.siriusmarketingedesign.com.br\/index.php?rest_route=\/wp\/v2\/users\/1"}],"replies":[{"embeddable":true,"href":"https:\/\/construcaocivil.siriusmarketingedesign.com.br\/index.php?rest_route=%2Fwp%2Fv2%2Fcomments&post=449"}],"version-history":[{"count":0,"href":"https:\/\/construcaocivil.siriusmarketingedesign.com.br\/index.php?rest_route=\/wp\/v2\/posts\/449\/revisions"}],"wp:attachment":[{"href":"https:\/\/construcaocivil.siriusmarketingedesign.com.br\/index.php?rest_route=%2Fwp%2Fv2%2Fmedia&parent=449"}],"wp:term":[{"taxonomy":"category","embeddable":true,"href":"https:\/\/construcaocivil.siriusmarketingedesign.com.br\/index.php?rest_route=%2Fwp%2Fv2%2Fcategories&post=449"},{"taxonomy":"post_tag","embeddable":true,"href":"https:\/\/construcaocivil.siriusmarketingedesign.com.br\/index.php?rest_route=%2Fwp%2Fv2%2Ftags&post=449"}],"curies":[{"name":"wp","href":"https:\/\/api.w.org\/{rel}","templated":true}]}}