{"id":4506,"date":"2016-12-08T20:03:17","date_gmt":"2016-12-08T23:03:17","guid":{"rendered":"http:\/\/www.jornaldaconstrucaocivil.com.br\/?p=4506"},"modified":"2016-12-08T20:03:17","modified_gmt":"2016-12-08T23:03:17","slug":"xi-congresso-da-fist-acontece-neste-final-de-semana","status":"publish","type":"post","link":"https:\/\/construcaocivil.siriusmarketingedesign.com.br\/?p=4506","title":{"rendered":"XI CONGRESSO DA FIST  acontece neste final de semana"},"content":{"rendered":"<p><span style=\"color: #000000;\">Brasil\u00a0<\/span><\/p>\n<p style=\"text-align: justify;\"><span style=\"color: #000000;\"><span style=\"color: #ff0000;\">Dezembro, 2016 &#8211;<\/span> A\u00a0Frente Internacionalista dos Sem-Teto promove neste final de semana, no Rio de Janeiro seu XI Congresso. Na ocasi\u00e3o do encontro ser\u00e3o discutidas temas da conjuntura nacional e internacional, al\u00e9m da homenagem ao l\u00edder pol\u00edtico Fidel Castro, falecido recentemente em CUBA. <\/span><\/p>\n<p><span style=\"color: #993300;\"><strong>Programa\u00e7\u00e3o: <\/strong><\/span><\/p>\n<p><span style=\"color: #000000;\">Local: Sindicato dos Petroleiros \u2013 SINDIPETRO-RJ.<\/span><\/p>\n<p><span style=\"color: #000000;\">Endere\u00e7o: Av. Passos, 34.<\/span><\/p>\n<p><span style=\"color: #000000;\">S\u00c1BADO (10\/12\/2016) \u2013 18h \u00e0s 22h<\/span><\/p>\n<p><span style=\"color: #000000;\">Programa\u00e7\u00e3o:<\/span><\/p>\n<p><span style=\"color: #000000;\">\u00a0Abertura \u00e0s 18h com a execu\u00e7\u00e3o da Internacional;<\/span><\/p>\n<p><span style=\"color: #000000;\">Filme sobre a FIST;<\/span><\/p>\n<p><span style=\"color: #000000;\">Mesa de abertura com as entidades presentes;<\/span><\/p>\n<p><span style=\"color: #000000;\">Encerramento com confraterniza\u00e7\u00e3o. Cada um deve levar algo de comer e de beber.<\/span><\/p>\n<p><strong><span style=\"color: #000000;\">DOMINGO (11\/12\/2016) \u2013 9h \u00e0s 19h<\/span><\/strong><\/p>\n<p><span style=\"color: #993300;\"><strong>Programa\u00e7\u00e3o:<\/strong><\/span><\/p>\n<p><span style=\"color: #000000;\">Exposi\u00e7\u00e3o das Ocupa\u00e7\u00f5es;<\/span><\/p>\n<p><span style=\"color: #000000;\">Grupos de Trabalho;<\/span><\/p>\n<p><span style=\"color: #000000;\">Filme \u201cContos Urbanos\u201d, seguido de debates;<\/span><\/p>\n<p><span style=\"color: #000000;\">Almo\u00e7o de 13h \u00e0s 14h, servido pela FIST;<\/span><\/p>\n<p><span style=\"color: #000000;\">V\u00eddeo da FIST e v\u00eddeo sobre a Campanha \u201c O Petr\u00f3leo Tem Que Ser Nosso\u201d, seguido de debate;<\/span><\/p>\n<p><span style=\"color: #000000;\">Plen\u00e1ria com elei\u00e7\u00e3o da Coordena\u00e7\u00e3o, t\u00e1tica eleitoral e viv\u00eancia de pr\u00e1ticas coletivas nas ocupa\u00e7\u00f5es;<\/span><\/p>\n<p><span style=\"color: #000000;\">haver\u00e1 uma creche nos dois dias.<\/span><\/p>\n<p><span style=\"color: #993300;\">Fonte: FIST\u00a0<\/span><\/p>\n<p>&nbsp;<\/p>\n","protected":false},"excerpt":{"rendered":"<p>Brasil\u00a0 Dezembro, 2016 &#8211; A\u00a0Frente Internacionalista dos Sem-Teto promove neste final de semana, no Rio de Janeiro seu XI Congresso. Na ocasi\u00e3o do encontro ser\u00e3o discutidas temas da conjuntura nacional e internacional, al\u00e9m da homenagem ao l\u00edder pol\u00edtico Fidel Castro, falecido recentemente em CUBA. Programa\u00e7\u00e3o: Local: Sindicato dos Petroleiros \u2013 SINDIPETRO-RJ. Endere\u00e7o: Av. Passos, 34. [&hellip;]<\/p>\n","protected":false},"author":1,"featured_media":0,"comment_status":"open","ping_status":"open","sticky":false,"template":"","format":"standard","meta":{"_uag_custom_page_level_css":"","footnotes":""},"categories":[27],"tags":[1748,2743,4262,5108,5729,7842,10827,11145],"class_list":["post-4506","post","type-post","status-publish","format-standard","hentry","category-acontece","tag-campanha-o-petroleo-tem-que-ser-nosso","tag-congresso","tag-encontro-nacional","tag-fist","tag-habitacao","tag-moradia-popular","tag-sem-teto","tag-sindipetro-rj"],"blocksy_meta":[],"spectra_blocks_featured_image_url":null,"spectra_blocks_author_info":{"display_name":"Jornal da Constru\u00e7\u00e3o Civil","avatar_url":"https:\/\/secure.gravatar.com\/avatar\/973c9774fd44ddaceb026973c4962faa70fc512bc4c9da68e8ebb40fecee6540?s=96&d=mm&r=g","author_link":"https:\/\/construcaocivil.siriusmarketingedesign.com.br\/?author=1","description":"Desde de 2013, levando muitas informa\u00e7\u00f5es, lan\u00e7amentos e produtos de qualidade para toda cadeia produtiva da constru\u00e7\u00e3o. O Futuro da constru\u00e7\u00e3o passa por aqui,"},"uagb_featured_image_src":{"full":false,"thumbnail":false,"medium":false,"medium_large":false,"large":false,"1536x1536":false,"2048x2048":false},"uagb_author_info":{"display_name":"Jornal da Constru\u00e7\u00e3o Civil","author_link":"https:\/\/construcaocivil.siriusmarketingedesign.com.br\/?author=1"},"uagb_comment_info":0,"uagb_excerpt":"Brasil\u00a0 Dezembro, 2016 &#8211; A\u00a0Frente Internacionalista dos Sem-Teto promove neste final de semana, no Rio de Janeiro seu XI Congresso. Na ocasi\u00e3o do encontro ser\u00e3o discutidas temas da conjuntura nacional e internacional, al\u00e9m da homenagem ao l\u00edder pol\u00edtico Fidel Castro, falecido recentemente em CUBA. Programa\u00e7\u00e3o: Local: Sindicato dos Petroleiros \u2013 SINDIPETRO-RJ. Endere\u00e7o: Av. Passos, 34.&hellip;","_links":{"self":[{"href":"https:\/\/construcaocivil.siriusmarketingedesign.com.br\/index.php?rest_route=\/wp\/v2\/posts\/4506","targetHints":{"allow":["GET"]}}],"collection":[{"href":"https:\/\/construcaocivil.siriusmarketingedesign.com.br\/index.php?rest_route=\/wp\/v2\/posts"}],"about":[{"href":"https:\/\/construcaocivil.siriusmarketingedesign.com.br\/index.php?rest_route=\/wp\/v2\/types\/post"}],"author":[{"embeddable":true,"href":"https:\/\/construcaocivil.siriusmarketingedesign.com.br\/index.php?rest_route=\/wp\/v2\/users\/1"}],"replies":[{"embeddable":true,"href":"https:\/\/construcaocivil.siriusmarketingedesign.com.br\/index.php?rest_route=%2Fwp%2Fv2%2Fcomments&post=4506"}],"version-history":[{"count":0,"href":"https:\/\/construcaocivil.siriusmarketingedesign.com.br\/index.php?rest_route=\/wp\/v2\/posts\/4506\/revisions"}],"wp:attachment":[{"href":"https:\/\/construcaocivil.siriusmarketingedesign.com.br\/index.php?rest_route=%2Fwp%2Fv2%2Fmedia&parent=4506"}],"wp:term":[{"taxonomy":"category","embeddable":true,"href":"https:\/\/construcaocivil.siriusmarketingedesign.com.br\/index.php?rest_route=%2Fwp%2Fv2%2Fcategories&post=4506"},{"taxonomy":"post_tag","embeddable":true,"href":"https:\/\/construcaocivil.siriusmarketingedesign.com.br\/index.php?rest_route=%2Fwp%2Fv2%2Ftags&post=4506"}],"curies":[{"name":"wp","href":"https:\/\/api.w.org\/{rel}","templated":true}]}}