{"id":451,"date":"2015-11-23T03:12:09","date_gmt":"2015-11-23T03:12:09","guid":{"rendered":"http:\/\/www.jornaldaconstrucaocivil.com.br\/?p=451"},"modified":"2015-11-23T03:12:09","modified_gmt":"2015-11-23T03:12:09","slug":"desastre-ambiental-sede-da-vale-e-alvo-de-protesto-e-lama","status":"publish","type":"post","link":"https:\/\/construcaocivil.siriusmarketingedesign.com.br\/?p=451","title":{"rendered":"Desastre Ambiental: Sede da Vale \u00e9 alvo de protesto e lama"},"content":{"rendered":"<p>Da Reda\u00e7\u00e3o<\/p>\n<p><strong><span style=\"color: #000000;\">Lama j\u00e1 atingiu o mar do Esp\u00edrito Santo<\/span><\/strong><\/p>\n<p><span style=\"color: #000000;\">Na tarde da \u00faltima segunda-feira (16), na sede da Vale, no centro do Rio, manifestantes protestaram em decorr\u00eancia do desastre ambiental acontecido na cidade de Mariana (Minas Gerais). <\/span><\/p>\n<p><span style=\"color: #000000;\">Desastre que at\u00e9 o momento vitimou 07 pessoas, deixando 12 desaparecidos e causando s\u00e9rios preju\u00edzos para mais de 500 mil pessoas que vivem em diversas cidades de Minas e do Esp\u00edrito Santo.<\/span><\/p>\n<figure id=\"attachment_452\" aria-describedby=\"caption-attachment-452\" style=\"width: 260px\" class=\"wp-caption alignleft\"><a href=\"http:\/\/www.jornaldaconstrucaocivil.com.br\/wp-content\/uploads\/2015\/11\/MATIANA-PEDE-SOCORRO.jpg\"><img loading=\"lazy\" decoding=\"async\" class=\"wp-image-452\" src=\"http:\/\/www.jornaldaconstrucaocivil.com.br\/wp-content\/uploads\/2015\/11\/MATIANA-PEDE-SOCORRO-300x211.jpg\" alt=\"MATIANA PEDE SOCORRO\" width=\"260\" height=\"183\" \/><\/a><figcaption id=\"caption-attachment-452\" class=\"wp-caption-text\"><span style=\"color: #0000ff;\">Manisfestantes na porta da Vale(RJ). Foto: Leandro Chaves<\/span><\/figcaption><\/figure>\n<p><span style=\"color: #000000;\">De acordo com os manifestantes, o ocorrido nas barragens do Fund\u00e3o e Santar\u00e9m n\u00e3o foi acidente como alega a empresa Samarco, que tem como dona a Vale e a BHP Biliton. Para os manifestantes houve crime e irresponsabilidade da empresa. S\u00e9rgio Pimentel, morador do Rio, tem parentes na regi\u00e3o de Mariana (MG), participou do protesto e conta: <em>\u201cEu estou aqui para reclamar desse absurdo que essas empresas fizeram. A Vale, essa estrangeira BHP Biliton e a Samarco merecem puni\u00e7\u00e3o rigorosa. S\u00f3 multar n\u00e3o adianta. Acabaram com as cidades da regi\u00e3o em busca de lucros milion\u00e1rios\u201d.<\/em><\/span><\/p>\n<p><span style=\"color: #000000;\">Numa situa\u00e7\u00e3o complicada, a Vale acionista principal da Samarco junto com a BHP Biliton tentam organizar a\u00e7\u00f5es para conterem os enormes estragos provocados pelo rompimento das barragens, em Mariana (MG).<\/span><\/p>\n<p><span style=\"color: #000000;\">Em nota no seu site, a maior mineradora do pa\u00eds, afirma: \u201c<em>A<\/em><em> Vale como acionista da Samarco juntamente com a BHP Billiton, tem atuado para garantir a integridade das pessoas afetadas pelo acidente ocorrido na barragem de rejeitos de Fund\u00e3o, em Mariana (MG), no \u00faltimo dia 5. Desde o primeiro dia, a empresa disponibilizou recursos humanos e materiais para auxiliar a Samarco nos trabalhos de resgate e remo\u00e7\u00e3o dos locais de riscos dos desabrigados pelo acidente\u201d. <\/em><\/span><\/p>\n<figure id=\"attachment_453\" aria-describedby=\"caption-attachment-453\" style=\"width: 252px\" class=\"wp-caption alignleft\"><a href=\"http:\/\/www.jornaldaconstrucaocivil.com.br\/wp-content\/uploads\/2015\/11\/MARIANA-OK-CRIANCA.jpg\"><img loading=\"lazy\" decoding=\"async\" class=\"wp-image-453\" src=\"http:\/\/www.jornaldaconstrucaocivil.com.br\/wp-content\/uploads\/2015\/11\/MARIANA-OK-CRIANCA-300x267.jpg\" alt=\"MARIANA OK - CRIANCA\" width=\"252\" height=\"224\" \/><\/a><figcaption id=\"caption-attachment-453\" class=\"wp-caption-text\"><span style=\"color: #0000ff;\">Enquanto a empresa tenta resolver o problema do desastre ambiental, em Mariana(MG), milhares de fam\u00edlias est\u00e3o sendo prejudicadas com falta de \u00e1gua e polui\u00e7\u00e3o desejos de min\u00e9rios. Foto: Leandro Chaves<\/span><\/figcaption><\/figure>\n<p><span style=\"color: #000000;\">Entretanto, essas a\u00e7\u00f5es ainda n\u00e3o t\u00eam surtido efeito. O Rio Doce est\u00e1 todo polu\u00eddo por lama e min\u00e9rio e as barreiras colocadas pela empresa para evitar que a lama chegasse ao mar, n\u00e3o funcionou. O governo do Esp\u00edrito Santo, Minas e a Uni\u00e3o se articulam para entrarem na justi\u00e7a contra a Samarco, empresa\u00a0<span data-scayt_word=\"respons\u00e1vel\" data-scaytid=\"510\">respons\u00e1vel<\/span>\u00a0pelos<\/span><span data-scayt_word=\"danos\" data-scaytid=\"512\"><span style=\"color: #000000;\"> danos causados ao ecossistema do Rio Doce ap\u00f3s rompimento da barragem Fund\u00e3o, em Mariana (MG). Segundo autoridades e ambientalistas este desastre ambiental j\u00e1 \u00e9 considerado o pior do pa\u00eds.<\/span> <\/span><\/p>\n","protected":false},"excerpt":{"rendered":"<p>Da Reda\u00e7\u00e3o Lama j\u00e1 atingiu o mar do Esp\u00edrito Santo Na tarde da \u00faltima segunda-feira (16), na sede da Vale, no centro do Rio, manifestantes protestaram em decorr\u00eancia do desastre ambiental acontecido na cidade de Mariana (Minas Gerais). Desastre que at\u00e9 o momento vitimou 07 pessoas, deixando 12 desaparecidos e causando s\u00e9rios preju\u00edzos para mais [&hellip;]<\/p>\n","protected":false},"author":1,"featured_media":452,"comment_status":"open","ping_status":"open","sticky":false,"template":"","format":"standard","meta":{"_uag_custom_page_level_css":"","footnotes":""},"categories":[12591],"tags":[7290,9805,10382,10587,12184],"class_list":["post-451","post","type-post","status-publish","format-standard","has-post-thumbnail","hentry","category-produtos","tag-marianamg","tag-protesto","tag-rio-doce","tag-samarco","tag-vale"],"blocksy_meta":[],"spectra_blocks_featured_image_url":[],"spectra_blocks_author_info":{"display_name":"Jornal da Constru\u00e7\u00e3o Civil","avatar_url":"https:\/\/secure.gravatar.com\/avatar\/973c9774fd44ddaceb026973c4962faa70fc512bc4c9da68e8ebb40fecee6540?s=96&d=mm&r=g","author_link":"https:\/\/construcaocivil.siriusmarketingedesign.com.br\/?author=1","description":"Desde de 2013, levando muitas informa\u00e7\u00f5es, lan\u00e7amentos e produtos de qualidade para toda cadeia produtiva da constru\u00e7\u00e3o. O Futuro da constru\u00e7\u00e3o passa por aqui,"},"uagb_featured_image_src":{"full":false,"thumbnail":false,"medium":false,"medium_large":false,"large":false,"1536x1536":false,"2048x2048":false},"uagb_author_info":{"display_name":"Jornal da Constru\u00e7\u00e3o Civil","author_link":"https:\/\/construcaocivil.siriusmarketingedesign.com.br\/?author=1"},"uagb_comment_info":0,"uagb_excerpt":"Da Reda\u00e7\u00e3o Lama j\u00e1 atingiu o mar do Esp\u00edrito Santo Na tarde da \u00faltima segunda-feira (16), na sede da Vale, no centro do Rio, manifestantes protestaram em decorr\u00eancia do desastre ambiental acontecido na cidade de Mariana (Minas Gerais). Desastre que at\u00e9 o momento vitimou 07 pessoas, deixando 12 desaparecidos e causando s\u00e9rios preju\u00edzos para mais&hellip;","_links":{"self":[{"href":"https:\/\/construcaocivil.siriusmarketingedesign.com.br\/index.php?rest_route=\/wp\/v2\/posts\/451","targetHints":{"allow":["GET"]}}],"collection":[{"href":"https:\/\/construcaocivil.siriusmarketingedesign.com.br\/index.php?rest_route=\/wp\/v2\/posts"}],"about":[{"href":"https:\/\/construcaocivil.siriusmarketingedesign.com.br\/index.php?rest_route=\/wp\/v2\/types\/post"}],"author":[{"embeddable":true,"href":"https:\/\/construcaocivil.siriusmarketingedesign.com.br\/index.php?rest_route=\/wp\/v2\/users\/1"}],"replies":[{"embeddable":true,"href":"https:\/\/construcaocivil.siriusmarketingedesign.com.br\/index.php?rest_route=%2Fwp%2Fv2%2Fcomments&post=451"}],"version-history":[{"count":0,"href":"https:\/\/construcaocivil.siriusmarketingedesign.com.br\/index.php?rest_route=\/wp\/v2\/posts\/451\/revisions"}],"wp:attachment":[{"href":"https:\/\/construcaocivil.siriusmarketingedesign.com.br\/index.php?rest_route=%2Fwp%2Fv2%2Fmedia&parent=451"}],"wp:term":[{"taxonomy":"category","embeddable":true,"href":"https:\/\/construcaocivil.siriusmarketingedesign.com.br\/index.php?rest_route=%2Fwp%2Fv2%2Fcategories&post=451"},{"taxonomy":"post_tag","embeddable":true,"href":"https:\/\/construcaocivil.siriusmarketingedesign.com.br\/index.php?rest_route=%2Fwp%2Fv2%2Ftags&post=451"}],"curies":[{"name":"wp","href":"https:\/\/api.w.org\/{rel}","templated":true}]}}