{"id":4512,"date":"2016-12-08T20:24:02","date_gmt":"2016-12-08T23:24:02","guid":{"rendered":"http:\/\/www.jornaldaconstrucaocivil.com.br\/?p=4512"},"modified":"2016-12-08T20:24:02","modified_gmt":"2016-12-08T23:24:02","slug":"movimento-produz-brasil-em-prol-da-industria-e-de-mais-empregos","status":"publish","type":"post","link":"https:\/\/construcaocivil.siriusmarketingedesign.com.br\/?p=4512","title":{"rendered":"Movimento Produz Brasil: em prol da ind\u00fastria e de mais empregos"},"content":{"rendered":"<p style=\"text-align: justify;\"><strong><em><span style=\"color: #000080;\">Grupo com 14 institui\u00e7\u00f5es foi formado para atuar a favor do conte\u00fado local<\/span><\/em><\/strong><\/p>\n<p style=\"text-align: justify;\"><span style=\"color: #000000;\"><span style=\"color: #ff0000;\">Dezembro, 2016<\/span> &#8211; Foi lan\u00e7ado nesta quinta-feira, dia 08, em evento realizado na sede da FIRJAN, no Rio de Janeiro, o Movimento Produz Brasil. Formada por 14 institui\u00e7\u00f5es, a coaliza\u00e7\u00e3o pretende valorizar o setor produtivo e garantir a competitividade entre fornecedores nacionais e internacionais. Os principais objetivos s\u00e3o o de valorizar a inser\u00e7\u00e3o sustent\u00e1vel dos fornecedores nacionais, defender o conte\u00fado local como um dos mecanismos de pol\u00edtica industrial e ressaltar a contribui\u00e7\u00e3o da produ\u00e7\u00e3o nacional na gera\u00e7\u00e3o de emprego, renda e arrecada\u00e7\u00e3o de impostos para o pa\u00eds.<\/span><\/p>\n<p style=\"text-align: justify;\"><span style=\"color: #000000;\">Diante da recente amea\u00e7a de mudan\u00e7a na pol\u00edtica nacional de petr\u00f3leo e g\u00e1s, institui\u00e7\u00f5es representativas dos elos produtivos deste mercado temem que investimentos realizados ao longo de quase 20 anos sejam jogados fora favorecendo empresas estrangeiras e tornando ainda mais dif\u00edcil a situa\u00e7\u00e3o da ind\u00fastria brasileira.<\/span><\/p>\n<p style=\"text-align: justify;\"><span style=\"color: #000000;\">Na cerim\u00f4nia de lan\u00e7amento, o presidente do Sistema FIRJAN, Eduardo Eugenio Gouv\u00eaa Vieira, federa\u00e7\u00e3o que integra o Produz Brasil, fez um apelo ao Governo Federal. <em><span style=\"color: #000080;\">\u201c\u00c9 um contrassenso ver que hoje, ap\u00f3s quase 20 anos de investimentos na cadeia produtiva, tenha se iniciado um processo de vilaniza\u00e7\u00e3o do conte\u00fado local. Se essas empresas fecharem ou forem embora o que vai ser dos trabalhadores? Vamos liquidar as empresas que passaram quase duas d\u00e9cadas investindo para atender a essas demandas? Estamos falando do exterm\u00ednio de milhares de postos de trabalho\u201d<\/span><\/em>.<\/span><\/p>\n<p style=\"text-align: justify;\"><span style=\"color: #000000;\">J\u00e1 o presidente executivo da ABIMAQ &#8211; Associa\u00e7\u00e3o Brasileira da Ind\u00fastria de M\u00e1quinas e Equipamentos, Jos\u00e9 Velloso, representante de uma das entidades que comp\u00f5em o movimento, destacou: <span style=\"color: #000080;\"><em>\u201cCom o fim da pol\u00edtica de conte\u00fado local, as empresas estrangeiras v\u00e3o transferir suas atividades para outros pa\u00edses. E quem vai sair perdendo s\u00e3o as empresas nacionais, que v\u00e3o acabar fechando, e os estados, que v\u00e3o perder em arrecada\u00e7\u00e3o. Vamos presenciar no pa\u00eds um forte desinvestimento, um retrocesso.\u201d<\/em><\/span><\/span><\/p>\n<p style=\"text-align: justify;\"><span style=\"color: #000000;\">O encontro desta quinta-feira contou ainda com uma palestra do gerente do Departamento de Competitividade Industrial e Tecnologia da FIESP, Renato Corona; com um painel com cases de investimento em conte\u00fado local apresentado pelas empresas Doris Engenharia, SBM, Flowservice e Tenaris; e uma apresenta\u00e7\u00e3o sobre o PEDEFOR, da diretora do Minist\u00e9rio da Ind\u00fastria, Com\u00e9rcio Exterior e Servi\u00e7os, Margarete Gandini.<\/span><\/p>\n<p style=\"text-align: justify;\"><span style=\"color: #000000;\">De acordo com o Movimento Produz Brasil, entre 2011 e 2014, per\u00edodo auge das atividades de explora\u00e7\u00e3o e desenvolvimento de \u00e1reas sob concess\u00e3o, foram investidos mais de 20 bilh\u00f5es de d\u00f3lares na amplia\u00e7\u00e3o da capacidade instalada, de forma a atender \u00e0s futuras demandas com a implanta\u00e7\u00e3o de bases de empresas de origem estrangeira no estado fluminense. Atrelado a esses investimentos pode-se estimar que foram criados mais de 150 mil empregos.<\/span><\/p>\n<p style=\"text-align: justify;\"><span style=\"color: #000000;\">Entre as principais a\u00e7\u00f5es do Movimento Produz Brasil est\u00e1 o di\u00e1logo com \u00f3rg\u00e3os e entidades respons\u00e1veis, e a conscientiza\u00e7\u00e3o para os preju\u00edzos que ir\u00e3o acometer a ind\u00fastria brasileira no setor de petr\u00f3leo de g\u00e1s. O cen\u00e1rio futuro, diante do fim do conte\u00fado local, prev\u00ea o fechamento de empresas e o aumento do desemprego.<\/span><\/p>\n<p style=\"text-align: justify;\"><strong><span style=\"color: #000000;\">Fazem parte do Movimento Produz Brasil:<\/span><\/strong><\/p>\n<p style=\"text-align: justify;\"><strong><span style=\"color: #000000;\">ABCE \u2013 <\/span><\/strong><span style=\"color: #000000;\">Associa\u00e7\u00e3o Brasileira de Consultores de Engenharia, que representa mais de 80 empresas;<\/span><\/p>\n<p style=\"text-align: justify;\"><strong><span style=\"color: #000000;\">ABEMI \u2013 <\/span><\/strong><span style=\"color: #000000;\">Associa\u00e7\u00e3o Brasileira de Engenharia Industrial, que representa mais de15 empresas;<\/span><\/p>\n<p style=\"text-align: justify;\"><strong><span style=\"color: #000000;\">ABINEE \u2013 <\/span><\/strong><span style=\"color: #000000;\">Associa\u00e7\u00e3o Brasileira da Ind\u00fastria El\u00e9trica, que representa mais de 200 empresas;<\/span><\/p>\n<p style=\"text-align: justify;\"><strong><span style=\"color: #000000;\">ABITAM \u2013 <\/span><\/strong><span style=\"color: #000000;\">Associa\u00e7\u00e3o Brasileira das Ind\u00fastrias de Tubos e Acess\u00f3rios de Metal, que representa mais de 80 empresas;<\/span><\/p>\n<p style=\"text-align: justify;\"><strong><span style=\"color: #000000;\">ABIMAQ \u2013 <\/span><\/strong><span style=\"color: #000000;\">Associa\u00e7\u00e3o Brasileira da Ind\u00fastria de M\u00e1quinas e Equipamentos, que representa mais de 7.500 empresas;<\/span><\/p>\n<p style=\"text-align: justify;\"><strong><span style=\"color: #000000;\">Instituto A\u00e7o Brasil,<\/span><\/strong><span style=\"color: #000000;\"> que representa mais de 10 empresas;<\/span><\/p>\n<p style=\"text-align: justify;\"><strong><span style=\"color: #000000;\">Sistema FIEB \u2013 <\/span><\/strong><span style=\"color: #000000;\">Federa\u00e7\u00e3o das Ind\u00fastrias do Estado da Bahia, que representa mais de 1.900 empresas;<\/span><\/p>\n<p style=\"text-align: justify;\"><strong><span style=\"color: #000000;\">Sistema FIEMG \u2013 <\/span><\/strong><span style=\"color: #000000;\">Federa\u00e7\u00e3o das Ind\u00fastrias do Estado de Minas Gerais;<\/span><\/p>\n<p style=\"text-align: justify;\"><strong><span style=\"color: #000000;\">FIERGS \u2013<\/span><\/strong><span style=\"color: #000000;\"> Federa\u00e7\u00e3o das Ind\u00fastrias do Estado do Rio Grande do Sul, que representa mais de 2.000 empresas;<\/span><\/p>\n<p style=\"text-align: justify;\"><strong><span style=\"color: #000000;\">FIESC \u2013 <\/span><\/strong><span style=\"color: #000000;\">Federa\u00e7\u00e3o das Ind\u00fastrias do Estado de Santa Catarina, que representa mais de 6.500 empresas;<\/span><\/p>\n<p style=\"text-align: justify;\"><strong><span style=\"color: #000000;\">FIESP \u2013<\/span><\/strong><span style=\"color: #000000;\"> Federa\u00e7\u00e3o das Ind\u00fastrias de S\u00e3o Paulo, que representa mais de 150.00 empresas;<\/span><\/p>\n<p style=\"text-align: justify;\"><strong><span style=\"color: #000000;\">Sistema FINDES \u2013 <\/span><\/strong><span style=\"color: #000000;\">Federa\u00e7\u00e3o das Ind\u00fastrias do Estado do Esp\u00edrito Santo, que representa mais de 18.000 empresas;<\/span><\/p>\n<p style=\"text-align: justify;\"><strong><span style=\"color: #000000;\">Sistema FIRJAN \u2013 <\/span><\/strong><span style=\"color: #000000;\">Federa\u00e7\u00e3o das Ind\u00fastrias do Estado do Rio de Janeiro, que representa mais de 8.400 empresas;<\/span><\/p>\n<p style=\"text-align: justify;\"><strong><span style=\"color: #000000;\">SINAVAL \u2013 <\/span><\/strong><span style=\"color: #000000;\">Sindicato Nacional das Ind\u00fastrias da Constru\u00e7\u00e3o e Repara\u00e7\u00e3o Naval e Offshore, representando mais de 30 empresas.<\/span><\/p>\n","protected":false},"excerpt":{"rendered":"<p>Grupo com 14 institui\u00e7\u00f5es foi formado para atuar a favor do conte\u00fado local Dezembro, 2016 &#8211; Foi lan\u00e7ado nesta quinta-feira, dia 08, em evento realizado na sede da FIRJAN, no Rio de Janeiro, o Movimento Produz Brasil. Formada por 14 institui\u00e7\u00f5es, a coaliza\u00e7\u00e3o pretende valorizar o setor produtivo e garantir a competitividade entre fornecedores nacionais [&hellip;]<\/p>\n","protected":false},"author":1,"featured_media":0,"comment_status":"open","ping_status":"open","sticky":false,"template":"","format":"standard","meta":{"_uag_custom_page_level_css":"","footnotes":""},"categories":[33],"tags":[285,295,309,315,3025,3179,3680,5096,6067,6203,7930,11005,11108],"class_list":["post-4512","post","type-post","status-publish","format-standard","hentry","category-mercado","tag-abce","tag-abemi","tag-abimaq","tag-abitam","tag-conteudo-local","tag-criacao-de-emprego","tag-dificil-situacao-da-industria-nacional","tag-firjan","tag-industria-nacional","tag-instituto-aco-brasil","tag-movimento-produz-brasil","tag-setor-de-petroleo-de-gas","tag-sinaval"],"blocksy_meta":[],"spectra_blocks_featured_image_url":null,"spectra_blocks_author_info":{"display_name":"Jornal da Constru\u00e7\u00e3o Civil","avatar_url":"https:\/\/secure.gravatar.com\/avatar\/973c9774fd44ddaceb026973c4962faa70fc512bc4c9da68e8ebb40fecee6540?s=96&d=mm&r=g","author_link":"https:\/\/construcaocivil.siriusmarketingedesign.com.br\/?author=1","description":"Desde de 2013, levando muitas informa\u00e7\u00f5es, lan\u00e7amentos e produtos de qualidade para toda cadeia produtiva da constru\u00e7\u00e3o. O Futuro da constru\u00e7\u00e3o passa por aqui,"},"uagb_featured_image_src":{"full":false,"thumbnail":false,"medium":false,"medium_large":false,"large":false,"1536x1536":false,"2048x2048":false},"uagb_author_info":{"display_name":"Jornal da Constru\u00e7\u00e3o Civil","author_link":"https:\/\/construcaocivil.siriusmarketingedesign.com.br\/?author=1"},"uagb_comment_info":0,"uagb_excerpt":"Grupo com 14 institui\u00e7\u00f5es foi formado para atuar a favor do conte\u00fado local Dezembro, 2016 &#8211; Foi lan\u00e7ado nesta quinta-feira, dia 08, em evento realizado na sede da FIRJAN, no Rio de Janeiro, o Movimento Produz Brasil. Formada por 14 institui\u00e7\u00f5es, a coaliza\u00e7\u00e3o pretende valorizar o setor produtivo e garantir a competitividade entre fornecedores nacionais&hellip;","_links":{"self":[{"href":"https:\/\/construcaocivil.siriusmarketingedesign.com.br\/index.php?rest_route=\/wp\/v2\/posts\/4512","targetHints":{"allow":["GET"]}}],"collection":[{"href":"https:\/\/construcaocivil.siriusmarketingedesign.com.br\/index.php?rest_route=\/wp\/v2\/posts"}],"about":[{"href":"https:\/\/construcaocivil.siriusmarketingedesign.com.br\/index.php?rest_route=\/wp\/v2\/types\/post"}],"author":[{"embeddable":true,"href":"https:\/\/construcaocivil.siriusmarketingedesign.com.br\/index.php?rest_route=\/wp\/v2\/users\/1"}],"replies":[{"embeddable":true,"href":"https:\/\/construcaocivil.siriusmarketingedesign.com.br\/index.php?rest_route=%2Fwp%2Fv2%2Fcomments&post=4512"}],"version-history":[{"count":0,"href":"https:\/\/construcaocivil.siriusmarketingedesign.com.br\/index.php?rest_route=\/wp\/v2\/posts\/4512\/revisions"}],"wp:attachment":[{"href":"https:\/\/construcaocivil.siriusmarketingedesign.com.br\/index.php?rest_route=%2Fwp%2Fv2%2Fmedia&parent=4512"}],"wp:term":[{"taxonomy":"category","embeddable":true,"href":"https:\/\/construcaocivil.siriusmarketingedesign.com.br\/index.php?rest_route=%2Fwp%2Fv2%2Fcategories&post=4512"},{"taxonomy":"post_tag","embeddable":true,"href":"https:\/\/construcaocivil.siriusmarketingedesign.com.br\/index.php?rest_route=%2Fwp%2Fv2%2Ftags&post=4512"}],"curies":[{"name":"wp","href":"https:\/\/api.w.org\/{rel}","templated":true}]}}