{"id":4514,"date":"2016-12-09T12:43:24","date_gmt":"2016-12-09T15:43:24","guid":{"rendered":"http:\/\/www.jornaldaconstrucaocivil.com.br\/?p=4514"},"modified":"2016-12-09T12:43:24","modified_gmt":"2016-12-09T15:43:24","slug":"cpfl-energia-e-bosch-ampliam-parceria-para-o-uso-de-veiculos-eletricos-no-brasil","status":"publish","type":"post","link":"https:\/\/construcaocivil.siriusmarketingedesign.com.br\/?p=4514","title":{"rendered":"CPFL Energia e Bosch ampliam parceria para o uso de ve\u00edculos el\u00e9tricos no Brasil"},"content":{"rendered":"<p style=\"text-align: justify;\"><span style=\"color: #000080;\"><em><strong>Multinacional incorporou Renault Kangoo \u00e0 frota de ve\u00edculos operacionais como parte das pesquisas do Emotive \u2013 Programa de Mobilidade El\u00e9trica da CPFL<\/strong><\/em><\/span><\/p>\n<p style=\"text-align: justify;\"><span style=\"color: #000000;\"><span style=\"color: #0000ff;\">Campinas, 09 de dezembro de 2016<\/span> \u2013 A CPFL Energia, maior grupo privado do setor el\u00e9trico brasileiro, e a Bosch, uma l\u00edder mundial no fornecimento de tecnologia e servi\u00e7os, firmaram acordo para ampliar a parceria entre as companhias visando incentivar o uso dos ve\u00edculos el\u00e9tricos no Brasil. A multinacional alem\u00e3 incorporou a vers\u00e3o el\u00e9trica do Renault Kangoo a sua frota de ve\u00edculos operacionais, que ir\u00e1 rodar pela regi\u00e3o metropolitana de Campinas em visitas comerciais.\u00a0<\/span><\/p>\n<p style=\"text-align: justify;\"><a href=\"http:\/\/www.jornaldaconstrucaocivil.com.br\/wp-content\/uploads\/2016\/12\/CPFL_Bosch_Kangoo-OK.jpg\"><img loading=\"lazy\" decoding=\"async\" class=\"wp-image-4516 alignleft\" src=\"http:\/\/www.jornaldaconstrucaocivil.com.br\/wp-content\/uploads\/2016\/12\/CPFL_Bosch_Kangoo-OK.jpg\" alt=\"cpfl_bosch_kangoo-ok\" width=\"345\" height=\"173\" \/><\/a><\/p>\n<p style=\"text-align: justify;\"><span style=\"color: #000000;\"><em>\u201cPara a CPFL Energia, a amplia\u00e7\u00e3o da parceria com a Bosch, empresa com forte atua\u00e7\u00e3o na ind\u00fastria automotiva, \u00e9 de suma import\u00e2ncia para estimularmos o desenvolvimento deste mercado no Pa\u00eds. Este acordo, al\u00e9m de contribuir para avan\u00e7armos nos estudos para os diferentes tipos de uso dos ve\u00edculos el\u00e9tricos no Pa\u00eds, permitir\u00e1\u00a0 a dissemina\u00e7\u00e3o do conhecimento da tecnologia de ve\u00edculos el\u00e9tricos entre os agentes do mercado\u201d<\/em>, afirma o diretor de Estrat\u00e9gia e Inova\u00e7\u00e3o da CPFL Energia, Rafael Lazzaretti.<\/span><\/p>\n<p style=\"text-align: justify;\"><span style=\"color: #000000;\">O acordo prev\u00ea a concess\u00e3o, em regime de comodato, de uma Kangoo 100% el\u00e9trica e instala\u00e7\u00e3o de uma esta\u00e7\u00e3o de recarga (eletroposto) nas depend\u00eancias da Bosch em Campinas. Em contrapartida, a Bosch compartilhar\u00e1 os dados e as informa\u00e7\u00f5es obtidas durante a opera\u00e7\u00e3o do ve\u00edculo com a equipe do Programa Emotive, al\u00e9m de contribui\u00e7\u00e3o mensal para o desenvolvimento das pesquisas do projeto.<\/span><\/p>\n<p style=\"text-align: justify;\"><span style=\"color: #000000;\">A inten\u00e7\u00e3o da Bosch \u00e9 utilizar a Renault Kangoo em visitas a clientes Bosch Service na regi\u00e3o metropolitana de Campinas. Al\u00e9m disso, a multinacional alem\u00e3 pretende utilizar o ve\u00edculo para promover treinamento automotivo em sistemas el\u00e9trico para a rede Bosch Service e oficinas independentes, promovendo capacita\u00e7\u00e3o t\u00e9cnica e a<\/span><\/p>\n<p style=\"text-align: justify;\"><span style=\"color: #000000;\">dissemina\u00e7\u00e3o de conhecimento sobre a tecnologia de carros el\u00e9tricos. Uma primeira classe com mais de 60 clientes j\u00e1 participou de curso sobre o tema, e uma segunda turma est\u00e1 prevista para participar do treinamento ainda no m\u00eas de dezembro.<\/span><\/p>\n<p style=\"text-align: justify;\"><span style=\"color: #000000;\"><em>\u201cO projeto Emotive est\u00e1 diretamente alinhando aos objetivos da Bosch, que visam oferecer solu\u00e7\u00f5es para uma mobilidade mais econ\u00f4mica, confort\u00e1vel e que gere o menor impacto poss\u00edvel ao meio ambiente. O futuro da mobilidade ser\u00e1 cada vez mais conectado, automatizado e eletrificado e, com isso, a empresa vem atuando fortemente para oferecer solu\u00e7\u00f5es multimodais atreladas \u00e0s essas tr\u00eas vertentes. Fatores estes que impulsionam a empresa, uma das mais inovadoras do mundo, a desenvolver tecnologias de vanguarda e a ser um agente na busca por uma mobilidade mais sustent\u00e1vel e inteligente\u201d<\/em>, destaca o gerente de vendas da Robert Bosch Brasil, Oswalsdo Profeta,.<\/span><\/p>\n<p style=\"text-align: justify;\"><span style=\"color: #000000;\">Esse \u00e9 o s\u00e9timo acordo de uso dos ve\u00edculos el\u00e9tricos firmado pela CPFL Energia no \u00e2mbito do Programa de Mobilidade El\u00e9trica. A empresa j\u00e1 possui parcerias similares com a Natura, a CPFL Paulista e a Sanasa, que utilizam o Renault Kangoo em suas frotas operacionais, com a CCR, que possui um Zoe para uso administrativo, e com a Unicamp, que recebeu o Renault Fluence para uso da Reitoria. Em breve, a CPFL ir\u00e1 tamb\u00e9m disponibilizar um Zoe \u00e0 Hertz para loca\u00e7\u00e3o no Aeroporto de Viracopos.<\/span><\/p>\n<p style=\"text-align: justify;\"><span style=\"color: #000000;\">A parceria entre a CPFL Energia e a Bosch no campo da mobilidade el\u00e9trica teve in\u00edcio em junho de 2015, com a instala\u00e7\u00e3o de um eletroposto do tipo carregamento r\u00e1pido na autorizada Bosch Service do bairro Jardim do Trevo (Rua Fern\u00e3o Pompeu de Camargo, n\u00ba 800). Esse foi o segundo eletroposto p\u00fablico instalados no \u00e2mbito do Emotive \u2013 Programa de Mobilidade El\u00e9trica da CPFL Energia.<\/span><\/p>\n<p style=\"text-align: justify;\"><span style=\"color: #000000;\">Al\u00e9m do eletroposto pr\u00f3prio e do instalado na Bosch Service, os colaboradores da Bosch poder\u00e3o recarregar o Renault Kangoo nos Eletropostos p\u00fablicos espalhados por Campinas. A cidade conta com outros cinco eletropostos p\u00fablicos em opera\u00e7\u00e3o e um em fase final de liga\u00e7\u00e3o, localizados conforme descrito a seguir:<\/span><\/p>\n<ol>\n<li style=\"text-align: justify;\"><strong><span style=\"color: #ff0000;\">Em frente \u00e0 sede da CPFL Energia, na Rodovia Engenheiro Miguel Noel Burnier, n\u00ba 1755, no Parque S\u00e3o Quirino.<\/span><\/strong><\/li>\n<li style=\"text-align: justify;\"><strong><span style=\"color: #ff0000;\">Centro de Conviv\u00eancia de Campinas, em frente ao City Bar, Rua General Os\u00f3rio, bairro Concei\u00e7\u00e3o.<\/span><\/strong><\/li>\n<li style=\"text-align: justify;\"><strong><span style=\"color: #ff0000;\">Shopping Iguatemi Campinas, na \u00e1rea do Valet \u2013 Deck Parking P2<\/span><\/strong><\/li>\n<li style=\"text-align: justify;\"><strong><span style=\"color: #ff0000;\">Parque Portugal, Portaria 5 \u2013 Heitor Penteado, altura do n 815, no Taquaral.<\/span><\/strong><\/li>\n<li style=\"text-align: justify;\"><strong><span style=\"color: #ff0000;\">Avenida Aquidaban, 440 &#8211; em frente ao Hotel Ibis.<\/span><\/strong><\/li>\n<li style=\"text-align: justify;\"><strong><span style=\"color: #ff0000;\">Bols\u00e3o de Informa\u00e7\u00f5es UNICAMP &#8211; Rua Roxo Moreira, 1488 &#8211; Cidade Universit\u00e1ria (fase final de instala\u00e7\u00e3o).<\/span><\/strong><\/li>\n<\/ol>\n<p style=\"text-align: justify;\"><span style=\"color: #000000;\">Em breve, novos pontos de recarregamento p\u00fablico estar\u00e3o dispon\u00edveis em ruas e shoppings centers, entre outras localidades de Campinas. Ao digitar a palavra <span style=\"color: #0000ff;\">\u201celetroposto\u201d<\/span> em aparelhos de GPS, ser\u00e1 poss\u00edvel encontrar os locais em opera\u00e7\u00e3o na regi\u00e3o.<\/span><\/p>\n<p style=\"text-align: justify;\"><span style=\"color: #993300;\"><strong>P&amp;D em mobilidade el\u00e9trica<\/strong><\/span><\/p>\n<p style=\"text-align: justify;\"><span style=\"color: #000000;\">A parceria com a Bosch faz parte do Programa de Mobilidade El\u00e9trica da CPFL Energia \u2013 Emotive, um projeto de Pesquisa e Desenvolvimento (P&amp;D) que estuda os impactos da utiliza\u00e7\u00e3o dos ve\u00edculos el\u00e9tricos, financiado com recursos do programa de P&amp;D da Ag\u00eancia Nacional de Energia El\u00e9trica (Aneel). A pesquisa, iniciada em 2013, receber\u00e1 R$ 21,2 milh\u00f5es em investimentos at\u00e9 2018, ano de sua conclus\u00e3o.<\/span><\/p>\n<p style=\"text-align: justify;\"><span style=\"color: #000000;\">Atualmente, o projeto encontra-se na sua segunda fase. A expectativa nesta etapa \u00e9 de ampliar a frota de ve\u00edculos el\u00e9tricos para at\u00e9 16 carros e aumentar o n\u00famero de eletropostos em opera\u00e7\u00e3o para at\u00e9 25. Os pontos de recarregamento ser\u00e3o colocados em locais p\u00fablicos, como shoppings centers, postos de servi\u00e7os, na prefeitura e em outros pontos estrat\u00e9gicos.<\/span><\/p>\n<p style=\"text-align: justify;\"><span style=\"color: #000000;\">Entre os temas estudados est\u00e3o o impacto na rede el\u00e9trica e no planejamento da expans\u00e3o do sistema, uso dos ve\u00edculos el\u00e9tricos como fonte de gera\u00e7\u00e3o distribu\u00edda, os aprimoramentos regulat\u00f3rios e legais, o ciclo de vida e reaproveitamento das baterias, estudo de tarifas e cobran\u00e7a, a proposi\u00e7\u00e3o de um modelo de neg\u00f3cios para a mobilidade el\u00e9trica no Brasil, al\u00e9m de outras quest\u00f5es relacionadas.<\/span><\/p>\n<p style=\"text-align: justify;\"><span style=\"color: #000000;\">Na primeira fase da pesquisa, foi poss\u00edvel concluir que os ve\u00edculos el\u00e9tricos s\u00e3o uma excelente op\u00e7\u00e3o para as pessoas que buscam economia. Os dados levantados pelo projeto mostram que o valor do quil\u00f4metro rodado de um autom\u00f3vel a combust\u00e3o \u00e9 de aproximadamente R$ 0,30, ao passo que esse custo no ve\u00edculo el\u00e9trico \u00e9 de R$ 0,10, ou seja, um ter\u00e7o do gasto com um carro convencional.<\/span><\/p>\n<p style=\"text-align: justify;\"><span style=\"color: #000000;\">Outra conclus\u00e3o da primeira fase \u00e9 de que a expans\u00e3o dos ve\u00edculos el\u00e9tricos teria impacto pequeno na demanda por energia. As proje\u00e7\u00f5es iniciais da CPFL Energia apontam que o uso desta tecnologia ampliaria o consumo de energia entre 0,6% e 1,6% no Sistema Interligado Nacional (SIN) em 2030, quando as previs\u00f5es indicam que a frota de carros el\u00e9tricos pode alcan\u00e7ar entre 4 milh\u00f5es e 10,1 milh\u00f5es de unidades.<\/span><\/p>\n<p style=\"text-align: justify;\"><span style=\"color: #000000;\">Em junho de 2015, a CPFL Energia anunciou uma parceria com a Rede Graal para a cria\u00e7\u00e3o do primeiro corredor el\u00e9trico do Pa\u00eds, entre Campinas e S\u00e3o Paulo. O acordo prev\u00ea a instala\u00e7\u00e3o de dois pontos de carregamento em postos da rede nas Rodovias Anhanguera e Bandeirantes, na altura do munic\u00edpio de Jundia\u00ed.<\/span><\/p>\n<p style=\"text-align: justify;\"><span style=\"color: #000000;\">O projeto conta, atualmente, com alguns tipos de parcerias. As principais s\u00e3o:<\/span><\/p>\n<ol>\n<li style=\"text-align: justify;\"><strong><span style=\"color: #ff0000;\">As entidades executoras dos estudos: CPqD, Unicamp e Daimon, al\u00e9m da portuguesa CEiiA, Mob2Electric e Quorum Brasil.<\/span><\/strong><\/li>\n<li style=\"text-align: justify;\"><strong><span style=\"color: #ff0000;\">\u00a0As empresas que utilizam os ve\u00edculos: Natura, Bosch, Instituto CCR, Unicamp, Sanasa e Hertz e outras parcerias em fase de fechamento.<\/span><\/strong><\/li>\n<li style=\"text-align: justify;\"><span style=\"color: #ff0000;\">\u00a0<strong>As empresas que possuem eletropostos em seus estabelecimentos: a Rede Graal e o Shopping Iguatemi.<\/strong><\/span><\/li>\n<\/ol>\n<p style=\"text-align: justify;\"><span style=\"color: #993300;\"><strong>O nome do Projeto<\/strong><\/span><\/p>\n<p style=\"text-align: justify;\"><span style=\"color: #000000;\">A origem do nome Emotive se deu a partir de algumas conex\u00f5es entre o concreto e o abstrato. O concreto (ou t\u00e9cnico) da marca se inspirou em automotivo:<span style=\"color: #0000ff;\"> \u201cauto\u201d<\/span> e<span style=\"color: #0000ff;\"> \u201co\u201d<\/span> substitu\u00eddo por E com objetivo de indicar Energia do come\u00e7o ao fim. A asson\u00e2ncia da letra<span style=\"color: #0000ff;\"> \u201cE\u201d<\/span> favorece a memoriza\u00e7\u00e3o e a pron\u00fancia. Al\u00e9m de continuar significando <span style=\"color: #0000ff;\">\u201cautomotivo\u201d<\/span>, por\u00e9m, na l\u00edngua inglesa: <span style=\"color: #0000ff;\">\u201cautomotive\u201d<\/span>.<\/span><\/p>\n<p style=\"text-align: justify;\"><span style=\"color: #000000;\">J\u00e1 o abstrato da marca est\u00e1 ligado \u00e0s emo\u00e7\u00f5es humanas, o que conecta e motiva a cuidar do meio ambiente. <span style=\"color: #0000ff;\"><strong>EMOTIV<\/strong><\/span>E representa o motivo de ser sustent\u00e1vel. Existe, por fim, a sigla VE ao final da palavra, que significa Ve\u00edculo El\u00e9trico.<\/span><\/p>\n<p style=\"text-align: justify;\"><span style=\"color: #000000;\">Para mais informa\u00e7\u00f5es acesse:<\/span>\u00a0<strong><span style=\"color: #0000ff;\">http:\/\/www.cpfl.com.br\/ e\u00a0www.bosch.com.br<\/span><\/strong><\/p>\n<p>&nbsp;<\/p>\n","protected":false},"excerpt":{"rendered":"<p>Multinacional incorporou Renault Kangoo \u00e0 frota de ve\u00edculos operacionais como parte das pesquisas do Emotive \u2013 Programa de Mobilidade El\u00e9trica da CPFL Campinas, 09 de dezembro de 2016 \u2013 A CPFL Energia, maior grupo privado do setor el\u00e9trico brasileiro, e a Bosch, uma l\u00edder mundial no fornecimento de tecnologia e servi\u00e7os, firmaram acordo para ampliar [&hellip;]<\/p>\n","protected":false},"author":1,"featured_media":4516,"comment_status":"open","ping_status":"open","sticky":false,"template":"","format":"standard","meta":{"_uag_custom_page_level_css":"","footnotes":""},"categories":[29],"tags":[1508,1535,1771,1882,3129,3130,5766,7772,9625,10184,10591],"class_list":["post-4514","post","type-post","status-publish","format-standard","has-post-thumbnail","hentry","category-energia","tag-bosch-service","tag-brasil","tag-campinas-sp","tag-carros-eletricos","tag-cpfl-energia","tag-cpfl-paulista","tag-hertz","tag-mobilidade-eletrica","tag-programa-emotive","tag-renault-fluence","tag-sanasa"],"blocksy_meta":[],"spectra_blocks_featured_image_url":[],"spectra_blocks_author_info":{"display_name":"Jornal da Constru\u00e7\u00e3o Civil","avatar_url":"https:\/\/secure.gravatar.com\/avatar\/973c9774fd44ddaceb026973c4962faa70fc512bc4c9da68e8ebb40fecee6540?s=96&d=mm&r=g","author_link":"https:\/\/construcaocivil.siriusmarketingedesign.com.br\/?author=1","description":"Desde de 2013, levando muitas informa\u00e7\u00f5es, lan\u00e7amentos e produtos de qualidade para toda cadeia produtiva da constru\u00e7\u00e3o. O Futuro da constru\u00e7\u00e3o passa por aqui,"},"uagb_featured_image_src":{"full":false,"thumbnail":false,"medium":false,"medium_large":false,"large":false,"1536x1536":false,"2048x2048":false},"uagb_author_info":{"display_name":"Jornal da Constru\u00e7\u00e3o Civil","author_link":"https:\/\/construcaocivil.siriusmarketingedesign.com.br\/?author=1"},"uagb_comment_info":0,"uagb_excerpt":"Multinacional incorporou Renault Kangoo \u00e0 frota de ve\u00edculos operacionais como parte das pesquisas do Emotive \u2013 Programa de Mobilidade El\u00e9trica da CPFL Campinas, 09 de dezembro de 2016 \u2013 A CPFL Energia, maior grupo privado do setor el\u00e9trico brasileiro, e a Bosch, uma l\u00edder mundial no fornecimento de tecnologia e servi\u00e7os, firmaram acordo para ampliar&hellip;","_links":{"self":[{"href":"https:\/\/construcaocivil.siriusmarketingedesign.com.br\/index.php?rest_route=\/wp\/v2\/posts\/4514","targetHints":{"allow":["GET"]}}],"collection":[{"href":"https:\/\/construcaocivil.siriusmarketingedesign.com.br\/index.php?rest_route=\/wp\/v2\/posts"}],"about":[{"href":"https:\/\/construcaocivil.siriusmarketingedesign.com.br\/index.php?rest_route=\/wp\/v2\/types\/post"}],"author":[{"embeddable":true,"href":"https:\/\/construcaocivil.siriusmarketingedesign.com.br\/index.php?rest_route=\/wp\/v2\/users\/1"}],"replies":[{"embeddable":true,"href":"https:\/\/construcaocivil.siriusmarketingedesign.com.br\/index.php?rest_route=%2Fwp%2Fv2%2Fcomments&post=4514"}],"version-history":[{"count":0,"href":"https:\/\/construcaocivil.siriusmarketingedesign.com.br\/index.php?rest_route=\/wp\/v2\/posts\/4514\/revisions"}],"wp:attachment":[{"href":"https:\/\/construcaocivil.siriusmarketingedesign.com.br\/index.php?rest_route=%2Fwp%2Fv2%2Fmedia&parent=4514"}],"wp:term":[{"taxonomy":"category","embeddable":true,"href":"https:\/\/construcaocivil.siriusmarketingedesign.com.br\/index.php?rest_route=%2Fwp%2Fv2%2Fcategories&post=4514"},{"taxonomy":"post_tag","embeddable":true,"href":"https:\/\/construcaocivil.siriusmarketingedesign.com.br\/index.php?rest_route=%2Fwp%2Fv2%2Ftags&post=4514"}],"curies":[{"name":"wp","href":"https:\/\/api.w.org\/{rel}","templated":true}]}}