{"id":4523,"date":"2016-12-09T14:09:43","date_gmt":"2016-12-09T17:09:43","guid":{"rendered":"http:\/\/www.jornaldaconstrucaocivil.com.br\/?p=4523"},"modified":"2016-12-09T14:09:43","modified_gmt":"2016-12-09T17:09:43","slug":"em-100-dias-de-governo-temer-nao-consegue-fazer-o-pais-andar-e-gera-desconfianca-no-mercado","status":"publish","type":"post","link":"https:\/\/construcaocivil.siriusmarketingedesign.com.br\/?p=4523","title":{"rendered":"Em 100 dias de governo TEMER n\u00e3o consegue fazer o pa\u00eds andar e gera desconfian\u00e7a no mercado"},"content":{"rendered":"<p style=\"text-align: justify;\"><span style=\"color: #000080;\"><strong>Sem panetone e chester, ind\u00fastria e trabalhador brasileiro pedem por dias melhores na economia<\/strong><\/span><\/p>\n<figure id=\"attachment_4526\" aria-describedby=\"caption-attachment-4526\" style=\"width: 344px\" class=\"wp-caption alignleft\"><a href=\"http:\/\/www.jornaldaconstrucaocivil.com.br\/wp-content\/uploads\/2016\/12\/TEMER-OK.jpeg\"><img loading=\"lazy\" decoding=\"async\" class=\"wp-image-4526\" src=\"http:\/\/www.jornaldaconstrucaocivil.com.br\/wp-content\/uploads\/2016\/12\/TEMER-OK-1024x682.jpeg\" alt=\"temer-ok\" width=\"344\" height=\"229\" \/><\/a><figcaption id=\"caption-attachment-4526\" class=\"wp-caption-text\"><strong><span style=\"color: #993300;\">Presidente Michel Temer discursa durante a \u201cBrazil Opportunities Conference 2016\u201d.<\/span><\/strong><span style=\"color: #993300;\"> Foto: Beto Barata\/PR<\/span><\/figcaption><\/figure>\n<p style=\"text-align: justify;\"><span style=\"color: #000000;\"><span style=\"color: #993300;\">Dezembro, 2016<\/span> &#8211; Desde quando assumiu a presid\u00eancia da rep\u00fablica oficialmente(31\/08\/16), o presidente Michel Temer anunciou uma s\u00e9rie de medidas para fazer o Brasil voltar a andar nos trilhos. Entretanto, os movimentos tomados pela sua equipe economia ainda n\u00e3o tem surgido efeito positivo no mercado. O desemprego \u00e9 enorme, s\u00e3o mais de 12 milh\u00f5es desempregados, a PPI prometida para o setor de Infraestrutura segue em passos de tartaruga, os investidores externos pedem mais clareza e seguran\u00e7a jur\u00eddica do governo em rela\u00e7\u00e3o aos seus projetos econ\u00f4micos.<\/span><\/p>\n<p style=\"text-align: justify;\"><span style=\"color: #000000;\">Os estados, em crise financeira tentam urgentemente agilizarem medidas de cortes de gastos, que na verdade n\u00e3o altera em muito o sofrimento econ\u00f4mico dos estados, \u00e9, entre os estados em situa\u00e7\u00e3o mais grave, est\u00e3o, Rio de Janeiro, Rio Grande do Sul e Minas, que pedem socorro! \u00c0 medida que a crise se acentua entre a sociedade de norte a sul do pa\u00eds, v\u00e1rios agentes p\u00fablicos influentes da \u00e9poca de bonan\u00e7a somem, ou melhor, est\u00e3o envolvidos na Opera\u00e7\u00e3o Lava Jato. \u00a0E o futuro no pa\u00eds segue incerto, no aguardo da t\u00e3o prometida retomada do crescimento em tempos de vacas magras.<\/span><\/p>\n","protected":false},"excerpt":{"rendered":"<p>Sem panetone e chester, ind\u00fastria e trabalhador brasileiro pedem por dias melhores na economia Dezembro, 2016 &#8211; Desde quando assumiu a presid\u00eancia da rep\u00fablica oficialmente(31\/08\/16), o presidente Michel Temer anunciou uma s\u00e9rie de medidas para fazer o Brasil voltar a andar nos trilhos. Entretanto, os movimentos tomados pela sua equipe economia ainda n\u00e3o tem surgido [&hellip;]<\/p>\n","protected":false},"author":1,"featured_media":4526,"comment_status":"open","ping_status":"open","sticky":false,"template":"","format":"standard","meta":{"_uag_custom_page_level_css":"","footnotes":""},"categories":[27],"tags":[1535,1583,3173,3503,3879,4433,5975,6174,11042],"class_list":["post-4523","post","type-post","status-publish","format-standard","has-post-thumbnail","hentry","category-acontece","tag-brasil","tag-brazil-de-oportunidades","tag-crescimento-parado","tag-desemprego-alto","tag-economia-em-crise","tag-equipe-economica-parada","tag-incerteza-no-futuro","tag-instabilidade","tag-setores-economicos"],"blocksy_meta":[],"spectra_blocks_featured_image_url":[],"spectra_blocks_author_info":{"display_name":"Jornal da Constru\u00e7\u00e3o Civil","avatar_url":"https:\/\/secure.gravatar.com\/avatar\/973c9774fd44ddaceb026973c4962faa70fc512bc4c9da68e8ebb40fecee6540?s=96&d=mm&r=g","author_link":"https:\/\/construcaocivil.siriusmarketingedesign.com.br\/?author=1","description":"Desde de 2013, levando muitas informa\u00e7\u00f5es, lan\u00e7amentos e produtos de qualidade para toda cadeia produtiva da constru\u00e7\u00e3o. O Futuro da constru\u00e7\u00e3o passa por aqui,"},"uagb_featured_image_src":{"full":false,"thumbnail":false,"medium":false,"medium_large":false,"large":false,"1536x1536":false,"2048x2048":false},"uagb_author_info":{"display_name":"Jornal da Constru\u00e7\u00e3o Civil","author_link":"https:\/\/construcaocivil.siriusmarketingedesign.com.br\/?author=1"},"uagb_comment_info":0,"uagb_excerpt":"Sem panetone e chester, ind\u00fastria e trabalhador brasileiro pedem por dias melhores na economia Dezembro, 2016 &#8211; Desde quando assumiu a presid\u00eancia da rep\u00fablica oficialmente(31\/08\/16), o presidente Michel Temer anunciou uma s\u00e9rie de medidas para fazer o Brasil voltar a andar nos trilhos. Entretanto, os movimentos tomados pela sua equipe economia ainda n\u00e3o tem surgido&hellip;","_links":{"self":[{"href":"https:\/\/construcaocivil.siriusmarketingedesign.com.br\/index.php?rest_route=\/wp\/v2\/posts\/4523","targetHints":{"allow":["GET"]}}],"collection":[{"href":"https:\/\/construcaocivil.siriusmarketingedesign.com.br\/index.php?rest_route=\/wp\/v2\/posts"}],"about":[{"href":"https:\/\/construcaocivil.siriusmarketingedesign.com.br\/index.php?rest_route=\/wp\/v2\/types\/post"}],"author":[{"embeddable":true,"href":"https:\/\/construcaocivil.siriusmarketingedesign.com.br\/index.php?rest_route=\/wp\/v2\/users\/1"}],"replies":[{"embeddable":true,"href":"https:\/\/construcaocivil.siriusmarketingedesign.com.br\/index.php?rest_route=%2Fwp%2Fv2%2Fcomments&post=4523"}],"version-history":[{"count":0,"href":"https:\/\/construcaocivil.siriusmarketingedesign.com.br\/index.php?rest_route=\/wp\/v2\/posts\/4523\/revisions"}],"wp:attachment":[{"href":"https:\/\/construcaocivil.siriusmarketingedesign.com.br\/index.php?rest_route=%2Fwp%2Fv2%2Fmedia&parent=4523"}],"wp:term":[{"taxonomy":"category","embeddable":true,"href":"https:\/\/construcaocivil.siriusmarketingedesign.com.br\/index.php?rest_route=%2Fwp%2Fv2%2Fcategories&post=4523"},{"taxonomy":"post_tag","embeddable":true,"href":"https:\/\/construcaocivil.siriusmarketingedesign.com.br\/index.php?rest_route=%2Fwp%2Fv2%2Ftags&post=4523"}],"curies":[{"name":"wp","href":"https:\/\/api.w.org\/{rel}","templated":true}]}}