{"id":4529,"date":"2016-12-09T14:21:12","date_gmt":"2016-12-09T17:21:12","guid":{"rendered":"http:\/\/www.jornaldaconstrucaocivil.com.br\/?p=4529"},"modified":"2016-12-09T14:21:12","modified_gmt":"2016-12-09T17:21:12","slug":"meta-de-25-gigawatts-de-energia-solar-fotovoltaica-em-2030-deve-trazer-mais-de-r-125-bilhoes-em-investimentos-ao-pais-projeta-absolar","status":"publish","type":"post","link":"https:\/\/construcaocivil.siriusmarketingedesign.com.br\/?p=4529","title":{"rendered":"Meta de 25 gigawatts de energia solar fotovoltaica em 2030 deve trazer mais de R$ 125 bilh\u00f5es em investimentos ao Pa\u00eds, projeta ABSOLAR"},"content":{"rendered":"<p style=\"text-align: justify;\"><em><span style=\"color: #000080;\"><strong>Segundo o presidente da entidade, Dr. Rodrigo Sauaia, novo planejamento do governo para cumprir os compromissos do Acordo de Paris apontam para 10% da matriz el\u00e9trica abastecida por energia solar fotovoltaica<\/strong><\/span><\/em><\/p>\n<p style=\"text-align: justify;\"><span style=\"color: #000000;\"><span style=\"color: #993300;\">S\u00e3o Paulo, 8 dezembro de 2016<\/span> \u2013 As novas proje\u00e7\u00f5es da Empresa de Pesquisa Energ\u00e9tica (EPE), lan\u00e7adas em recente nota t\u00e9cnica, com a meta de 25 gigawatts (GW) em pot\u00eancia instalada da fonte solar fotovoltaica at\u00e9 2030, est\u00e3o cada vez mais alinhadas com as expectativas setor fotovoltaico brasileiro e mobilizar\u00e3o mais de R$ 125 bilh\u00f5es em investimentos ao Pa\u00eds na constru\u00e7\u00e3o dos projetos.<\/span><\/p>\n<p style=\"text-align: justify;\"><span style=\"color: #000000;\">A previs\u00e3o \u00e9 do presidente-executivo da Associa\u00e7\u00e3o Brasileira de Energia Solar Fotovoltaica (ABSOLAR), Dr. Rodrigo Sauaia. Segundo ele, as novas proje\u00e7\u00f5es divulgadas pelo governo federal s\u00e3o positivas, na medida em que sinalizam um esfor\u00e7o concreto de diversificar a matriz el\u00e9trica nacional por meio do aumento da participa\u00e7\u00e3o de fontes renov\u00e1veis com baixa emiss\u00e3o de gases de efeito estufa (GEE).<\/span><\/p>\n<p style=\"text-align: justify;\"><span style=\"color: #000000;\">Para Sauaia, o grande destaque vai para a fonte solar fotovoltaica, cuja participa\u00e7\u00e3o na matriz el\u00e9trica brasileira ser\u00e1 fortemente ampliada de 0,01% em 2015 para mais de 10% em 2030, um crescimento de mil vezes em um horizonte de 15 anos, maior crescimento relativo do per\u00edodo.<\/span><\/p>\n<p style=\"text-align: justify;\"><span style=\"color: #000000;\">Segundo a nota t\u00e9cnica da EPE,\u00a0 intitulada<em><span style=\"color: #993300;\"> \u201cO Compromisso do Brasil no Combate \u00e0s Mudan\u00e7as Clim\u00e1ticas: Produ\u00e7\u00e3o e Uso de Energia\u201d<\/span><\/em>, documento que serviu de base para a defini\u00e7\u00e3o das metas nacionais de redu\u00e7\u00e3o de emiss\u00f5es de gases de efeito estufa, conforme os compromissos assumidos pelo Brasil no Acordo de Paris, que entrou em vigor em novembro de 2016, os 25 GW de energia solar fotovoltaica que far\u00e3o parte da matriz el\u00e9trica brasileira de 2030 estar\u00e3o divididos em 17 GW de gera\u00e7\u00e3o centralizada solar fotovoltaica (usinas de grande porte) e 8,2 GW de gera\u00e7\u00e3o distribu\u00edda solar fotovoltaica (sistemas em edif\u00edcios residenciais, comerciais, industriais, p\u00fablicos e na zona rural).<\/span><\/p>\n<p style=\"text-align: justify;\"><span style=\"color: #000000;\"><span style=\"color: #000080;\"><em>\u201cApesar de representar um avan\u00e7o consider\u00e1vel frente \u00e0s proje\u00e7\u00f5es anteriores, a ABSOLAR recomenda uma meta nacional de 30 GW em energia solar fotovoltaica at\u00e9 2030, levando em considera\u00e7\u00e3o o envolvimento tanto do governo federal, quanto de governos estaduais e municipais\u201d<\/em><\/span>, diz Sauaia.<\/span><\/p>\n<p style=\"text-align: justify;\"><span style=\"color: #000000;\">De acordo com dados da ABSOLAR, o segmento de micro e minigera\u00e7\u00e3o distribu\u00edda solar fotovoltaica, que registrou crescimento de 320% em 2015, conta atualmente com mais de 6000 sistemas em todo o pa\u00eds, representando mais de 42 MW em pot\u00eancia instalada, o equivalente a mais de R$ 375 milh\u00f5es em investimentos privados.<\/span><\/p>\n<p style=\"text-align: justify;\"><span style=\"color: #000000;\">J\u00e1 no segmento de gera\u00e7\u00e3o centralizada, o Pa\u00eds conta atualmente com 3,3 GW em projetos da fonte solar fotovoltaica contratados via leil\u00f5es de energia, o que dever\u00e1 movimentar mais de R$ 13,5 bilh\u00f5es at\u00e9 2018. <em><span style=\"color: #000080;\">\u201cA estimativa preliminar da ABSOLAR para 2017 aponta para um volume de novas contrata\u00e7\u00f5es para a fonte solar fotovoltaica de 2 GW por meio de leil\u00f5es de gera\u00e7\u00e3o centralizada\u201d, comenta Sauaia. \u201cSimultaneamente, estimamos que o mercado de gera\u00e7\u00e3o distribu\u00edda solar fotovoltaica continuar\u00e1 em forte trajet\u00f3ria ascendente, com destaque para clientes residenciais e comerciais, motivados a reduzir os seus gastos com energia el\u00e9trica\u201d<\/span><\/em>, acrescenta.<\/span><\/p>\n<p style=\"text-align: justify;\"><span style=\"color: #000000;\">Os compromissos assumidos pelo Brasil no Acordo de Paris, que busca combater as mudan\u00e7as clim\u00e1ticas e limitar o aumento da temperatura do planeta, incluem metas para reduzir em 37% as emiss\u00f5es nacionais de GEE at\u00e9 2025 e em 43% at\u00e9 2030, ambas em rela\u00e7\u00e3o ao ano-refer\u00eancia de 2005. Adicionalmente, o pa\u00eds se comprometeu a ampliar a participa\u00e7\u00e3o das fontes renov\u00e1veis n\u00e3o-h\u00eddricas (solar, e\u00f3lica e biomassa) na matriz el\u00e9trica brasileira para pelo menos 23% at\u00e9 2030.<\/span><\/p>\n","protected":false},"excerpt":{"rendered":"<p>Segundo o presidente da entidade, Dr. Rodrigo Sauaia, novo planejamento do governo para cumprir os compromissos do Acordo de Paris apontam para 10% da matriz el\u00e9trica abastecida por energia solar fotovoltaica S\u00e3o Paulo, 8 dezembro de 2016 \u2013 As novas proje\u00e7\u00f5es da Empresa de Pesquisa Energ\u00e9tica (EPE), lan\u00e7adas em recente nota t\u00e9cnica, com a meta [&hellip;]<\/p>\n","protected":false},"author":1,"featured_media":0,"comment_status":"open","ping_status":"open","sticky":false,"template":"","format":"standard","meta":{"_uag_custom_page_level_css":"","footnotes":""},"categories":[29],"tags":[428,997,1436,2376,2882,3809,4176,4394,5165,5725,6823,11291],"class_list":["post-4529","post","type-post","status-publish","format-standard","hentry","category-energia","tag-acordo-de-paris","tag-associacao-brasileira-de-energia-solar-fotovoltaica-absolar","tag-biomassa","tag-co2","tag-construcao-dos-projetos","tag-dr-rodrigo-sauaia","tag-empresa-de-pesquisa-energetica-epe","tag-eolica","tag-fontes-renovaveis-nao-hidricas","tag-gw","tag-leiloes-de-energia","tag-solar"],"blocksy_meta":[],"spectra_blocks_featured_image_url":null,"spectra_blocks_author_info":{"display_name":"Jornal da Constru\u00e7\u00e3o Civil","avatar_url":"https:\/\/secure.gravatar.com\/avatar\/973c9774fd44ddaceb026973c4962faa70fc512bc4c9da68e8ebb40fecee6540?s=96&d=mm&r=g","author_link":"https:\/\/construcaocivil.siriusmarketingedesign.com.br\/?author=1","description":"Desde de 2013, levando muitas informa\u00e7\u00f5es, lan\u00e7amentos e produtos de qualidade para toda cadeia produtiva da constru\u00e7\u00e3o. O Futuro da constru\u00e7\u00e3o passa por aqui,"},"uagb_featured_image_src":{"full":false,"thumbnail":false,"medium":false,"medium_large":false,"large":false,"1536x1536":false,"2048x2048":false},"uagb_author_info":{"display_name":"Jornal da Constru\u00e7\u00e3o Civil","author_link":"https:\/\/construcaocivil.siriusmarketingedesign.com.br\/?author=1"},"uagb_comment_info":0,"uagb_excerpt":"Segundo o presidente da entidade, Dr. Rodrigo Sauaia, novo planejamento do governo para cumprir os compromissos do Acordo de Paris apontam para 10% da matriz el\u00e9trica abastecida por energia solar fotovoltaica S\u00e3o Paulo, 8 dezembro de 2016 \u2013 As novas proje\u00e7\u00f5es da Empresa de Pesquisa Energ\u00e9tica (EPE), lan\u00e7adas em recente nota t\u00e9cnica, com a meta&hellip;","_links":{"self":[{"href":"https:\/\/construcaocivil.siriusmarketingedesign.com.br\/index.php?rest_route=\/wp\/v2\/posts\/4529","targetHints":{"allow":["GET"]}}],"collection":[{"href":"https:\/\/construcaocivil.siriusmarketingedesign.com.br\/index.php?rest_route=\/wp\/v2\/posts"}],"about":[{"href":"https:\/\/construcaocivil.siriusmarketingedesign.com.br\/index.php?rest_route=\/wp\/v2\/types\/post"}],"author":[{"embeddable":true,"href":"https:\/\/construcaocivil.siriusmarketingedesign.com.br\/index.php?rest_route=\/wp\/v2\/users\/1"}],"replies":[{"embeddable":true,"href":"https:\/\/construcaocivil.siriusmarketingedesign.com.br\/index.php?rest_route=%2Fwp%2Fv2%2Fcomments&post=4529"}],"version-history":[{"count":0,"href":"https:\/\/construcaocivil.siriusmarketingedesign.com.br\/index.php?rest_route=\/wp\/v2\/posts\/4529\/revisions"}],"wp:attachment":[{"href":"https:\/\/construcaocivil.siriusmarketingedesign.com.br\/index.php?rest_route=%2Fwp%2Fv2%2Fmedia&parent=4529"}],"wp:term":[{"taxonomy":"category","embeddable":true,"href":"https:\/\/construcaocivil.siriusmarketingedesign.com.br\/index.php?rest_route=%2Fwp%2Fv2%2Fcategories&post=4529"},{"taxonomy":"post_tag","embeddable":true,"href":"https:\/\/construcaocivil.siriusmarketingedesign.com.br\/index.php?rest_route=%2Fwp%2Fv2%2Ftags&post=4529"}],"curies":[{"name":"wp","href":"https:\/\/api.w.org\/{rel}","templated":true}]}}