{"id":4540,"date":"2016-12-10T13:18:43","date_gmt":"2016-12-10T16:18:43","guid":{"rendered":"http:\/\/www.jornaldaconstrucaocivil.com.br\/?p=4540"},"modified":"2016-12-10T13:18:43","modified_gmt":"2016-12-10T16:18:43","slug":"projeto-sao-francisco-eixo-leste-tera-agua-no-primeiro-trimestre-de-2017","status":"publish","type":"post","link":"https:\/\/construcaocivil.siriusmarketingedesign.com.br\/?p=4540","title":{"rendered":"Projeto S\u00e3o Francisco: Eixo Leste ter\u00e1 \u00e1gua no primeiro trimestre de 2017"},"content":{"rendered":"<p style=\"text-align: justify;\"><strong><em><span style=\"color: #000080;\">Presidente Temer e ministro Helder Barbalho vistoriam esta\u00e7\u00e3o de bombeamento e reservat\u00f3rio em Floresta (PE)<\/span><\/em><\/strong><\/p>\n<p style=\"text-align: justify;\"><span style=\"color: #000000;\"><span style=\"color: #0000ff;\">Floresta-PE, Dezembro, 2016<\/span> \u2013 O presidente da Rep\u00fablica, Michel Temer, e o ministro da Integra\u00e7\u00e3o Nacional, Helder Barbalho, vistoriaram ontem (9\/12) a Esta\u00e7\u00e3o de Bombeamento (EBV-3) e o Reservat\u00f3rio de Salgueiro, localizados no Eixo Leste do Projeto de Integra\u00e7\u00e3o do Rio S\u00e3o Francisco, em Floresta (PE). A previs\u00e3o \u00e9 de que este eixo, que j\u00e1 apresenta 95,6% de execu\u00e7\u00e3o operacional, tenha \u00e1gua correndo nas estruturas no primeiro trimestre de 2017. Quando conclu\u00eddo, o empreendimento levar\u00e1 \u00e1gua para mais de 12 milh\u00f5es de pessoas nos estados de Pernambuco, Cear\u00e1, Para\u00edba e Rio Grande do Norte.<\/span><\/p>\n<p style=\"text-align: justify;\"><span style=\"color: #000000;\">O \u00edndice geral de avan\u00e7o do Projeto S\u00e3o Francisco \u00e9 de 90,8% de execu\u00e7\u00e3o. A \u00e1gua deve chegar ao munic\u00edpio de Monteiro (PB) no primeiro trimestre em 2017 e seguir\u00e1 pelo rio Para\u00edba at\u00e9 Campina Grande (PB). No Eixo Norte, que deve ser conclu\u00eddo no segundo semestre do pr\u00f3ximo ano, a \u00e1gua deve chegar ao reservat\u00f3rio Jati (CE) em agosto; na Regi\u00e3o Metropolitana de Fortaleza em setembro; e no Rio Grande do Norte at\u00e9 dezembro. Os novos prazos s\u00e3o decorrentes da substitui\u00e7\u00e3o da Mendes J\u00fanior na primeira etapa desse eixo.<\/span><\/p>\n<p style=\"text-align: justify;\"><span style=\"color: #000000;\">O edital para contrata\u00e7\u00e3o de uma nova construtora foi publicado ontem, sexta-feira (9) no Di\u00e1rio Oficial da Uni\u00e3o e est\u00e1 dispon\u00edvel para consulta nos portais do Minist\u00e9rio da Integra\u00e7\u00e3o Nacional e de Compras do Governo Federal (Comprasnet).<strong><span style=\"color: #0000ff;\">\u00a0 <a style=\"color: #0000ff;\" href=\"http:\/\/mi.gov.br\/web\/guest\/area-de-imprensa\/todas-as-noticias\/-\/asset_publisher\/YEkzzDUSRvZi\/content\/projeto-sao-francisco-edital-das-obras-do-eixo-norte-e-publicado?inheritRedirect=false&amp;redirect=http%3A%2F%2Fmi.gov.br%2Fweb%2Fguest%2Farea-de-imprensa%2Ftodas-as-noticias%3Fp_p_id%3D101_INSTANCE_YEkzzDUSRvZi%26p_p_lifecycle%3D0%26p_p_state%3Dnormal%26p_p_mode%3Dview%26p_p_col_id%3Dcolumn-1%26p_p_col_pos%3D1%26p_p_col_count%3D2\" target=\"_blank\">Leia mais.<\/a><\/span><\/strong><\/span><\/p>\n<p style=\"text-align: justify;\"><span style=\"color: #000000;\">As estruturas vistoriadas pela comitiva federal j\u00e1 est\u00e3o praticamente finalizadas. Respons\u00e1vel por elevar a \u00e1gua em 63,5 metros de altura, medida equivalente a um pr\u00e9dio de 21 andares, a EBV-3 est\u00e1 com 94,1% de execu\u00e7\u00e3o. A esta\u00e7\u00e3o vai bombear a \u00e1gua at\u00e9 a quarta elevat\u00f3ria (EBV-4), depois de passar por tr\u00eas reservat\u00f3rios j\u00e1 conclu\u00eddos e um aqueduto que est\u00e1 em fase final de execu\u00e7\u00e3o. O Reservat\u00f3rio de Salgueiro, que est\u00e1 pronto para opera\u00e7\u00e3o e recebimento de \u00e1gua, tem capacidade de armazenamento de quatro milh\u00f5es de metros c\u00fabicos.<\/span><\/p>\n<p style=\"text-align: justify;\"><strong><span style=\"color: #993300;\">Pernambuco recebe R$ 45,7 milh\u00f5es para obras h\u00eddricas<\/span><\/strong><\/p>\n<p style=\"text-align: justify;\"><span style=\"color: #000000;\">J\u00e1 manh\u00e3 da sexta-feira (9), o presidente Temer e o ministro Helder Barbalho estiveram em Surubim (PE), onde assinaram duas ordens de servi\u00e7o para liberar R$ 45,7 milh\u00f5es para obras h\u00eddricas no estado. Uma delas \u00e9 destinada \u00e0 recupera\u00e7\u00e3o e moderniza\u00e7\u00e3o da Barragem Jucazinho, com investimento de R$ 12 milh\u00f5es na primeira fase. A segunda ordem de servi\u00e7o repassa R$ 33,7 milh\u00f5es para a constru\u00e7\u00e3o de uma adutora que interligar\u00e1 o Sistema Siriji aos Sistemas Integrados Palmeirinha e Jucazinho. As medidas integram um conjunto de a\u00e7\u00f5es do Governo Federal para apoiar os estados que enfrentam um per\u00edodo de longa seca e estiagem.<\/span><\/p>\n<p style=\"text-align: justify;\">Fonte: ASCOM\/ Minist\u00e9rio da Integra\u00e7\u00e3o Nacional<\/p>\n","protected":false},"excerpt":{"rendered":"<p>Presidente Temer e ministro Helder Barbalho vistoriam esta\u00e7\u00e3o de bombeamento e reservat\u00f3rio em Floresta (PE) Floresta-PE, Dezembro, 2016 \u2013 O presidente da Rep\u00fablica, Michel Temer, e o ministro da Integra\u00e7\u00e3o Nacional, Helder Barbalho, vistoriaram ontem (9\/12) a Esta\u00e7\u00e3o de Bombeamento (EBV-3) e o Reservat\u00f3rio de Salgueiro, localizados no Eixo Leste do Projeto de Integra\u00e7\u00e3o do [&hellip;]<\/p>\n","protected":false},"author":1,"featured_media":0,"comment_status":"open","ping_status":"open","sticky":false,"template":"","format":"standard","meta":{"_uag_custom_page_level_css":"","footnotes":""},"categories":[31],"tags":[561,2046,2582,2583,2950,3856,5128,6096,7643,7755,8373,8629,8828,9729,10383,11465],"class_list":["post-4540","post","type-post","status-publish","format-standard","hentry","category-infraestrutura","tag-agua-no-sertao","tag-ceara","tag-compras-do-governo-federal","tag-comprasnet","tag-construtora-mendes-junior","tag-economia","tag-floresta-pe","tag-infraestrutura","tag-michel-temer","tag-ministro-helder-barbalho","tag-obras-do-rio-sao-francisco","tag-paraiba","tag-pernambuco","tag-projeto-sao-francisco","tag-rio-grande-do-norte","tag-surubimpe"],"blocksy_meta":[],"spectra_blocks_featured_image_url":null,"spectra_blocks_author_info":{"display_name":"Jornal da Constru\u00e7\u00e3o Civil","avatar_url":"https:\/\/secure.gravatar.com\/avatar\/973c9774fd44ddaceb026973c4962faa70fc512bc4c9da68e8ebb40fecee6540?s=96&d=mm&r=g","author_link":"https:\/\/construcaocivil.siriusmarketingedesign.com.br\/?author=1","description":"Desde de 2013, levando muitas informa\u00e7\u00f5es, lan\u00e7amentos e produtos de qualidade para toda cadeia produtiva da constru\u00e7\u00e3o. O Futuro da constru\u00e7\u00e3o passa por aqui,"},"uagb_featured_image_src":{"full":false,"thumbnail":false,"medium":false,"medium_large":false,"large":false,"1536x1536":false,"2048x2048":false},"uagb_author_info":{"display_name":"Jornal da Constru\u00e7\u00e3o Civil","author_link":"https:\/\/construcaocivil.siriusmarketingedesign.com.br\/?author=1"},"uagb_comment_info":0,"uagb_excerpt":"Presidente Temer e ministro Helder Barbalho vistoriam esta\u00e7\u00e3o de bombeamento e reservat\u00f3rio em Floresta (PE) Floresta-PE, Dezembro, 2016 \u2013 O presidente da Rep\u00fablica, Michel Temer, e o ministro da Integra\u00e7\u00e3o Nacional, Helder Barbalho, vistoriaram ontem (9\/12) a Esta\u00e7\u00e3o de Bombeamento (EBV-3) e o Reservat\u00f3rio de Salgueiro, localizados no Eixo Leste do Projeto de Integra\u00e7\u00e3o do&hellip;","_links":{"self":[{"href":"https:\/\/construcaocivil.siriusmarketingedesign.com.br\/index.php?rest_route=\/wp\/v2\/posts\/4540","targetHints":{"allow":["GET"]}}],"collection":[{"href":"https:\/\/construcaocivil.siriusmarketingedesign.com.br\/index.php?rest_route=\/wp\/v2\/posts"}],"about":[{"href":"https:\/\/construcaocivil.siriusmarketingedesign.com.br\/index.php?rest_route=\/wp\/v2\/types\/post"}],"author":[{"embeddable":true,"href":"https:\/\/construcaocivil.siriusmarketingedesign.com.br\/index.php?rest_route=\/wp\/v2\/users\/1"}],"replies":[{"embeddable":true,"href":"https:\/\/construcaocivil.siriusmarketingedesign.com.br\/index.php?rest_route=%2Fwp%2Fv2%2Fcomments&post=4540"}],"version-history":[{"count":0,"href":"https:\/\/construcaocivil.siriusmarketingedesign.com.br\/index.php?rest_route=\/wp\/v2\/posts\/4540\/revisions"}],"wp:attachment":[{"href":"https:\/\/construcaocivil.siriusmarketingedesign.com.br\/index.php?rest_route=%2Fwp%2Fv2%2Fmedia&parent=4540"}],"wp:term":[{"taxonomy":"category","embeddable":true,"href":"https:\/\/construcaocivil.siriusmarketingedesign.com.br\/index.php?rest_route=%2Fwp%2Fv2%2Fcategories&post=4540"},{"taxonomy":"post_tag","embeddable":true,"href":"https:\/\/construcaocivil.siriusmarketingedesign.com.br\/index.php?rest_route=%2Fwp%2Fv2%2Ftags&post=4540"}],"curies":[{"name":"wp","href":"https:\/\/api.w.org\/{rel}","templated":true}]}}