{"id":4542,"date":"2016-12-12T16:34:42","date_gmt":"2016-12-12T19:34:42","guid":{"rendered":"http:\/\/www.jornaldaconstrucaocivil.com.br\/?p=4542"},"modified":"2016-12-12T16:34:42","modified_gmt":"2016-12-12T19:34:42","slug":"schneider-electric-assume-compromissos-com-colaboradores-e-comunidade-lgbt","status":"publish","type":"post","link":"https:\/\/construcaocivil.siriusmarketingedesign.com.br\/?p=4542","title":{"rendered":"Schneider Electric assume compromissos com colaboradores e comunidade LGBT"},"content":{"rendered":"<p style=\"text-align: justify;\"><em><strong><span style=\"color: #000080;\">An\u00fancio marca o in\u00edcio de um programa com atividades de inclus\u00e3o e diversidade promovidas pela empresa<\/span><\/strong><\/em><\/p>\n<p style=\"text-align: justify;\"><span style=\"color: #000000;\"><span style=\"color: #993300;\">S\u00e3o Paulo, dezembro de 2016<\/span> &#8211; A Schneider Electric, especialista global em gest\u00e3o de energia e automa\u00e7\u00e3o, assumiu 10 compromissos com a comunidade LGBT com um programa de incentivo \u00e0 diversidade na companhia.<\/span><\/p>\n<p style=\"text-align: justify;\"><span style=\"color: #000000;\"><em><span style=\"color: #000080;\">\u201cDiversidade \u00e9 um tema priorit\u00e1rio para a Schneider. Acreditamos que a igualdade \u00e9 fundamental para a satisfa\u00e7\u00e3o de nossos colaboradores, atrair novos talentos e ajudar a promover transforma\u00e7\u00f5es importantes na nossa sociedade. Al\u00e9m disso, um ambiente que aceita a diversidade \u00e9 prop\u00edcio para inova\u00e7\u00e3o, ingrediente essencial para que nossa empresa continue competitiva e diferenciada em nosso mercado\u201d<\/span><\/em>, diz Tania Cosentino, Presidente da Schneider Electric para Am\u00e9rica do Sul.<\/span><\/p>\n<p style=\"text-align: justify;\"><span style=\"color: #000000;\">Os compromissos adotados pela Schneider preveem o respeito e a promo\u00e7\u00e3o de direitos LGBT:<\/span><\/p>\n<p style=\"text-align: justify;\"><strong><span style=\"color: #993300;\">Comprometer-se com o respeito e promo\u00e7\u00e3o de direitos LGBT;<\/span><\/strong><\/p>\n<p style=\"text-align: justify;\"><strong><span style=\"color: #993300;\">Promover a igualdade de oportunidades e tratamento justo para as pessoas;<\/span><\/strong><\/p>\n<p style=\"text-align: justify;\"><strong><span style=\"color: #993300;\">Promover ambiente respeitoso, seguro e saud\u00e1vel;<\/span><\/strong><\/p>\n<p style=\"text-align: justify;\"><strong><span style=\"color: #993300;\">Sensibilizar e educar para o respeito aos direitos;<\/span><\/strong><\/p>\n<p style=\"text-align: justify;\"><strong><span style=\"color: #993300;\">Estimular e apoiar a cria\u00e7\u00e3o de grupos de afinidade;<\/span><\/strong><\/p>\n<p style=\"text-align: justify;\"><strong><span style=\"color: #993300;\">Promover o respeito aos direitos LGBT em Comunica\u00e7\u00e3o e Marketing;<\/span><\/strong><\/p>\n<p style=\"text-align: justify;\"><strong><span style=\"color: #993300;\">Promover o respeito pelos direitos LGBT na concep\u00e7\u00e3o de produtos, servi\u00e7os e no atendimento ao cliente;<\/span><\/strong><\/p>\n<p style=\"text-align: justify;\"><strong><span style=\"color: #993300;\">Promover o desenvolvimento profissional para os colaboradores LGBT;<\/span><\/strong><\/p>\n<p style=\"text-align: justify;\"><strong><span style=\"color: #993300;\">Promover o desenvolvimento econ\u00f4mico e social;<\/span><\/strong><\/p>\n<p style=\"text-align: justify;\"><strong><span style=\"color: #993300;\">Promover e apoiar a\u00e7\u00f5es em favor dos direitos LGBT na comunidade.\u00a0<\/span><\/strong><\/p>\n<p style=\"text-align: justify;\"><span style=\"color: #000000;\">Os compromissos foram anunciados no F\u00f3rum LGBT, realizado essa semana na empresa com 320 participantes. Al\u00e9m de lideran\u00e7as e colaboradores da companhia, o evento reuniu nomes como Reinaldo Bulgarelli, coordenador dos cursos de Sustentabilidade, Responsabilidade Social Empresarial, Diversidade e Terceiro Setor do Programa de Educa\u00e7\u00e3o Continuada da FGV|SP; Adriana Ferreira, l\u00edder de Diversidade e Inclus\u00e3o da IBM no Brasil; Simone Soares Bianche, diretora de Recursos Humanos da Du Pont; Vin\u00edcius Mercado, l\u00edder do Diversitas, grupo de apoio \u00e0 Diversidade LGBT e Aliados na AIG Seguradora; e Jaqueline Suryan, advogada s\u00eanior do Mattos Filho Advogados e co-lider do grupo Mfriendly dedicado a falar do tema LGBT no ambiente de trabalho e na sociedade.<\/span><\/p>\n<p style=\"text-align: justify;\"><span style=\"color: #000000;\">O evento marca o in\u00edcio de uma s\u00e9rie de atividades \u2013 como debates e palestras &#8211; que promover\u00e3o a inclus\u00e3o desses p\u00fablicos, al\u00e9m do engajamento de todos os colaboradores nas discuss\u00f5es sobre o tema.<\/span><\/p>\n<p><span style=\"color: #000000;\">Para a Schneider Electric, isso \u00e9 Life is On, acesse:<\/span><strong><span style=\"color: #0000ff;\">\u00a0<u><a style=\"color: #0000ff;\" href=\"http:\/\/www.schneider-electric.com.br\/\" target=\"_blank\">www.schneider-electric.com.br<\/a><\/u><\/span><\/strong><\/p>\n<p>&nbsp;<\/p>\n","protected":false},"excerpt":{"rendered":"<p>An\u00fancio marca o in\u00edcio de um programa com atividades de inclus\u00e3o e diversidade promovidas pela empresa S\u00e3o Paulo, dezembro de 2016 &#8211; A Schneider Electric, especialista global em gest\u00e3o de energia e automa\u00e7\u00e3o, assumiu 10 compromissos com a comunidade LGBT com um programa de incentivo \u00e0 diversidade na companhia. \u201cDiversidade \u00e9 um tema priorit\u00e1rio para [&hellip;]<\/p>\n","protected":false},"author":1,"featured_media":0,"comment_status":"open","ping_status":"open","sticky":false,"template":"","format":"standard","meta":{"_uag_custom_page_level_css":"","footnotes":""},"categories":[27],"tags":[2244,2596,3746,5450,5878,6849,10713,11858],"class_list":["post-4542","post","type-post","status-publish","format-standard","hentry","category-acontece","tag-cidadania","tag-comunidade-lgbt","tag-diversidade","tag-gestao-de-energia-e-automacao","tag-igualdade","tag-lgbt","tag-schneider-electric","tag-trabalho"],"blocksy_meta":[],"spectra_blocks_featured_image_url":null,"spectra_blocks_author_info":{"display_name":"Jornal da Constru\u00e7\u00e3o Civil","avatar_url":"https:\/\/secure.gravatar.com\/avatar\/973c9774fd44ddaceb026973c4962faa70fc512bc4c9da68e8ebb40fecee6540?s=96&d=mm&r=g","author_link":"https:\/\/construcaocivil.siriusmarketingedesign.com.br\/?author=1","description":"Desde de 2013, levando muitas informa\u00e7\u00f5es, lan\u00e7amentos e produtos de qualidade para toda cadeia produtiva da constru\u00e7\u00e3o. O Futuro da constru\u00e7\u00e3o passa por aqui,"},"uagb_featured_image_src":{"full":false,"thumbnail":false,"medium":false,"medium_large":false,"large":false,"1536x1536":false,"2048x2048":false},"uagb_author_info":{"display_name":"Jornal da Constru\u00e7\u00e3o Civil","author_link":"https:\/\/construcaocivil.siriusmarketingedesign.com.br\/?author=1"},"uagb_comment_info":0,"uagb_excerpt":"An\u00fancio marca o in\u00edcio de um programa com atividades de inclus\u00e3o e diversidade promovidas pela empresa S\u00e3o Paulo, dezembro de 2016 &#8211; A Schneider Electric, especialista global em gest\u00e3o de energia e automa\u00e7\u00e3o, assumiu 10 compromissos com a comunidade LGBT com um programa de incentivo \u00e0 diversidade na companhia. \u201cDiversidade \u00e9 um tema priorit\u00e1rio para&hellip;","_links":{"self":[{"href":"https:\/\/construcaocivil.siriusmarketingedesign.com.br\/index.php?rest_route=\/wp\/v2\/posts\/4542","targetHints":{"allow":["GET"]}}],"collection":[{"href":"https:\/\/construcaocivil.siriusmarketingedesign.com.br\/index.php?rest_route=\/wp\/v2\/posts"}],"about":[{"href":"https:\/\/construcaocivil.siriusmarketingedesign.com.br\/index.php?rest_route=\/wp\/v2\/types\/post"}],"author":[{"embeddable":true,"href":"https:\/\/construcaocivil.siriusmarketingedesign.com.br\/index.php?rest_route=\/wp\/v2\/users\/1"}],"replies":[{"embeddable":true,"href":"https:\/\/construcaocivil.siriusmarketingedesign.com.br\/index.php?rest_route=%2Fwp%2Fv2%2Fcomments&post=4542"}],"version-history":[{"count":0,"href":"https:\/\/construcaocivil.siriusmarketingedesign.com.br\/index.php?rest_route=\/wp\/v2\/posts\/4542\/revisions"}],"wp:attachment":[{"href":"https:\/\/construcaocivil.siriusmarketingedesign.com.br\/index.php?rest_route=%2Fwp%2Fv2%2Fmedia&parent=4542"}],"wp:term":[{"taxonomy":"category","embeddable":true,"href":"https:\/\/construcaocivil.siriusmarketingedesign.com.br\/index.php?rest_route=%2Fwp%2Fv2%2Fcategories&post=4542"},{"taxonomy":"post_tag","embeddable":true,"href":"https:\/\/construcaocivil.siriusmarketingedesign.com.br\/index.php?rest_route=%2Fwp%2Fv2%2Ftags&post=4542"}],"curies":[{"name":"wp","href":"https:\/\/api.w.org\/{rel}","templated":true}]}}