{"id":4546,"date":"2016-12-12T16:47:33","date_gmt":"2016-12-12T19:47:33","guid":{"rendered":"http:\/\/www.jornaldaconstrucaocivil.com.br\/?p=4546"},"modified":"2016-12-12T16:47:33","modified_gmt":"2016-12-12T19:47:33","slug":"veiculo-leve-sobre-trilhos-vlt-do-rio-e-envelopado-em-homenagem-ao-dia-do-arquiteto-e-urbanista","status":"publish","type":"post","link":"https:\/\/construcaocivil.siriusmarketingedesign.com.br\/?p=4546","title":{"rendered":"Ve\u00edculo Leve sobre Trilhos (VLT) do Rio \u00e9 envelopado em homenagem ao dia do arquiteto e urbanista"},"content":{"rendered":"<p style=\"text-align: justify;\"><em><span style=\"color: #000080;\">Campanha do Conselho de Arquitetura e Urbanismo prop\u00f5e dez medidas pela qualidade das obras nas cidades e a valoriza\u00e7\u00e3o do profissional<\/span><\/em><\/p>\n<p style=\"text-align: justify;\"><span style=\"color: #000000;\"><span style=\"color: #ff0000;\">Rio, Dezembro, 2016\u00a0<\/span>&#8211; Em homenagem ao dia do Arquiteto e Urbanista, comemorado em 15 de dezembro, data de nascimento do \u00edcone Oscar Niemeyer, o Conselho de Arquitetura e Urbanismo do Brasil (CAU\/BR) lan\u00e7a uma campanha publicit\u00e1ria cuja tem\u00e1tica s\u00e3o cidades melhores. <span style=\"color: #000080;\"><em>\u201cEm conson\u00e2ncia com a Nova Agenda Urbana das Na\u00e7\u00f5es Unidas, propomos \u00e0 sociedade em geral, em especial aos prefeitos e vereadores eleitos, dez medidas pela qualidade das cidades\u201d<\/em><\/span>, informa Haroldo Pinheiro, presidente nacional da autarquia.<\/span><\/p>\n<p style=\"text-align: justify;\"><a href=\"http:\/\/www.jornaldaconstrucaocivil.com.br\/wp-content\/uploads\/2016\/12\/VLT-RJ.jpg-OK.jpg\"><img loading=\"lazy\" decoding=\"async\" class=\"wp-image-4547 alignleft\" src=\"http:\/\/www.jornaldaconstrucaocivil.com.br\/wp-content\/uploads\/2016\/12\/VLT-RJ.jpg-OK-1024x448.jpg\" alt=\"vlt-rj-jpg-ok\" width=\"441\" height=\"193\" \/><\/a><\/p>\n<p style=\"text-align: justify;\"><span style=\"color: #000000;\">Uma das pe\u00e7as da campanha vai usar o VLT, rede de ve\u00edculos leves sobre trilhos em opera\u00e7\u00e3o que integra o centro do Rio de Janeiro, o Aeroporto Santos Dumont e a regi\u00e3o portu\u00e1ria. A assinatura de todas as pe\u00e7as traz o seguinte mote. \u201cO planejamento urbano melhora nosso lugar no mundo. Concorda, Prefeito?\u201d. O objetivo \u00e9 conscientizar gestores p\u00fablicos sobre a import\u00e2ncia da Arquitetura e do Urbanismo. No caso do VLT, a pe\u00e7a \u00e9 assinada tamb\u00e9m pelo CAU\/RJ. A veicula\u00e7\u00e3o ocorrer\u00e1 durante um m\u00eas, a partir de 12 de dezembro.<\/span><\/p>\n<p style=\"text-align: justify;\"><span style=\"color: #000000;\"><span style=\"color: #000080;\"><em>\u201cO VLT foi escolhido por sua evidente visibilidade e por ser um s\u00edmbolo das transforma\u00e7\u00f5es pelas quais a cidade do Rio de Janeiro passou. No entanto, nem todas essas transforma\u00e7\u00f5es aconteceram da forma que entendemos ser ideal, com mais participa\u00e7\u00e3o da sociedade, dos das entidades civis e dos pr\u00f3prios arquitetos e urbanistas. O que queremos \u00e9 justamente valorizar o esfor\u00e7o coletivo para a cria\u00e7\u00e3o de cidades mais felizes, justas e inclusivas\u201d<\/em><\/span>, explica Jer\u00f4nimo de Moraes, presidente do CAU\/RJ.<\/span><\/p>\n<p style=\"text-align: justify;\"><span style=\"color: #000000;\">As pe\u00e7as publicit\u00e1rias tratam da necessidade de programas de requalifica\u00e7\u00e3o e planejamento urbano, fomentando o debate entre a popula\u00e7\u00e3o. Tamb\u00e9m chama a aten\u00e7\u00e3o dos prefeitos para a import\u00e2ncia do trabalho dos arquitetos e urbanistas no planejamento urbano.<\/span><\/p>\n<p style=\"text-align: justify;\"><span style=\"color: #000000;\">Entre os dias 13 e 17 ser\u00e1 veiculado nacionalmente um filme de 30\u201d em quatro programas da TV Globo (Bom Dia Brasil, Mais Voc\u00ea, \u00c9 de Casa e Jornal Hoje) e tr\u00eas na TV Record (Fala Brasil, Hoje em Dia e novela Terra Prometida). Foram programadas tamb\u00e9m, para o per\u00edodo entre 11 e 17 de dezembro,\u00a0 veicula\u00e7\u00f5es em seis programas da GNT e outros seis da GloboNews em TV. O v\u00eddeo tamb\u00e9m ser\u00e1 disponibilizado no canal do CAU\/BR no Youtube. No Rio, haver\u00e1, al\u00e9m do envelopamento do VLT, an\u00fancio de meia p\u00e1gina no jornal O Globo e busdoors.\u00a0 Outros ve\u00edculos utilizados s\u00e3o: os jornais Folha de S.Paulo,\u00a0 O Estado de S.Paulo e Metro; r\u00e1dios CBN AM\/FM e Bandnews; portais Globo.com, Folha.com e Estad\u00e3o.com e outros segmentados do setor de Arquitetura e Urbanismo, al\u00e9m de Facebook. Da mesma forma como o VLT no Rio, em S\u00e3o Paulo haver\u00e1 o envelopamento de uma composi\u00e7\u00e3o do metr\u00f4 (linha Verde).<\/span><\/p>\n<p style=\"text-align: justify;\"><span style=\"color: #000000;\">Para conhecer as dez medidas propostas:\u00a0<strong><span style=\"color: #0000ff;\">http:\/\/www.caurj.gov.br\/?p=24066<\/span><\/strong><\/span><\/p>\n","protected":false},"excerpt":{"rendered":"<p>Campanha do Conselho de Arquitetura e Urbanismo prop\u00f5e dez medidas pela qualidade das obras nas cidades e a valoriza\u00e7\u00e3o do profissional Rio, Dezembro, 2016\u00a0&#8211; Em homenagem ao dia do Arquiteto e Urbanista, comemorado em 15 de dezembro, data de nascimento do \u00edcone Oscar Niemeyer, o Conselho de Arquitetura e Urbanismo do Brasil (CAU\/BR) lan\u00e7a uma [&hellip;]<\/p>\n","protected":false},"author":1,"featured_media":4547,"comment_status":"open","ping_status":"open","sticky":false,"template":"","format":"standard","meta":{"_uag_custom_page_level_css":"","footnotes":""},"categories":[27],"tags":[923,2016,3607,7773,11895,12242,12454],"class_list":["post-4546","post","type-post","status-publish","format-standard","has-post-thumbnail","hentry","category-acontece","tag-arquitetura-e-urbanismo","tag-cau-rj","tag-dia-do-arquiteto-e-urbanista","tag-mobilidade-urbana","tag-transporte-publico","tag-veiculos-leves","tag-vlt-rio"],"blocksy_meta":[],"spectra_blocks_featured_image_url":[],"spectra_blocks_author_info":{"display_name":"Jornal da Constru\u00e7\u00e3o Civil","avatar_url":"https:\/\/secure.gravatar.com\/avatar\/973c9774fd44ddaceb026973c4962faa70fc512bc4c9da68e8ebb40fecee6540?s=96&d=mm&r=g","author_link":"https:\/\/construcaocivil.siriusmarketingedesign.com.br\/?author=1","description":"Desde de 2013, levando muitas informa\u00e7\u00f5es, lan\u00e7amentos e produtos de qualidade para toda cadeia produtiva da constru\u00e7\u00e3o. O Futuro da constru\u00e7\u00e3o passa por aqui,"},"uagb_featured_image_src":{"full":false,"thumbnail":false,"medium":false,"medium_large":false,"large":false,"1536x1536":false,"2048x2048":false},"uagb_author_info":{"display_name":"Jornal da Constru\u00e7\u00e3o Civil","author_link":"https:\/\/construcaocivil.siriusmarketingedesign.com.br\/?author=1"},"uagb_comment_info":0,"uagb_excerpt":"Campanha do Conselho de Arquitetura e Urbanismo prop\u00f5e dez medidas pela qualidade das obras nas cidades e a valoriza\u00e7\u00e3o do profissional Rio, Dezembro, 2016\u00a0&#8211; Em homenagem ao dia do Arquiteto e Urbanista, comemorado em 15 de dezembro, data de nascimento do \u00edcone Oscar Niemeyer, o Conselho de Arquitetura e Urbanismo do Brasil (CAU\/BR) lan\u00e7a uma&hellip;","_links":{"self":[{"href":"https:\/\/construcaocivil.siriusmarketingedesign.com.br\/index.php?rest_route=\/wp\/v2\/posts\/4546","targetHints":{"allow":["GET"]}}],"collection":[{"href":"https:\/\/construcaocivil.siriusmarketingedesign.com.br\/index.php?rest_route=\/wp\/v2\/posts"}],"about":[{"href":"https:\/\/construcaocivil.siriusmarketingedesign.com.br\/index.php?rest_route=\/wp\/v2\/types\/post"}],"author":[{"embeddable":true,"href":"https:\/\/construcaocivil.siriusmarketingedesign.com.br\/index.php?rest_route=\/wp\/v2\/users\/1"}],"replies":[{"embeddable":true,"href":"https:\/\/construcaocivil.siriusmarketingedesign.com.br\/index.php?rest_route=%2Fwp%2Fv2%2Fcomments&post=4546"}],"version-history":[{"count":0,"href":"https:\/\/construcaocivil.siriusmarketingedesign.com.br\/index.php?rest_route=\/wp\/v2\/posts\/4546\/revisions"}],"wp:attachment":[{"href":"https:\/\/construcaocivil.siriusmarketingedesign.com.br\/index.php?rest_route=%2Fwp%2Fv2%2Fmedia&parent=4546"}],"wp:term":[{"taxonomy":"category","embeddable":true,"href":"https:\/\/construcaocivil.siriusmarketingedesign.com.br\/index.php?rest_route=%2Fwp%2Fv2%2Fcategories&post=4546"},{"taxonomy":"post_tag","embeddable":true,"href":"https:\/\/construcaocivil.siriusmarketingedesign.com.br\/index.php?rest_route=%2Fwp%2Fv2%2Ftags&post=4546"}],"curies":[{"name":"wp","href":"https:\/\/api.w.org\/{rel}","templated":true}]}}