{"id":455,"date":"2015-11-23T03:22:23","date_gmt":"2015-11-23T03:22:23","guid":{"rendered":"http:\/\/www.jornaldaconstrucaocivil.com.br\/?p=455"},"modified":"2015-11-23T03:22:23","modified_gmt":"2015-11-23T03:22:23","slug":"maricarj-inicia-dia-24-recadastramento-obrigatorio-do-cartao-mumbuca","status":"publish","type":"post","link":"https:\/\/construcaocivil.siriusmarketingedesign.com.br\/?p=455","title":{"rendered":"Maric\u00e1(RJ) inicia dia 24 recadastramento obrigat\u00f3rio do Cart\u00e3o Mumbuca"},"content":{"rendered":"<p><strong><span style=\"color: #000000;\">Perto de completar dois anos de exist\u00eancia em dezembro, o programa Moeda Social Mumbuca \u2013 a primeira moeda social do pa\u00eds com cart\u00e3o de d\u00e9bito \u2013 entra na fase de recadastramento dos benefici\u00e1rios obrigat\u00f3rio tanto dos usu\u00e1rios quanto dos comerciantes da cidade.<\/span><\/strong><\/p>\n<p><span style=\"color: #000000;\"> A a\u00e7\u00e3o, definida por decreto do prefeito Washington Quaqu\u00e1,\u00a0come\u00e7a na\u00a0pr\u00f3xima ter\u00e7a feira 24\/11 e ser\u00e1 encerrada no dia 28\/11.<\/span><\/p>\n<p><span style=\"color: #000000;\">De acordo com o secret\u00e1rio municipal adjunto de Economia Solid\u00e1ria e Combate \u00e0 Pobreza, Andr\u00e9 Luiz Braga, a medida\u00a0\u00e9 uma ferramenta importante de controle e de refor\u00e7o ao\u00a0combate \u00e0 pobreza no munic\u00edpio. \u201cEste recadastramento vai melhorar e aperfei\u00e7oar essa a\u00e7\u00e3o. Ser\u00e1 tamb\u00e9m a\u00a0base para um melhor desenvolvimento s\u00f3cio econ\u00f4mico dos benefici\u00e1rios e da cidade\u201d, afirma.<\/span><\/p>\n<p><span style=\"color: #000000;\">Para a atualiza\u00e7\u00e3o dos dados, o benefici\u00e1rio do programa dever\u00e1 comparecer aos postos com os seguintes documentos: c\u00f3pias da identidade, CPF, t\u00edtulo de eleitor, PIS ou PASEP, comprovante de resid\u00eancia atualizado, al\u00e9m da carteira profissional, cart\u00e3o do INSS (aux\u00edlio doen\u00e7a ou aposentadoria), declara\u00e7\u00e3o escolar (para maiores de 5 anos caso possuir) com c\u00f3pia de documenta\u00e7\u00e3o do c\u00f4njuge (RG, CPF e\u00a0comprovante de resid\u00eancia), CNIS completo com CAD \u00fanico e Cart\u00e3o Mumbuca com c\u00f3pia do comprovante de resid\u00eancia atualizado.<\/span><\/p>\n<p><span style=\"color: #000000;\"><strong>Veja os locais de recadastramento:<\/strong>\u00a0<\/span><\/p>\n<p><span style=\"color: #000000;\">Complexo Poliesportivo Leonel Brizola \u2013 Av. Roberto Silveira, s\/n\u00ba &#8211; Flamengo;<\/span><\/p>\n<p><span style=\"color: #000000;\">E.M. Joana Benedicta Rangel \u2013 Av. Nossa Senhora do Amparo, 240 \u2013 Centro;<\/span><\/p>\n<p><span style=\"color: #000000;\">E.M Caic Elomir Silva \u2013 Av. Guaruj\u00e1, Lote 1 \u2013 S\u00e3o Jos\u00e9 do Imbassa\u00ed;<\/span><\/p>\n<p><span style=\"color: #000000;\">Cordeirinho Futebol Clube \u2013 Estrada de Cordeirinho, s\/n\u00ba \u2013 Cordeirinho;<\/span><\/p>\n<p><span style=\"color: #000000;\">Esporte Clube Ponta Negra \u2013 Rua Moacir Vale dos Santos, s\/n\u00ba \u2013 Ponta Negra;<\/span><\/p>\n<p><span style=\"color: #000000;\">Igreja Assembleia de Deus \u2013 Rua Elias da Cruz, s\/n\u00ba \u2013 Ino\u00e3;<\/span><\/p>\n<p><span style=\"color: #000000;\">Residencial Carlos Alberto Soares de Freitas &#8211; Minha Casa Minha Vida \u2013 Final da Rua Leonardo Jos\u00e9 Antunes \u2013 Ino\u00e3;<\/span><\/p>\n<p><span style=\"color: #000000;\">Residencial Carlos Marighella &#8211; Minha Casa Minha Vida \u2013 Rua Ant\u00f4nio Neiva, s\/n\u00ba \u2013 Itaipua\u00e7u;<\/span><\/p>\n<p><span style=\"color: #000000;\">E.M Marqu\u00eas de Maric\u00e1 \u2013 Rua 36, esquina com a Rua 83 \u2013 Itaipua\u00e7u;\u00a0<\/span><\/p>\n<p><strong>Fonte: ASCOM\/MARIC\u00c1-RJ<\/strong><\/p>\n","protected":false},"excerpt":{"rendered":"<p>Perto de completar dois anos de exist\u00eancia em dezembro, o programa Moeda Social Mumbuca \u2013 a primeira moeda social do pa\u00eds com cart\u00e3o de d\u00e9bito \u2013 entra na fase de recadastramento dos benefici\u00e1rios obrigat\u00f3rio tanto dos usu\u00e1rios quanto dos comerciantes da cidade. A a\u00e7\u00e3o, definida por decreto do prefeito Washington Quaqu\u00e1,\u00a0come\u00e7a na\u00a0pr\u00f3xima ter\u00e7a feira 24\/11 [&hellip;]<\/p>\n","protected":false},"author":1,"featured_media":0,"comment_status":"open","ping_status":"open","sticky":false,"template":"","format":"quote","meta":{"_uag_custom_page_level_css":"","footnotes":""},"categories":[27],"tags":[3596,7291,7815,9933],"class_list":["post-455","post","type-post","status-publish","format-quote","hentry","category-acontece","tag-dia-24","tag-marica","tag-moeda-social-mumbuca","tag-recadastramento","post_format-post-format-quote"],"blocksy_meta":[],"spectra_blocks_featured_image_url":null,"spectra_blocks_author_info":{"display_name":"Jornal da Constru\u00e7\u00e3o Civil","avatar_url":"https:\/\/secure.gravatar.com\/avatar\/973c9774fd44ddaceb026973c4962faa70fc512bc4c9da68e8ebb40fecee6540?s=96&d=mm&r=g","author_link":"https:\/\/construcaocivil.siriusmarketingedesign.com.br\/?author=1","description":"Desde de 2013, levando muitas informa\u00e7\u00f5es, lan\u00e7amentos e produtos de qualidade para toda cadeia produtiva da constru\u00e7\u00e3o. O Futuro da constru\u00e7\u00e3o passa por aqui,"},"uagb_featured_image_src":{"full":false,"thumbnail":false,"medium":false,"medium_large":false,"large":false,"1536x1536":false,"2048x2048":false},"uagb_author_info":{"display_name":"Jornal da Constru\u00e7\u00e3o Civil","author_link":"https:\/\/construcaocivil.siriusmarketingedesign.com.br\/?author=1"},"uagb_comment_info":0,"uagb_excerpt":"Perto de completar dois anos de exist\u00eancia em dezembro, o programa Moeda Social Mumbuca \u2013 a primeira moeda social do pa\u00eds com cart\u00e3o de d\u00e9bito \u2013 entra na fase de recadastramento dos benefici\u00e1rios obrigat\u00f3rio tanto dos usu\u00e1rios quanto dos comerciantes da cidade. A a\u00e7\u00e3o, definida por decreto do prefeito Washington Quaqu\u00e1,\u00a0come\u00e7a na\u00a0pr\u00f3xima ter\u00e7a feira 24\/11&hellip;","_links":{"self":[{"href":"https:\/\/construcaocivil.siriusmarketingedesign.com.br\/index.php?rest_route=\/wp\/v2\/posts\/455","targetHints":{"allow":["GET"]}}],"collection":[{"href":"https:\/\/construcaocivil.siriusmarketingedesign.com.br\/index.php?rest_route=\/wp\/v2\/posts"}],"about":[{"href":"https:\/\/construcaocivil.siriusmarketingedesign.com.br\/index.php?rest_route=\/wp\/v2\/types\/post"}],"author":[{"embeddable":true,"href":"https:\/\/construcaocivil.siriusmarketingedesign.com.br\/index.php?rest_route=\/wp\/v2\/users\/1"}],"replies":[{"embeddable":true,"href":"https:\/\/construcaocivil.siriusmarketingedesign.com.br\/index.php?rest_route=%2Fwp%2Fv2%2Fcomments&post=455"}],"version-history":[{"count":0,"href":"https:\/\/construcaocivil.siriusmarketingedesign.com.br\/index.php?rest_route=\/wp\/v2\/posts\/455\/revisions"}],"wp:attachment":[{"href":"https:\/\/construcaocivil.siriusmarketingedesign.com.br\/index.php?rest_route=%2Fwp%2Fv2%2Fmedia&parent=455"}],"wp:term":[{"taxonomy":"category","embeddable":true,"href":"https:\/\/construcaocivil.siriusmarketingedesign.com.br\/index.php?rest_route=%2Fwp%2Fv2%2Fcategories&post=455"},{"taxonomy":"post_tag","embeddable":true,"href":"https:\/\/construcaocivil.siriusmarketingedesign.com.br\/index.php?rest_route=%2Fwp%2Fv2%2Ftags&post=455"}],"curies":[{"name":"wp","href":"https:\/\/api.w.org\/{rel}","templated":true}]}}