{"id":4554,"date":"2016-12-12T17:36:14","date_gmt":"2016-12-12T20:36:14","guid":{"rendered":"http:\/\/www.jornaldaconstrucaocivil.com.br\/?p=4554"},"modified":"2016-12-12T17:36:14","modified_gmt":"2016-12-12T20:36:14","slug":"coca-cola-brasil-promove-semana-movimento-coletivo","status":"publish","type":"post","link":"https:\/\/construcaocivil.siriusmarketingedesign.com.br\/?p=4554","title":{"rendered":"Coca-Cola Brasil promove \u201cSemana Movimento Coletivo\u201c"},"content":{"rendered":"<p style=\"text-align: justify;\"><strong><em><span style=\"color: #000080;\">Parte das vendas de produtos do portf\u00f3lio ser\u00e1 destinada a projeto que ajuda jovens em todo o pa\u00eds<\/span><\/em><\/strong><\/p>\n<p style=\"text-align: justify;\"><span style=\"color: #000000;\">De 12 a 18 de dezembro, durante a <span style=\"color: #0000ff;\">Semana Movimento Coletivo<\/span>, parte do lucro obtido com as vendas de produtos da Coca-Cola Brasil vai beneficiar projetos realizados em parceria com mais de 400 organiza\u00e7\u00f5es apoiadas pelo Instituto Coca-Cola Brasil. Para participar, basta comprar qualquer um dos mais de 125 produtos que fazem parte do portf\u00f3lio da Coca-Cola Brasil, entre \u00e1guas, ch\u00e1s, refrigerantes, bebidas de frutas e isot\u00f4nicos, dispon\u00edveis em mais de um milh\u00e3o de pontos de venda.<\/span><\/p>\n<p style=\"text-align: justify;\"><span style=\"color: #000000;\">Desde 2009, o programa Coletivo Jovem, que ser\u00e1 beneficiado pela a\u00e7\u00e3o, ajuda pessoas entre 16 e 25 anos a se prepararem para o mercado de trabalho e as conecta com oportunidades para se desenvolverem. O programa, do Instituto Coca-Cola Brasil, j\u00e1 formou mais de 130 mil jovens de 2010 a 2016, em mais de cem unidades, distribu\u00eddas em 13 estados e 51 munic\u00edpios.<\/span><\/p>\n<p style=\"text-align: justify;\"><span style=\"color: #000000;\"><em>\u201cAproveitamos a proximidade com o Natal para convidar os consumidores a se mobilizarem em torno de uma causa e de uma concep\u00e7\u00e3o: a de que cada a\u00e7\u00e3o individual, por menor que seja, pode fazer a diferen\u00e7a para termos uma sociedade mais justa\u201d,<\/em> diz Pedro Massa, Diretor de Valor Compartilhado da Coca-Cola Brasil.<\/span><\/p>\n<p style=\"text-align: justify;\"><span style=\"color: #ff0000;\"><strong>Instituto Coca-Cola Brasil<\/strong> <\/span>\u2013<span style=\"color: #000000;\"> O Instituto Coca-Cola Brasil, criado em 1999, \u00e9 uma organiza\u00e7\u00e3o sem fim lucrativos que tem como miss\u00e3o promover a transforma\u00e7\u00e3o socioambiental do pa\u00eds, em larga escala, potencializada por seus parceiros e pelo Sistema Coca-Cola Brasil. Para cumprir com sua miss\u00e3o, desenvolve tecnologia social para programas que gerem empoderamento por meio da gera\u00e7\u00e3o de renda e valoriza\u00e7\u00e3o da autoestima.<\/span><\/p>\n<p><strong>Sobre a Coca-Cola Brasil, acesse:<span style=\"color: #ff0000;\">\u00a0http:\/\/www.cocacola.com.br\/<\/span><\/strong><\/p>\n","protected":false},"excerpt":{"rendered":"<p>Parte das vendas de produtos do portf\u00f3lio ser\u00e1 destinada a projeto que ajuda jovens em todo o pa\u00eds De 12 a 18 de dezembro, durante a Semana Movimento Coletivo, parte do lucro obtido com as vendas de produtos da Coca-Cola Brasil vai beneficiar projetos realizados em parceria com mais de 400 organiza\u00e7\u00f5es apoiadas pelo Instituto [&hellip;]<\/p>\n","protected":false},"author":1,"featured_media":0,"comment_status":"open","ping_status":"open","sticky":false,"template":"","format":"standard","meta":{"_uag_custom_page_level_css":"","footnotes":""},"categories":[27],"tags":[567,1326,2201,2388,5002,6211,6414,8054,9594,10078,10838],"class_list":["post-4554","post","type-post","status-publish","format-standard","hentry","category-acontece","tag-aguas","tag-bebidas-de-frutas","tag-chas","tag-coca-cola-brasil","tag-festas-de-final-de-ano","tag-instituto-coca-cola-brasil","tag-isotonicos","tag-natal","tag-programa-coletivo-jovem","tag-refrigerantes","tag-semana-movimento-coletivo"],"blocksy_meta":[],"spectra_blocks_featured_image_url":null,"spectra_blocks_author_info":{"display_name":"Jornal da Constru\u00e7\u00e3o Civil","avatar_url":"https:\/\/secure.gravatar.com\/avatar\/973c9774fd44ddaceb026973c4962faa70fc512bc4c9da68e8ebb40fecee6540?s=96&d=mm&r=g","author_link":"https:\/\/construcaocivil.siriusmarketingedesign.com.br\/?author=1","description":"Desde de 2013, levando muitas informa\u00e7\u00f5es, lan\u00e7amentos e produtos de qualidade para toda cadeia produtiva da constru\u00e7\u00e3o. O Futuro da constru\u00e7\u00e3o passa por aqui,"},"uagb_featured_image_src":{"full":false,"thumbnail":false,"medium":false,"medium_large":false,"large":false,"1536x1536":false,"2048x2048":false},"uagb_author_info":{"display_name":"Jornal da Constru\u00e7\u00e3o Civil","author_link":"https:\/\/construcaocivil.siriusmarketingedesign.com.br\/?author=1"},"uagb_comment_info":0,"uagb_excerpt":"Parte das vendas de produtos do portf\u00f3lio ser\u00e1 destinada a projeto que ajuda jovens em todo o pa\u00eds De 12 a 18 de dezembro, durante a Semana Movimento Coletivo, parte do lucro obtido com as vendas de produtos da Coca-Cola Brasil vai beneficiar projetos realizados em parceria com mais de 400 organiza\u00e7\u00f5es apoiadas pelo Instituto&hellip;","_links":{"self":[{"href":"https:\/\/construcaocivil.siriusmarketingedesign.com.br\/index.php?rest_route=\/wp\/v2\/posts\/4554","targetHints":{"allow":["GET"]}}],"collection":[{"href":"https:\/\/construcaocivil.siriusmarketingedesign.com.br\/index.php?rest_route=\/wp\/v2\/posts"}],"about":[{"href":"https:\/\/construcaocivil.siriusmarketingedesign.com.br\/index.php?rest_route=\/wp\/v2\/types\/post"}],"author":[{"embeddable":true,"href":"https:\/\/construcaocivil.siriusmarketingedesign.com.br\/index.php?rest_route=\/wp\/v2\/users\/1"}],"replies":[{"embeddable":true,"href":"https:\/\/construcaocivil.siriusmarketingedesign.com.br\/index.php?rest_route=%2Fwp%2Fv2%2Fcomments&post=4554"}],"version-history":[{"count":0,"href":"https:\/\/construcaocivil.siriusmarketingedesign.com.br\/index.php?rest_route=\/wp\/v2\/posts\/4554\/revisions"}],"wp:attachment":[{"href":"https:\/\/construcaocivil.siriusmarketingedesign.com.br\/index.php?rest_route=%2Fwp%2Fv2%2Fmedia&parent=4554"}],"wp:term":[{"taxonomy":"category","embeddable":true,"href":"https:\/\/construcaocivil.siriusmarketingedesign.com.br\/index.php?rest_route=%2Fwp%2Fv2%2Fcategories&post=4554"},{"taxonomy":"post_tag","embeddable":true,"href":"https:\/\/construcaocivil.siriusmarketingedesign.com.br\/index.php?rest_route=%2Fwp%2Fv2%2Ftags&post=4554"}],"curies":[{"name":"wp","href":"https:\/\/api.w.org\/{rel}","templated":true}]}}