{"id":4565,"date":"2016-12-13T13:20:54","date_gmt":"2016-12-13T16:20:54","guid":{"rendered":"http:\/\/www.jornaldaconstrucaocivil.com.br\/?p=4565"},"modified":"2016-12-13T13:20:54","modified_gmt":"2016-12-13T16:20:54","slug":"conforto-e-personalidade-a-beira-mar","status":"publish","type":"post","link":"https:\/\/construcaocivil.siriusmarketingedesign.com.br\/?p=4565","title":{"rendered":"Conforto e personalidade \u00e0 beira mar"},"content":{"rendered":"<p style=\"text-align: justify;\"><strong><span style=\"color: #000080;\">O layout desta casa foi completamente reconstru\u00eddo pela arquiteta e designer de interiores Ana Rita Sousa e Silva e ganhou um projeto com design aconchegante e surpreendente!<\/span><\/strong><\/p>\n<figure id=\"attachment_4566\" aria-describedby=\"caption-attachment-4566\" style=\"width: 314px\" class=\"wp-caption alignleft\"><a href=\"http:\/\/www.jornaldaconstrucaocivil.com.br\/wp-content\/uploads\/2016\/12\/CASA-SAMPA.jpg\"><img loading=\"lazy\" decoding=\"async\" class=\"wp-image-4566\" src=\"http:\/\/www.jornaldaconstrucaocivil.com.br\/wp-content\/uploads\/2016\/12\/CASA-SAMPA-1024x683.jpg\" alt=\"casa-sampa\" width=\"314\" height=\"209\" \/><\/a><figcaption id=\"caption-attachment-4566\" class=\"wp-caption-text\"><span style=\"color: #993300;\">Projeto Guaec\u00e1 da arquiteta e designer de interiores Ana Rita Sousa e Silva \/ Imagem: Evelyn Muller<\/span><\/figcaption><\/figure>\n<p style=\"text-align: justify;\"><span style=\"color: #000000;\"><span style=\"color: #993300;\">Dezembro, 2016<\/span> &#8211; Com uma vista privilegiada e localizado no litoral norte de S\u00e3o Paulo, o projeto Guaec\u00e1, oferece conforto e personalidade. Aproveitando e respeitando a geografia e posicionamento do terreno, o design flu\u00eddo em desn\u00edveis fez com que a casa se tornasse parte da natureza, integrando-se totalmente ao seu entorno.<\/span><\/p>\n<p style=\"text-align: justify;\"><span style=\"color: #000000;\">Completamente remodelado, o projeto foi desenvolvido pela arquiteta e designer de interiores, Ana Rita Sousa e Silva, que comanda o escrit\u00f3rio AR Arquitetura &amp; Design.<\/span><\/p>\n<figure id=\"attachment_4568\" aria-describedby=\"caption-attachment-4568\" style=\"width: 241px\" class=\"wp-caption alignright\"><a href=\"http:\/\/www.jornaldaconstrucaocivil.com.br\/wp-content\/uploads\/2016\/12\/Parte-Interna.jpg\"><img loading=\"lazy\" decoding=\"async\" class=\"wp-image-4568\" src=\"http:\/\/www.jornaldaconstrucaocivil.com.br\/wp-content\/uploads\/2016\/12\/Parte-Interna-683x1024.jpg\" alt=\"parte-interna\" width=\"241\" height=\"362\" \/><\/a><figcaption id=\"caption-attachment-4568\" class=\"wp-caption-text\"><span style=\"color: #993300;\">Projeto Guaec\u00e1 da arquiteta e designer de interiores Ana Rita Sousa e Silva \/ Imagem: Evelyn Muller<\/span><\/figcaption><\/figure>\n<p style=\"text-align: justify;\"><span style=\"color: #000000;\">Com cerca de 30 anos, a antiga casa precisou ser reconstru\u00edda devido aos in\u00fameros por conta de problemas estruturais e estilo desgastado dos anos 80. Com isso, a arquiteta deixou apenas o corpo principal da constru\u00e7\u00e3o. P\u00e9s direitos foram aumentados, novas escadas e circula\u00e7\u00f5es para melhorar o layout e integra\u00e7\u00e3o dos espa\u00e7os foram criadas, todas as caixilharias, os acabamentos internos e externos foram substitu\u00eddos, e a \u00e1rea constru\u00edda foi ampliada, ficando com 670m\u00b2.<\/span><\/p>\n<p style=\"text-align: justify;\"><span style=\"color: #000000;\">O antigo revestimento de piso de pedra ard\u00f3sia, estcura e antiquada que existia na casa foi substitu\u00eddo por porcelanato de Travertino para dar mais claridade aos ambientes. A escada interna \u2013 que antes era enclausurada entre paredes \u2013 foi totalmente aberta e seu acabamento e guarda corpo foram substitu\u00eddos por madeira cumar\u00fa maci\u00e7a e bambu, e nas paredes junto aos degraus, balizadores de ilumina\u00e7\u00e3o embutida foram instalados para dar mais personalidade e funcionalidade a este elemento.<\/span><\/p>\n<p style=\"text-align: justify;\"><span style=\"color: #000000;\">Nas su\u00edtes, os p\u00e9s direitos foram aumentados 40cm e os banheiros tamb\u00e9m sofreram altera\u00e7\u00f5es para que pudessem ser ampliados. Neles, a cer\u00e2mica das paredes foi substitu\u00edda por pintura e pastilha branca nas \u00e1reas molhadas. As bancadas passaram a m\u00e1rmore branco com apenas uma prancha em madeira cumar\u00fa maci\u00e7a para evitar a umidade internas dos antigos gabinetes.<\/span><\/p>\n<figure id=\"attachment_4569\" aria-describedby=\"caption-attachment-4569\" style=\"width: 288px\" class=\"wp-caption alignleft\"><a href=\"http:\/\/www.jornaldaconstrucaocivil.com.br\/wp-content\/uploads\/2016\/12\/SUITES.jpg\"><img loading=\"lazy\" decoding=\"async\" class=\"wp-image-4569\" src=\"http:\/\/www.jornaldaconstrucaocivil.com.br\/wp-content\/uploads\/2016\/12\/SUITES-1024x683.jpg\" alt=\"suites\" width=\"288\" height=\"192\" \/><\/a><figcaption id=\"caption-attachment-4569\" class=\"wp-caption-text\"><span style=\"color: #993300;\">Projeto Guaec\u00e1 da arquiteta e designer de interiores Ana Rita Sousa e Silva \/ Imagem: Evelyn Muller<\/span><\/figcaption><\/figure>\n<p style=\"text-align: justify;\"><span style=\"color: #000000;\">Um diferencial \u00e9 a sala de jantar, que comporta 16 lugares sentados porque foi colocada no grande terra\u00e7o que se prolonga das salas de estar e lareira. As antigas portas de blindex de abrir foram substitu\u00eddas por portas de correr com caixilharia em freij\u00f3 natural e vidro em grandes pain\u00e9is para permitir maiores aberturas e integra\u00e7\u00e3o entre os tr\u00eas c\u00f4modos.<\/span><\/p>\n<p style=\"text-align: justify;\"><span style=\"color: #000000;\">A decora\u00e7\u00e3o dos espa\u00e7os buscou sua inspira\u00e7\u00e3o na africana origem de seus propriet\u00e1rios, especialmente nas salas e su\u00edtes do piso superior. Nos quartos de h\u00f3spedes e sala de TV voltou-se para temas mais n\u00e1uticos. <em><span style=\"color: #000080;\">\u201cForam utilizadas muitas pe\u00e7as dos propriet\u00e1rios trazidas de suas viagens ao exterior criando ambientes aconchegantes que contam a hist\u00f3ria do casal e de sua fam\u00edlia. \u201d<\/span><\/em>, conta Ana Rita.<\/span><\/p>\n<figure id=\"attachment_4570\" aria-describedby=\"caption-attachment-4570\" style=\"width: 291px\" class=\"wp-caption alignright\"><a href=\"http:\/\/www.jornaldaconstrucaocivil.com.br\/wp-content\/uploads\/2016\/12\/SALA.jpg\"><img loading=\"lazy\" decoding=\"async\" class=\"wp-image-4570\" src=\"http:\/\/www.jornaldaconstrucaocivil.com.br\/wp-content\/uploads\/2016\/12\/SALA-1024x683.jpg\" alt=\"sala\" width=\"291\" height=\"194\" \/><\/a><figcaption id=\"caption-attachment-4570\" class=\"wp-caption-text\"><span style=\"color: #993300;\">Projeto Guaec\u00e1 da arquiteta e designer de interiores Ana Rita Sousa e Silva \/ Imagem: Evelyn Muller<\/span><\/figcaption><\/figure>\n<p><strong><span style=\"color: #000000;\">Sobre a AR Arquitetura &amp; Design:<\/span><\/strong><\/p>\n<p style=\"text-align: justify;\"><span style=\"color: #000000;\">Fundado em 2003, o escrit\u00f3rio <span style=\"color: #0000ff;\">AR Arquitetura &amp; Design<\/span> \u00e9 especializado em projetos residenciais, comerciais, empreendimentos imobili\u00e1rios e hotelaria. Assinados pela arquiteta, <span style=\"color: #000080;\">Ana Rita Sousa e Silva<\/span> &#8211; que se formou pela Universidades Presbiteriana Mackenzie e trabalhou em prestigiados escrit\u00f3rios no Brasil e na Europa &#8211; os ambientes s\u00e3o criativos e cheios de personalidade.<\/span><\/p>\n<p style=\"text-align: justify;\"><span style=\"color: #000000;\">Com o objetivo de buscar sempre solu\u00e7\u00f5es inovadoras que atendam \u00e0s necessidades de seus clientes, o escrit\u00f3rio cria novos conceitos arquitet\u00f4nicos para que os projetos tenham elementos surpreendentes e solu\u00e7\u00f5es inteligentes.<\/span><\/p>\n<p style=\"text-align: justify;\"><span style=\"color: #000000;\">O escrit\u00f3rio<span style=\"color: #0000ff;\"> AR Arquitetura e Design<\/span> conquistou espa\u00e7o no mercado internacional e possui uma filial em Miami, onde a <span style=\"color: #000080;\">Ana Rita<\/span> leva um pouco da brasilidade da arquitetura e design para os seus projetos internacionais.<\/span><\/p>\n<p style=\"text-align: justify;\"><span style=\"color: #000000;\">Participante de grandes mostras, como a Casa Cor e a Casa Hotel, <span style=\"color: #000080;\">Ana Rita<\/span> tamb\u00e9m j\u00e1 ganhou, quatro vezes, o pr\u00eamio de Profissional do Ano da revista Decorar.<\/span><\/p>\n<p style=\"text-align: justify;\"><span style=\"color: #000000;\">Site:<\/span><strong><span style=\"color: #0000ff;\">\u00a0http:\/\/www.ararquiteturadesign.com.br\/ar\/<\/span><\/strong><\/p>\n<p>&nbsp;<\/p>\n<p>&nbsp;<\/p>\n","protected":false},"excerpt":{"rendered":"<p>O layout desta casa foi completamente reconstru\u00eddo pela arquiteta e designer de interiores Ana Rita Sousa e Silva e ganhou um projeto com design aconchegante e surpreendente! Dezembro, 2016 &#8211; Com uma vista privilegiada e localizado no litoral norte de S\u00e3o Paulo, o projeto Guaec\u00e1, oferece conforto e personalidade. Aproveitando e respeitando a geografia e [&hellip;]<\/p>\n","protected":false},"author":1,"featured_media":4566,"comment_status":"open","ping_status":"open","sticky":false,"template":"","format":"standard","meta":{"_uag_custom_page_level_css":"","footnotes":""},"categories":[28],"tags":[836,1242,1279,1443,1921,1933,3544,6937,7313,7438,8594,8768,9709],"class_list":["post-4565","post","type-post","status-publish","format-standard","has-post-thumbnail","hentry","category-arquitetura","tag-ar-arquitetura-design","tag-bambu","tag-banheiros","tag-blindex","tag-casa-de-praia","tag-casa-e-decoracao","tag-designer-de-interiores","tag-litoral-norte-sp","tag-marmore-branco","tag-meio-ambiente","tag-paisagem","tag-pedra-ardosia","tag-projeto-guaeca"],"blocksy_meta":[],"spectra_blocks_featured_image_url":[],"spectra_blocks_author_info":{"display_name":"Jornal da Constru\u00e7\u00e3o Civil","avatar_url":"https:\/\/secure.gravatar.com\/avatar\/973c9774fd44ddaceb026973c4962faa70fc512bc4c9da68e8ebb40fecee6540?s=96&d=mm&r=g","author_link":"https:\/\/construcaocivil.siriusmarketingedesign.com.br\/?author=1","description":"Desde de 2013, levando muitas informa\u00e7\u00f5es, lan\u00e7amentos e produtos de qualidade para toda cadeia produtiva da constru\u00e7\u00e3o. O Futuro da constru\u00e7\u00e3o passa por aqui,"},"uagb_featured_image_src":{"full":false,"thumbnail":false,"medium":false,"medium_large":false,"large":false,"1536x1536":false,"2048x2048":false},"uagb_author_info":{"display_name":"Jornal da Constru\u00e7\u00e3o Civil","author_link":"https:\/\/construcaocivil.siriusmarketingedesign.com.br\/?author=1"},"uagb_comment_info":0,"uagb_excerpt":"O layout desta casa foi completamente reconstru\u00eddo pela arquiteta e designer de interiores Ana Rita Sousa e Silva e ganhou um projeto com design aconchegante e surpreendente! Dezembro, 2016 &#8211; Com uma vista privilegiada e localizado no litoral norte de S\u00e3o Paulo, o projeto Guaec\u00e1, oferece conforto e personalidade. Aproveitando e respeitando a geografia e&hellip;","_links":{"self":[{"href":"https:\/\/construcaocivil.siriusmarketingedesign.com.br\/index.php?rest_route=\/wp\/v2\/posts\/4565","targetHints":{"allow":["GET"]}}],"collection":[{"href":"https:\/\/construcaocivil.siriusmarketingedesign.com.br\/index.php?rest_route=\/wp\/v2\/posts"}],"about":[{"href":"https:\/\/construcaocivil.siriusmarketingedesign.com.br\/index.php?rest_route=\/wp\/v2\/types\/post"}],"author":[{"embeddable":true,"href":"https:\/\/construcaocivil.siriusmarketingedesign.com.br\/index.php?rest_route=\/wp\/v2\/users\/1"}],"replies":[{"embeddable":true,"href":"https:\/\/construcaocivil.siriusmarketingedesign.com.br\/index.php?rest_route=%2Fwp%2Fv2%2Fcomments&post=4565"}],"version-history":[{"count":0,"href":"https:\/\/construcaocivil.siriusmarketingedesign.com.br\/index.php?rest_route=\/wp\/v2\/posts\/4565\/revisions"}],"wp:attachment":[{"href":"https:\/\/construcaocivil.siriusmarketingedesign.com.br\/index.php?rest_route=%2Fwp%2Fv2%2Fmedia&parent=4565"}],"wp:term":[{"taxonomy":"category","embeddable":true,"href":"https:\/\/construcaocivil.siriusmarketingedesign.com.br\/index.php?rest_route=%2Fwp%2Fv2%2Fcategories&post=4565"},{"taxonomy":"post_tag","embeddable":true,"href":"https:\/\/construcaocivil.siriusmarketingedesign.com.br\/index.php?rest_route=%2Fwp%2Fv2%2Ftags&post=4565"}],"curies":[{"name":"wp","href":"https:\/\/api.w.org\/{rel}","templated":true}]}}