{"id":4576,"date":"2016-12-13T14:10:03","date_gmt":"2016-12-13T17:10:03","guid":{"rendered":"http:\/\/www.jornaldaconstrucaocivil.com.br\/?p=4576"},"modified":"2016-12-13T14:10:03","modified_gmt":"2016-12-13T17:10:03","slug":"aneel-aprova-transferencia-do-controle-acionario-da-cpfl-energia-para-a-state-grid","status":"publish","type":"post","link":"https:\/\/construcaocivil.siriusmarketingedesign.com.br\/?p=4576","title":{"rendered":"Aneel aprova transfer\u00eancia do controle acion\u00e1rio da CPFL Energia para a State Grid"},"content":{"rendered":"<p style=\"text-align: justify;\"><span style=\"color: #800000;\">Mercado<\/span><\/p>\n<p style=\"text-align: justify;\"><span style=\"color: #000000;\"><span style=\"color: #ff0000;\">Campinas, 13 de dezembro de 2016<\/span> \u2013 A CPFL Energia, maior grupo privado do setor el\u00e9trico brasileiro, vem, em continuidade ao informado nos Fatos Relevantes divulgados em 2, 22, 23, 28 de setembro e 23 de novembro de 2016, comunicar aos seus acionistas e ao mercado em geral que a Ag\u00eancia Nacional de Energia El\u00e9trica (Aneel) aprovou, nesta data, o pedido de anu\u00eancia para a transfer\u00eancia das a\u00e7\u00f5es de emiss\u00e3o da CPFL Energia detidas pelos acionistas integrantes de seu bloco de controle (Camargo Corr\u00eaa, Previ e Energia S\u00e3o Paulo FIA) \u00e0 State Grid Brazil Power Participa\u00e7\u00f5es Ltda., subsidi\u00e1ria brasileira da State Grid International Development Limited.<\/span><\/p>\n<p style=\"text-align: justify;\"><span style=\"color: #000000;\">Esta autoriza\u00e7\u00e3o era a \u00faltima condi\u00e7\u00e3o precedente para a ocorr\u00eancia do fechamento da transa\u00e7\u00e3o e a consuma\u00e7\u00e3o da transfer\u00eancia das a\u00e7\u00f5es de emiss\u00e3o da CPFL Energia detidas\u00a0pelos acionistas controladores \u00e0 State Grid, o que ocorrer\u00e1 em data a ser oportunamente informada.<\/span><\/p>\n<p style=\"text-align: justify;\"><span style=\"color: #000000;\">A publica\u00e7\u00e3o da aprova\u00e7\u00e3o no Di\u00e1rio Oficial da Uni\u00e3o dever\u00e1 ocorrer nos pr\u00f3ximos dias, e a CPFL Energia voltar\u00e1 a informar a seus acionistas e ao mercado em geral quando ocorrer\u00a0a efetiva transfer\u00eancia das a\u00e7\u00f5es \u00e0 State Grid ou a respeito de quaisquer outros desenvolvimentos relevantes em rela\u00e7\u00e3o ao fato ora comunicado que lhe sejam informados pelas partes envolvidas na opera\u00e7\u00e3o.<\/span><\/p>\n<p style=\"text-align: justify;\"><span style=\"color: #000000;\">Para mais informa\u00e7\u00f5es:<\/span>\u00a0<strong><span style=\"color: #0000ff;\">http:\/\/www.cpfl.com.br<\/span><\/strong><\/p>\n","protected":false},"excerpt":{"rendered":"<p>Mercado Campinas, 13 de dezembro de 2016 \u2013 A CPFL Energia, maior grupo privado do setor el\u00e9trico brasileiro, vem, em continuidade ao informado nos Fatos Relevantes divulgados em 2, 22, 23, 28 de setembro e 23 de novembro de 2016, comunicar aos seus acionistas e ao mercado em geral que a Ag\u00eancia Nacional de Energia [&hellip;]<\/p>\n","protected":false},"author":1,"featured_media":0,"comment_status":"open","ping_status":"open","sticky":false,"template":"","format":"standard","meta":{"_uag_custom_page_level_css":"","footnotes":""},"categories":[29],"tags":[725,1724,3129,4314,8003,9390,11014,11404],"class_list":["post-4576","post","type-post","status-publish","format-standard","hentry","category-energia","tag-aneel","tag-camargo-correa","tag-cpfl-energia","tag-energia-sao-paulo-fia","tag-mundanca-no-comando","tag-previ","tag-setor-eletrico","tag-state-grid-brazil"],"blocksy_meta":[],"spectra_blocks_featured_image_url":null,"spectra_blocks_author_info":{"display_name":"Jornal da Constru\u00e7\u00e3o Civil","avatar_url":"https:\/\/secure.gravatar.com\/avatar\/973c9774fd44ddaceb026973c4962faa70fc512bc4c9da68e8ebb40fecee6540?s=96&d=mm&r=g","author_link":"https:\/\/construcaocivil.siriusmarketingedesign.com.br\/?author=1","description":"Desde de 2013, levando muitas informa\u00e7\u00f5es, lan\u00e7amentos e produtos de qualidade para toda cadeia produtiva da constru\u00e7\u00e3o. O Futuro da constru\u00e7\u00e3o passa por aqui,"},"uagb_featured_image_src":{"full":false,"thumbnail":false,"medium":false,"medium_large":false,"large":false,"1536x1536":false,"2048x2048":false},"uagb_author_info":{"display_name":"Jornal da Constru\u00e7\u00e3o Civil","author_link":"https:\/\/construcaocivil.siriusmarketingedesign.com.br\/?author=1"},"uagb_comment_info":0,"uagb_excerpt":"Mercado Campinas, 13 de dezembro de 2016 \u2013 A CPFL Energia, maior grupo privado do setor el\u00e9trico brasileiro, vem, em continuidade ao informado nos Fatos Relevantes divulgados em 2, 22, 23, 28 de setembro e 23 de novembro de 2016, comunicar aos seus acionistas e ao mercado em geral que a Ag\u00eancia Nacional de Energia&hellip;","_links":{"self":[{"href":"https:\/\/construcaocivil.siriusmarketingedesign.com.br\/index.php?rest_route=\/wp\/v2\/posts\/4576","targetHints":{"allow":["GET"]}}],"collection":[{"href":"https:\/\/construcaocivil.siriusmarketingedesign.com.br\/index.php?rest_route=\/wp\/v2\/posts"}],"about":[{"href":"https:\/\/construcaocivil.siriusmarketingedesign.com.br\/index.php?rest_route=\/wp\/v2\/types\/post"}],"author":[{"embeddable":true,"href":"https:\/\/construcaocivil.siriusmarketingedesign.com.br\/index.php?rest_route=\/wp\/v2\/users\/1"}],"replies":[{"embeddable":true,"href":"https:\/\/construcaocivil.siriusmarketingedesign.com.br\/index.php?rest_route=%2Fwp%2Fv2%2Fcomments&post=4576"}],"version-history":[{"count":0,"href":"https:\/\/construcaocivil.siriusmarketingedesign.com.br\/index.php?rest_route=\/wp\/v2\/posts\/4576\/revisions"}],"wp:attachment":[{"href":"https:\/\/construcaocivil.siriusmarketingedesign.com.br\/index.php?rest_route=%2Fwp%2Fv2%2Fmedia&parent=4576"}],"wp:term":[{"taxonomy":"category","embeddable":true,"href":"https:\/\/construcaocivil.siriusmarketingedesign.com.br\/index.php?rest_route=%2Fwp%2Fv2%2Fcategories&post=4576"},{"taxonomy":"post_tag","embeddable":true,"href":"https:\/\/construcaocivil.siriusmarketingedesign.com.br\/index.php?rest_route=%2Fwp%2Fv2%2Ftags&post=4576"}],"curies":[{"name":"wp","href":"https:\/\/api.w.org\/{rel}","templated":true}]}}