{"id":4578,"date":"2016-12-13T19:23:16","date_gmt":"2016-12-13T22:23:16","guid":{"rendered":"http:\/\/www.jornaldaconstrucaocivil.com.br\/?p=4578"},"modified":"2016-12-13T19:23:16","modified_gmt":"2016-12-13T22:23:16","slug":"materiais-de-construcao-novembro-tem-queda-de-145-em-relacao-ao-mesmo-periodo-do-ano-passado","status":"publish","type":"post","link":"https:\/\/construcaocivil.siriusmarketingedesign.com.br\/?p=4578","title":{"rendered":"Material de Constru\u00e7\u00e3o: Novembro tem queda de 14,5% em rela\u00e7\u00e3o ao mesmo per\u00edodo do ano passado"},"content":{"rendered":"<p style=\"text-align: justify;\">Varejo<\/p>\n<p style=\"text-align: justify;\"><span style=\"color: #000000;\"><span style=\"color: #993300;\">S\u00e3o Paulo, 13 de dezembro de 2016<\/span> \u2013 \u00a0Associa\u00e7\u00e3o Brasileira da Ind\u00fastria de Materiais de Constru\u00e7\u00e3o \u2013 indica que o faturamento deflacionado das vendas dos materiais de constru\u00e7\u00e3o apresentou retra\u00e7\u00e3o de 14,5% em rela\u00e7\u00e3o ao m\u00eas de novembro de 2015. O m\u00eas tamb\u00e9m apresenta redu\u00e7\u00e3o de 8,6% na compara\u00e7\u00e3o com o outubro.<\/span><\/p>\n<figure id=\"attachment_1965\" aria-describedby=\"caption-attachment-1965\" style=\"width: 284px\" class=\"wp-caption alignleft\"><a href=\"http:\/\/www.jornaldaconstrucaocivil.com.br\/wp-content\/uploads\/2016\/06\/AMOEDO.jpg\"><img loading=\"lazy\" decoding=\"async\" class=\"wp-image-1965\" src=\"http:\/\/www.jornaldaconstrucaocivil.com.br\/wp-content\/uploads\/2016\/06\/AMOEDO.jpg\" alt=\"AMOEDO\" width=\"284\" height=\"228\" \/><\/a><figcaption id=\"caption-attachment-1965\" class=\"wp-caption-text\"><span style=\"color: #993300;\">Arquivo<\/span><\/figcaption><\/figure>\n<p style=\"text-align: justify;\"><span style=\"color: #000000;\">Segundo Walter Cover, presidente da ABRAMAT, a recess\u00e3o econ\u00f4mica e seus efeitos no emprego, renda e cr\u00e9dito continuam a impactar negativamente a ind\u00fastria de materiais de constru\u00e7\u00e3o. <em>\u201cEnquanto n\u00e3o houver uma pol\u00edtica contundente de cr\u00e9dito vi\u00e1vel, juros acess\u00edveis, um programa de recomposi\u00e7\u00e3o, um grande acordo de compromissos m\u00fatuos entre governo e empresas a situa\u00e7\u00e3o do mercado de materiais tende a permanecer em 2017\u201d, explica. O executivo ressalta ainda que \u201cnos \u00faltimos tr\u00eas anos a queda de vendas da ind\u00fastria de materiais alcan\u00e7ou 33% e as proje\u00e7\u00f5es apontam para mais quedas nos pr\u00f3ximos meses\u201d<\/em>, afirma.<\/span><\/p>\n<p style=\"text-align: justify;\"><span style=\"color: #000000;\">O n\u00edvel de emprego na ind\u00fastria de materiais de constru\u00e7\u00e3o tamb\u00e9m apresentou queda de 6,3% se comparado ao mesmo per\u00edodo do ano passado. No acumulado do ano a redu\u00e7\u00e3o foi de 8,9%.<\/span><\/p>\n<p style=\"text-align: justify;\"><span style=\"color: #000080;\">Fonte: ABRAMAT\u00a0<\/span><\/p>\n","protected":false},"excerpt":{"rendered":"<p>Varejo S\u00e3o Paulo, 13 de dezembro de 2016 \u2013 \u00a0Associa\u00e7\u00e3o Brasileira da Ind\u00fastria de Materiais de Constru\u00e7\u00e3o \u2013 indica que o faturamento deflacionado das vendas dos materiais de constru\u00e7\u00e3o apresentou retra\u00e7\u00e3o de 14,5% em rela\u00e7\u00e3o ao m\u00eas de novembro de 2015. O m\u00eas tamb\u00e9m apresenta redu\u00e7\u00e3o de 8,6% na compara\u00e7\u00e3o com o outubro. Segundo Walter [&hellip;]<\/p>\n","protected":false},"author":1,"featured_media":1965,"comment_status":"open","ping_status":"open","sticky":false,"template":"","format":"standard","meta":{"_uag_custom_page_level_css":"","footnotes":""},"categories":[27],"tags":[981,2826,3158,3198,3511,3856,7362,9854,10189,12217,12262],"class_list":["post-4578","post","type-post","status-publish","format-standard","has-post-thumbnail","hentry","category-acontece","tag-associacao-brasileira-da-industria-de-materiais-de-construcao-anamaco","tag-construcao-civil","tag-credito-sumiu","tag-crise","tag-desemprego-no-pais","tag-economia","tag-material-de-construcao","tag-queda-da-industria","tag-renda-baixa","tag-varejo-por-todo-brasil","tag-vendas"],"blocksy_meta":[],"spectra_blocks_featured_image_url":[],"spectra_blocks_author_info":{"display_name":"Jornal da Constru\u00e7\u00e3o Civil","avatar_url":"https:\/\/secure.gravatar.com\/avatar\/973c9774fd44ddaceb026973c4962faa70fc512bc4c9da68e8ebb40fecee6540?s=96&d=mm&r=g","author_link":"https:\/\/construcaocivil.siriusmarketingedesign.com.br\/?author=1","description":"Desde de 2013, levando muitas informa\u00e7\u00f5es, lan\u00e7amentos e produtos de qualidade para toda cadeia produtiva da constru\u00e7\u00e3o. O Futuro da constru\u00e7\u00e3o passa por aqui,"},"uagb_featured_image_src":{"full":false,"thumbnail":false,"medium":false,"medium_large":false,"large":false,"1536x1536":false,"2048x2048":false},"uagb_author_info":{"display_name":"Jornal da Constru\u00e7\u00e3o Civil","author_link":"https:\/\/construcaocivil.siriusmarketingedesign.com.br\/?author=1"},"uagb_comment_info":0,"uagb_excerpt":"Varejo S\u00e3o Paulo, 13 de dezembro de 2016 \u2013 \u00a0Associa\u00e7\u00e3o Brasileira da Ind\u00fastria de Materiais de Constru\u00e7\u00e3o \u2013 indica que o faturamento deflacionado das vendas dos materiais de constru\u00e7\u00e3o apresentou retra\u00e7\u00e3o de 14,5% em rela\u00e7\u00e3o ao m\u00eas de novembro de 2015. O m\u00eas tamb\u00e9m apresenta redu\u00e7\u00e3o de 8,6% na compara\u00e7\u00e3o com o outubro. Segundo Walter&hellip;","_links":{"self":[{"href":"https:\/\/construcaocivil.siriusmarketingedesign.com.br\/index.php?rest_route=\/wp\/v2\/posts\/4578","targetHints":{"allow":["GET"]}}],"collection":[{"href":"https:\/\/construcaocivil.siriusmarketingedesign.com.br\/index.php?rest_route=\/wp\/v2\/posts"}],"about":[{"href":"https:\/\/construcaocivil.siriusmarketingedesign.com.br\/index.php?rest_route=\/wp\/v2\/types\/post"}],"author":[{"embeddable":true,"href":"https:\/\/construcaocivil.siriusmarketingedesign.com.br\/index.php?rest_route=\/wp\/v2\/users\/1"}],"replies":[{"embeddable":true,"href":"https:\/\/construcaocivil.siriusmarketingedesign.com.br\/index.php?rest_route=%2Fwp%2Fv2%2Fcomments&post=4578"}],"version-history":[{"count":0,"href":"https:\/\/construcaocivil.siriusmarketingedesign.com.br\/index.php?rest_route=\/wp\/v2\/posts\/4578\/revisions"}],"wp:attachment":[{"href":"https:\/\/construcaocivil.siriusmarketingedesign.com.br\/index.php?rest_route=%2Fwp%2Fv2%2Fmedia&parent=4578"}],"wp:term":[{"taxonomy":"category","embeddable":true,"href":"https:\/\/construcaocivil.siriusmarketingedesign.com.br\/index.php?rest_route=%2Fwp%2Fv2%2Fcategories&post=4578"},{"taxonomy":"post_tag","embeddable":true,"href":"https:\/\/construcaocivil.siriusmarketingedesign.com.br\/index.php?rest_route=%2Fwp%2Fv2%2Ftags&post=4578"}],"curies":[{"name":"wp","href":"https:\/\/api.w.org\/{rel}","templated":true}]}}