{"id":4620,"date":"2016-12-16T14:15:42","date_gmt":"2016-12-16T17:15:42","guid":{"rendered":"http:\/\/www.jornaldaconstrucaocivil.com.br\/?p=4620"},"modified":"2016-12-16T14:15:42","modified_gmt":"2016-12-16T17:15:42","slug":"processo-inovador-na-poda-de-cafe-atrai-produtores-em-minas-gerais","status":"publish","type":"post","link":"https:\/\/construcaocivil.siriusmarketingedesign.com.br\/?p=4620","title":{"rendered":"Processo inovador na poda de caf\u00e9 atrai produtores em Minas Gerais"},"content":{"rendered":"<p style=\"text-align: justify;\"><span style=\"color: #000080;\"><em><strong>T\u00e9cnica reduz o tempo de desenvolvimento do arvoredo cafeeiro sem preju\u00edzo na qualidade do gr\u00e3o e na produtividade<\/strong><\/em><\/span><\/p>\n<p style=\"text-align: justify;\"><span style=\"color: #000000;\"><span style=\"color: #993300;\">Dezembro, 2016<\/span> &#8211; Em Uberl\u00e2ndia (MG) uma t\u00e9cnica de poda de p\u00e9s de caf\u00e9 est\u00e1 atraindo a aten\u00e7\u00e3o de produtores rurais da regi\u00e3o. Uma forrageira New Holland FR600 com implemento de plataforma de caf\u00e9 corta a planta na altura desejada, sem arrancar nada do solo. O processo j\u00e1 acontece em seis propriedades da regi\u00e3o e tem interessado ainda mais produtores.<\/span><\/p>\n<figure id=\"attachment_4621\" aria-describedby=\"caption-attachment-4621\" style=\"width: 331px\" class=\"wp-caption alignleft\"><a href=\"http:\/\/www.jornaldaconstrucaocivil.com.br\/wp-content\/uploads\/2016\/12\/forrageira_cafe.jpeg\"><img loading=\"lazy\" decoding=\"async\" class=\"wp-image-4621\" src=\"http:\/\/www.jornaldaconstrucaocivil.com.br\/wp-content\/uploads\/2016\/12\/forrageira_cafe.jpeg\" alt=\"forrageira_cafe\" width=\"331\" height=\"172\" \/><\/a><figcaption id=\"caption-attachment-4621\" class=\"wp-caption-text\"><span style=\"color: #800000;\">Forrageira FR600 aplicando o processo na regi\u00e3o de Uberaba (MG) Foto: Divulga\u00e7\u00e3o <\/span><\/figcaption><\/figure>\n<p style=\"text-align: justify;\"><span style=\"color: #000000;\">Segundo Ant\u00f4nio Marcos de Campos Rodrigues, gerente da Queiroz e Rocha, empresa respons\u00e1vel pela poda, a t\u00e9cnica economiza tempo de produ\u00e7\u00e3o do caf\u00e9, j\u00e1 que deixar o p\u00e9 crescer at\u00e9 dar frutos leva de dois a tr\u00eas anos, enquanto plantar novamente chega a cinco anos.<span style=\"color: #000080;\"><em> \u201cO produtor tem uma economia de tempo muito grande e atribui \u00e0 m\u00e1quina uma nova atividade, que contribui para o desenvolvimento do plantio\u201d<\/em><\/span>, afirma Rodrigues.<\/span><\/p>\n<p style=\"text-align: justify;\"><span style=\"color: #000000;\">Gerente da concession\u00e1ria Nova Holanda, da New Holland, Fernando Clivatti viu o mesmo processo sendo realizado primeiramente com eucalipto e questionou se seria poss\u00edvel fazer com caf\u00e9. <span style=\"color: #000080;\"><em>\u201cQuando postaram o v\u00eddeo, me surpreendi e a recep\u00e7\u00e3o foi fant\u00e1stica. N\u00e3o fizemos divulga\u00e7\u00e3o nenhuma e, mesmo assim, as pessoas come\u00e7aram a nos procurar para ter acesso a essa atividade\u201d<\/em><\/span>, explica.<\/span><\/p>\n<p style=\"text-align: justify;\"><span style=\"color: #000000;\">Uma \u00e1rvore de caf\u00e9 dura de 15 a 20 anos, mas, com o tempo, perde a capacidade de produ\u00e7\u00e3o, portanto os agricultores optavam por derrubar a \u00e1rvore e plantar uma muda nova. Com a inova\u00e7\u00e3o, despende-se menos tempo com a retirada de toda a \u00e1rvore sem preju\u00edzo na qualidade do gr\u00e3o e na produtividade.<\/span><\/p>\n<p style=\"text-align: justify;\"><span style=\"color: #0000ff;\"><strong>Biomassa<\/strong><\/span><\/p>\n<p style=\"text-align: justify;\"><span style=\"color: #000000;\">Outro fator que deixa ainda mais vantajosa a utiliza\u00e7\u00e3o do processo \u00e9 o tratamento de biomassa gerada na produ\u00e7\u00e3o. Quando a m\u00e1quina passa e poda os galhos, deixa-os no solo para utiliza\u00e7\u00e3o futura como adubo.<\/span><\/p>\n<p style=\"text-align: justify;\"><span style=\"color: #000000;\">Mamoru Rodolfo Hojo, empres\u00e1rio da cidade de Patroc\u00ednio (MG), ajudou no desenvolvimento do processo e garante que esta t\u00e9cnica \u00e9 uma evolu\u00e7\u00e3o na tecnologia agr\u00e1ria.<span style=\"color: #000080;\"><em> \u201cNo Brasil n\u00e3o existe algo deste tipo, a cafeicultura \u00e9 muito rudimentar e a m\u00e3o de obra, muito cara. Um processo como este s\u00f3 vem para melhorar a produ\u00e7\u00e3o\u201d<\/em><\/span>, declara.<\/span><\/p>\n<p style=\"text-align: justify;\"><span style=\"color: #000000;\">O caf\u00e9 tem papel importante na agricultura nacional, pois, segundo dados do Conselho dos Exportadores de Caf\u00e9 do Brasil (Cecafe), o pa\u00eds exportou mais de 35 milh\u00f5es de sacas no \u00faltimo ano, se tornando o maior produtor e exportador do mundo. A atividade da Queiroz e Rocha se desenvolveu na regi\u00e3o do Tri\u00e2ngulo Mineiro, que, por sua vez, \u00e9 a maior produtora de caf\u00e9 do Brasil.<\/span><\/p>\n<p style=\"text-align: justify;\">\n<p style=\"text-align: justify;\">\n","protected":false},"excerpt":{"rendered":"<p>T\u00e9cnica reduz o tempo de desenvolvimento do arvoredo cafeeiro sem preju\u00edzo na qualidade do gr\u00e3o e na produtividade Dezembro, 2016 &#8211; Em Uberl\u00e2ndia (MG) uma t\u00e9cnica de poda de p\u00e9s de caf\u00e9 est\u00e1 atraindo a aten\u00e7\u00e3o de produtores rurais da regi\u00e3o. Uma forrageira New Holland FR600 com implemento de plataforma de caf\u00e9 corta a planta [&hellip;]<\/p>\n","protected":false},"author":1,"featured_media":4621,"comment_status":"open","ping_status":"open","sticky":false,"template":"","format":"standard","meta":{"_uag_custom_page_level_css":"","footnotes":""},"categories":[27],"tags":[534,1436,1667,1668,1670,2782,4288,5603,8104,8105,11573,11958,12020],"class_list":["post-4620","post","type-post","status-publish","format-standard","has-post-thumbnail","hentry","category-acontece","tag-agricultura-nacional","tag-biomassa","tag-cafe","tag-cafeeiro","tag-cafeicultura","tag-conselho-dos-exportadores-de-cafe-do-brasil-cecafe","tag-energia","tag-grao","tag-new-holland","tag-new-holland-agriculture","tag-tecnologia-agraria","tag-triangulo-mineiro","tag-uberlandia-mg"],"blocksy_meta":[],"spectra_blocks_featured_image_url":[],"spectra_blocks_author_info":{"display_name":"Jornal da Constru\u00e7\u00e3o Civil","avatar_url":"https:\/\/secure.gravatar.com\/avatar\/973c9774fd44ddaceb026973c4962faa70fc512bc4c9da68e8ebb40fecee6540?s=96&d=mm&r=g","author_link":"https:\/\/construcaocivil.siriusmarketingedesign.com.br\/?author=1","description":"Desde de 2013, levando muitas informa\u00e7\u00f5es, lan\u00e7amentos e produtos de qualidade para toda cadeia produtiva da constru\u00e7\u00e3o. O Futuro da constru\u00e7\u00e3o passa por aqui,"},"uagb_featured_image_src":{"full":false,"thumbnail":false,"medium":false,"medium_large":false,"large":false,"1536x1536":false,"2048x2048":false},"uagb_author_info":{"display_name":"Jornal da Constru\u00e7\u00e3o Civil","author_link":"https:\/\/construcaocivil.siriusmarketingedesign.com.br\/?author=1"},"uagb_comment_info":0,"uagb_excerpt":"T\u00e9cnica reduz o tempo de desenvolvimento do arvoredo cafeeiro sem preju\u00edzo na qualidade do gr\u00e3o e na produtividade Dezembro, 2016 &#8211; Em Uberl\u00e2ndia (MG) uma t\u00e9cnica de poda de p\u00e9s de caf\u00e9 est\u00e1 atraindo a aten\u00e7\u00e3o de produtores rurais da regi\u00e3o. Uma forrageira New Holland FR600 com implemento de plataforma de caf\u00e9 corta a planta&hellip;","_links":{"self":[{"href":"https:\/\/construcaocivil.siriusmarketingedesign.com.br\/index.php?rest_route=\/wp\/v2\/posts\/4620","targetHints":{"allow":["GET"]}}],"collection":[{"href":"https:\/\/construcaocivil.siriusmarketingedesign.com.br\/index.php?rest_route=\/wp\/v2\/posts"}],"about":[{"href":"https:\/\/construcaocivil.siriusmarketingedesign.com.br\/index.php?rest_route=\/wp\/v2\/types\/post"}],"author":[{"embeddable":true,"href":"https:\/\/construcaocivil.siriusmarketingedesign.com.br\/index.php?rest_route=\/wp\/v2\/users\/1"}],"replies":[{"embeddable":true,"href":"https:\/\/construcaocivil.siriusmarketingedesign.com.br\/index.php?rest_route=%2Fwp%2Fv2%2Fcomments&post=4620"}],"version-history":[{"count":0,"href":"https:\/\/construcaocivil.siriusmarketingedesign.com.br\/index.php?rest_route=\/wp\/v2\/posts\/4620\/revisions"}],"wp:attachment":[{"href":"https:\/\/construcaocivil.siriusmarketingedesign.com.br\/index.php?rest_route=%2Fwp%2Fv2%2Fmedia&parent=4620"}],"wp:term":[{"taxonomy":"category","embeddable":true,"href":"https:\/\/construcaocivil.siriusmarketingedesign.com.br\/index.php?rest_route=%2Fwp%2Fv2%2Fcategories&post=4620"},{"taxonomy":"post_tag","embeddable":true,"href":"https:\/\/construcaocivil.siriusmarketingedesign.com.br\/index.php?rest_route=%2Fwp%2Fv2%2Ftags&post=4620"}],"curies":[{"name":"wp","href":"https:\/\/api.w.org\/{rel}","templated":true}]}}