{"id":4669,"date":"2016-12-20T12:56:41","date_gmt":"2016-12-20T15:56:41","guid":{"rendered":"http:\/\/www.jornaldaconstrucaocivil.com.br\/?p=4669"},"modified":"2016-12-20T12:56:41","modified_gmt":"2016-12-20T15:56:41","slug":"reestruturacao-da-eletrobras-coloca-em-risco-sistema-eletrico-alertam-funcionarios","status":"publish","type":"post","link":"https:\/\/construcaocivil.siriusmarketingedesign.com.br\/?p=4669","title":{"rendered":"Reestrutura\u00e7\u00e3o da Eletrobras coloca em risco sistema el\u00e9trico, alertam funcion\u00e1rios"},"content":{"rendered":"<p style=\"text-align: justify;\"><span style=\"color: #993300;\">Crise do Sistema El\u00e9trico\u00a0<\/span><\/p>\n<p style=\"text-align: justify;\"><span style=\"color: #000080;\">Dezembro, 2016<\/span><strong><em><span style=\"color: #000080;\"> &#8211; O processo de reestrutura\u00e7\u00e3o da Eletrobras, com foco principal na redu\u00e7\u00e3o do quadro de funcion\u00e1rios, pode colocar em risco a capacidade t\u00e9cnica-operacional do sistema, alertaram funcion\u00e1rios de empresas do setor el\u00e9trico nesta quinta-feira (15) durante audi\u00eancia p\u00fablica da Comiss\u00e3o de Servi\u00e7os de Infraestrutura (CI).<\/span><\/em><\/strong><\/p>\n<figure id=\"attachment_4670\" aria-describedby=\"caption-attachment-4670\" style=\"width: 380px\" class=\"wp-caption alignleft\"><a href=\"http:\/\/www.jornaldaconstrucaocivil.com.br\/wp-content\/uploads\/2016\/12\/SENADO.jpg\"><img loading=\"lazy\" decoding=\"async\" class=\"wp-image-4670\" src=\"http:\/\/www.jornaldaconstrucaocivil.com.br\/wp-content\/uploads\/2016\/12\/SENADO.jpg\" alt=\"senado\" width=\"380\" height=\"252\" \/><\/a><figcaption id=\"caption-attachment-4670\" class=\"wp-caption-text\"><span style=\"color: #0000ff;\">Senadores Edison Lob\u00e3o (PMDB-MA), H\u00e9lio Jos\u00e9 (PMDB-DF) e Pedro Tabajara Ros\u00e1rio, presidente da Federa\u00e7\u00e3o Nacional dos Urbanit\u00e1rios. Foto: Pedro Fran\u00e7a\/Ag\u00eancia Senado<\/span><\/figcaption><\/figure>\n<p style=\"text-align: justify;\"><span style=\"color: #000000;\">A redu\u00e7\u00e3o de n\u00famero de empregados e de outros custos faz parte do objetivo da nova gest\u00e3o da Eletrobras de tornar a companhia sustent\u00e1vel. Em novembro, o presidente da companhia, Wilson Ferreira Junior, anunciou um programa de demiss\u00e3o incentivada.<\/span><\/p>\n<p style=\"text-align: justify;\"><span style=\"color: #000000;\">As concession\u00e1rias de energia de seis estados das regi\u00f5es Norte e Nordeste (Amazonas, Acre, Rond\u00f4nia, Roraima, Alagoas e Piau\u00ed) devem ser as primeiras a passar pelo processo de desestatiza\u00e7\u00e3o, o que tende a comprometer um total de 7.500 empregos, segundo dados da Federa\u00e7\u00e3o Nacional dos Urbanit\u00e1rios (FNU), que congrega sindicatos do setor. De acordo com representantes dos trabalhadores, a ideia da atual gest\u00e3o \u00e9 substituir parte dos servidores por terceirizados.<\/span><\/p>\n<p style=\"text-align: justify;\"><span style=\"color: #000000;\">Ao contr\u00e1rio do que aponta a atual gest\u00e3o, os trabalhadores avaliam que a reestrutura\u00e7\u00e3o do sistema Eletrobras, representa aumento de tarifas e pior qualidade de servi\u00e7o.<\/span><\/p>\n<p style=\"text-align: justify;\"><span style=\"color: #000000;\">\u2014 O processo de privatiza\u00e7\u00e3o do setor el\u00e9trico n\u00e3o trouxe redu\u00e7\u00e3o tarifaria. O papel da Eletrobras foi dar uma segurada nas tarifas \u2014 disse Gustavo Teixeira do Departamento Intersindical de Estat\u00edstica e Estudos Socioecon\u00f4micos (Dieese).<\/span><\/p>\n<p style=\"text-align: justify;\"><span style=\"color: #000000;\">Eles citaram casos de privatiza\u00e7\u00f5es passadas que n\u00e3o teriam dado certo, como o da Companhia de Eletricidade do Par\u00e1 (Celpa) em 1998. Segundo Pedro Tabajara Ros\u00e1rio, presidente da Federa\u00e7\u00e3o Nacional dos Urbanit\u00e1rios, desde ent\u00e3o o consumidor deparou com a disparada das tarifas e a degrada\u00e7\u00e3o dos servi\u00e7os.<\/span><\/p>\n<p style=\"text-align: justify;\"><span style=\"color: #000000;\">\u2014 No in\u00edcio da privatiza\u00e7\u00e3o da Celpa t\u00ednhamos 2700 trabalhadores, hoje s\u00e3o 1500. Por outro lado, o n\u00famero de terceirizados \u00e9 de 7500.\u00a0 \u00c9 uma das empresas campe\u00e3s em acidentes. [Com as novas privatiza\u00e7\u00f5es], como vai ficar a opera\u00e7\u00e3o do sistema? Ser\u00e1 que vai manter a mesma qualidade?\u00a0 \u2014 questionou<\/span><\/p>\n<p style=\"text-align: justify;\"><span style=\"color: #000000;\">Eles preveem ainda que a privatiza\u00e7\u00e3o de empresas do setor el\u00e9trico pode prejudicar a transmiss\u00e3o de energia para \u00e1reas pouco lucrativas como pequenos munic\u00edpios da regi\u00e3o Norte:<\/span><\/p>\n<p style=\"text-align: justify;\"><span style=\"color: #000000;\">\u2014 O objetivo do sistema n\u00e3o pode ser apenas o lucro. A inciativa privada vai fazer investimentos onde n\u00e3o tem garantia de retorno do seu capital? Fornecer energia para a Regi\u00e3o Norte \u00e9 estrat\u00e9gico para sua ocupa\u00e7\u00e3o. Dando lucro ou n\u00e3o temos que ter energia \u2014 defendeu Edney Martins, presidente do Sindicato dos Urbanit\u00e1rios do Amazonas.<\/span><\/p>\n<p style=\"text-align: justify;\"><strong><span style=\"color: #000000;\">Aus\u00eancias<\/span><\/strong><\/p>\n<p style=\"text-align: justify;\"><span style=\"color: #000000;\">As aus\u00eancias de representantes da Eletrobras, do governo e da Ag\u00eancia Nacional de Energia El\u00e9trica (Aneel) foram criticadas durante a audi\u00eancia p\u00fablica. Segundo eles, o governo se recusa a dialogar com os trabalhadores e com a sociedade civil:<\/span><\/p>\n<p style=\"text-align: justify;\"><span style=\"color: #000000;\">\u2014 \u00c9 um desrespeito muito grande, inclusive com esta Casa \u2014 apontou Nailor Gato, da Federa\u00e7\u00e3o Nacional dos Urbanit\u00e1rios.<\/span><\/p>\n<p style=\"text-align: justify;\"><span style=\"color: #000000;\">O senador H\u00e9lio Jos\u00e9 (PMDB-DF) tamb\u00e9m lamentou a aus\u00eancia da Eletrobras no debate. Ele disse esperar que o governo compare\u00e7a a futuras audi\u00eancias sobre o tema.<\/span><\/p>\n<p style=\"text-align: justify;\"><span style=\"color: #000000;\">\u2014\u00a0 Parece-me que as pessoa respons\u00e1veis por essas mudan\u00e7as na Eletrobras est\u00e3o querendo pegar o caminho de n\u00e3o discuss\u00e3o. Tenho essa preocupa\u00e7\u00e3o \u2014 disse.<\/span><\/p>\n<p style=\"text-align: justify;\"><span style=\"color: #800080;\">Fonte: Ag\u00eancia Senado\u00a0<\/span><\/p>\n","protected":false},"excerpt":{"rendered":"<p>Crise do Sistema El\u00e9trico\u00a0 Dezembro, 2016 &#8211; O processo de reestrutura\u00e7\u00e3o da Eletrobras, com foco principal na redu\u00e7\u00e3o do quadro de funcion\u00e1rios, pode colocar em risco a capacidade t\u00e9cnica-operacional do sistema, alertaram funcion\u00e1rios de empresas do setor el\u00e9trico nesta quinta-feira (15) durante audi\u00eancia p\u00fablica da Comiss\u00e3o de Servi\u00e7os de Infraestrutura (CI). A redu\u00e7\u00e3o de n\u00famero [&hellip;]<\/p>\n","protected":false},"author":1,"featured_media":4670,"comment_status":"open","ping_status":"open","sticky":false,"template":"","format":"standard","meta":{"_uag_custom_page_level_css":"","footnotes":""},"categories":[27],"tags":[432,503,579,651,2054,3433,4042,4909,5262,9416,10114,10497,10501,11133],"class_list":["post-4669","post","type-post","status-publish","format-standard","has-post-thumbnail","hentry","category-acontece","tag-acre","tag-agencia-nacional-de-energia-eletrica-aneel","tag-alagoas-e-piaui","tag-amazonas","tag-celpa","tag-demissoes-no-sistema-eletrico","tag-eletrobras","tag-federacao-nacional-dos-urbanitarios","tag-funcionarios-demitidos","tag-privatizacao-do-sistema-eletrico","tag-regiao-norte","tag-rondonia","tag-roraima","tag-sindicato-dos-urbanitarios-do-amazonas"],"blocksy_meta":[],"spectra_blocks_featured_image_url":[],"spectra_blocks_author_info":{"display_name":"Jornal da Constru\u00e7\u00e3o Civil","avatar_url":"https:\/\/secure.gravatar.com\/avatar\/973c9774fd44ddaceb026973c4962faa70fc512bc4c9da68e8ebb40fecee6540?s=96&d=mm&r=g","author_link":"https:\/\/construcaocivil.siriusmarketingedesign.com.br\/?author=1","description":"Desde de 2013, levando muitas informa\u00e7\u00f5es, lan\u00e7amentos e produtos de qualidade para toda cadeia produtiva da constru\u00e7\u00e3o. O Futuro da constru\u00e7\u00e3o passa por aqui,"},"uagb_featured_image_src":{"full":false,"thumbnail":false,"medium":false,"medium_large":false,"large":false,"1536x1536":false,"2048x2048":false},"uagb_author_info":{"display_name":"Jornal da Constru\u00e7\u00e3o Civil","author_link":"https:\/\/construcaocivil.siriusmarketingedesign.com.br\/?author=1"},"uagb_comment_info":0,"uagb_excerpt":"Crise do Sistema El\u00e9trico\u00a0 Dezembro, 2016 &#8211; O processo de reestrutura\u00e7\u00e3o da Eletrobras, com foco principal na redu\u00e7\u00e3o do quadro de funcion\u00e1rios, pode colocar em risco a capacidade t\u00e9cnica-operacional do sistema, alertaram funcion\u00e1rios de empresas do setor el\u00e9trico nesta quinta-feira (15) durante audi\u00eancia p\u00fablica da Comiss\u00e3o de Servi\u00e7os de Infraestrutura (CI). A redu\u00e7\u00e3o de n\u00famero&hellip;","_links":{"self":[{"href":"https:\/\/construcaocivil.siriusmarketingedesign.com.br\/index.php?rest_route=\/wp\/v2\/posts\/4669","targetHints":{"allow":["GET"]}}],"collection":[{"href":"https:\/\/construcaocivil.siriusmarketingedesign.com.br\/index.php?rest_route=\/wp\/v2\/posts"}],"about":[{"href":"https:\/\/construcaocivil.siriusmarketingedesign.com.br\/index.php?rest_route=\/wp\/v2\/types\/post"}],"author":[{"embeddable":true,"href":"https:\/\/construcaocivil.siriusmarketingedesign.com.br\/index.php?rest_route=\/wp\/v2\/users\/1"}],"replies":[{"embeddable":true,"href":"https:\/\/construcaocivil.siriusmarketingedesign.com.br\/index.php?rest_route=%2Fwp%2Fv2%2Fcomments&post=4669"}],"version-history":[{"count":0,"href":"https:\/\/construcaocivil.siriusmarketingedesign.com.br\/index.php?rest_route=\/wp\/v2\/posts\/4669\/revisions"}],"wp:attachment":[{"href":"https:\/\/construcaocivil.siriusmarketingedesign.com.br\/index.php?rest_route=%2Fwp%2Fv2%2Fmedia&parent=4669"}],"wp:term":[{"taxonomy":"category","embeddable":true,"href":"https:\/\/construcaocivil.siriusmarketingedesign.com.br\/index.php?rest_route=%2Fwp%2Fv2%2Fcategories&post=4669"},{"taxonomy":"post_tag","embeddable":true,"href":"https:\/\/construcaocivil.siriusmarketingedesign.com.br\/index.php?rest_route=%2Fwp%2Fv2%2Ftags&post=4669"}],"curies":[{"name":"wp","href":"https:\/\/api.w.org\/{rel}","templated":true}]}}