{"id":4684,"date":"2016-12-21T13:51:44","date_gmt":"2016-12-21T16:51:44","guid":{"rendered":"http:\/\/www.jornaldaconstrucaocivil.com.br\/?p=4684"},"modified":"2016-12-21T13:51:44","modified_gmt":"2016-12-21T16:51:44","slug":"reforma-da-previdencia-trabalhadores-da-construcao-estao-entre-os-mais-prejudicados","status":"publish","type":"post","link":"https:\/\/construcaocivil.siriusmarketingedesign.com.br\/?p=4684","title":{"rendered":"Reforma da Previd\u00eancia: trabalhadores da constru\u00e7\u00e3o est\u00e3o entre os mais prejudicados"},"content":{"rendered":"<p style=\"text-align: justify;\"><strong><span style=\"color: #000080;\"><em>N\u00e3o \u00e9 humano pensar que um estucador com seus 60 anos vai ter for\u00e7a suficiente para jogar massa na parede. Tamb\u00e9m n\u00e3o \u00e9 humano esperar que um ladrilheiro com mais de 60 anos, com sua coluna muito desgastada, consiga executar sua fun\u00e7\u00e3o com excel\u00eancia.<\/em><\/span><\/strong><\/p>\n<figure id=\"attachment_4685\" aria-describedby=\"caption-attachment-4685\" style=\"width: 380px\" class=\"wp-caption alignleft\"><a href=\"http:\/\/www.jornaldaconstrucaocivil.com.br\/wp-content\/uploads\/2016\/12\/OPER\u00c1RIOS-1024x768.jpg\"><img loading=\"lazy\" decoding=\"async\" class=\"wp-image-4685\" src=\"http:\/\/www.jornaldaconstrucaocivil.com.br\/wp-content\/uploads\/2016\/12\/OPER\u00c1RIOS-1024x768-1024x768.jpg\" alt=\"operarios-1024x768\" width=\"380\" height=\"285\" \/><\/a><figcaption id=\"caption-attachment-4685\" class=\"wp-caption-text\"><span style=\"color: #0000ff;\">Reforma da Previd\u00eancia apresentada pelo governo de Michel Temer exige sacrif\u00edcio dos trabalhadores da constru\u00e7\u00e3o civil, diz Sintraconst-Rio<span style=\"color: #993300;\">.Foto: JCC<\/span><\/span><\/figcaption><\/figure>\n<p style=\"text-align: justify;\"><span style=\"color: #000000;\"><span style=\"color: #ff0000;\">Dezembro, 2016<\/span> &#8211; Mas \u00e9 isso que a proposta da Reforma da Previd\u00eancia apresentada pelo governo de Michel Temer exige dos trabalhadores da constru\u00e7\u00e3o civil.<\/span><\/p>\n<p style=\"text-align: justify;\"><span style=\"color: #000000;\">A julgar pelo que foi apresentado at\u00e9 o momento, os empregados de obras e reforma em todo o Brasil est\u00e3o entre os mais prejudicados \u2013 trabalhar at\u00e9 os 65 anos e contribuir por pelo menos 25 anos at\u00e9 se aposentar.<\/span><\/p>\n<p style=\"text-align: justify;\"><span style=\"color: #000000;\">De onde o governo espera que os oper\u00e1rios tirem energia para seguir na lida di\u00e1ria da linha de frente da constru\u00e7\u00e3o civil ao chegar nos 60, 70 anos \u2013 depois de d\u00e9cadas na labuta em canteiros de obra, passando por diversas empresas em fun\u00e7\u00e3o da alta rotatividade do setor?<\/span><\/p>\n<p style=\"text-align: justify;\"><span style=\"color: #000000;\">O Sintraconst-Rio (Sindicato dos Trabalhadores da Constru\u00e7\u00e3o Civil do Munic\u00edpio do Rio) \u00e9 frontalmente contr\u00e1rio \u00e0 Reforma da Previd\u00eancia conforme foi apresentada pelo governo. Junto com a For\u00e7a Sindical, o Sintraconst-Rio vai participar e apoiar manifesta\u00e7\u00f5es de rep\u00fadio aos pontos da reforma propostos pelo governo em rela\u00e7\u00e3o \u00e0 aposentadoria. A reforma precisa ser mais justa aos oper\u00e1rios.<\/span><\/p>\n<p style=\"text-align: justify;\"><span style=\"color: #000000;\">N\u00f3s, trabalhadores da constru\u00e7\u00e3o civil, sentimos diariamente os reflexos do esfor\u00e7o em fun\u00e7\u00e3o da nossa atividade profissional \u2013 uma multid\u00e3o enorme inclusive se acidenta por causa disso. Esperamos que aqueles que vestem terno e gravata em Bras\u00edlia, tenham mais sensibilidade e humanidade na hora de propor altera\u00e7\u00f5es na lei.<\/span><\/p>\n<p><span style=\"color: #993300;\"><strong>O QUE O GOVERNO QUER?<\/strong><\/span><\/p>\n<p><span style=\"color: #000000;\">Confira algumas das propostas do governo para mudan\u00e7a de aposentadoria:<\/span><\/p>\n<p><span style=\"color: #993300;\"><strong>Tempo de contribui\u00e7\u00e3o<\/strong><\/span><\/p>\n<p><span style=\"color: #000000;\">Atualmente \u00e9 de 15 anos para se aposentar. O governo quer elevar para 25 anos.<\/span><\/p>\n<p><span style=\"color: #993300;\"><strong>Idade para se aposentar<\/strong><\/span><\/p>\n<p style=\"text-align: justify;\"><span style=\"color: #000000;\">Hoje a soma da idade e tempo de trabalho \u00e9 de 85 para mulheres e 95 anos para os homens se aposentar. Governo quer idade m\u00ednima de 65 anos para homens e mulheres.<\/span><\/p>\n<p><strong><span style=\"color: #993300;\">Aposentadoria integral<\/span><\/strong><\/p>\n<p style=\"text-align: justify;\"><span style=\"color: #000000;\">Governo prop\u00f5e que para receber aposentadoria integral, sem os descontos, o trabalhador precisa contribuir por 49 anos \u00e0 Previd\u00eancia. Ou seja: se o trabalhador come\u00e7ou a contribuir com 18 anos, ele vai se aposentar com o benef\u00edcio completo s\u00f3 aos 67 anos. Isso se ele trabalhar direto durante os 49 anos de labuta.<\/span><\/p>\n<p style=\"text-align: justify;\"><span style=\"color: #800080;\">Fonte:\u00a0Sintraconst-Rio<\/span><\/p>\n","protected":false},"excerpt":{"rendered":"<p>N\u00e3o \u00e9 humano pensar que um estucador com seus 60 anos vai ter for\u00e7a suficiente para jogar massa na parede. Tamb\u00e9m n\u00e3o \u00e9 humano esperar que um ladrilheiro com mais de 60 anos, com sua coluna muito desgastada, consiga executar sua fun\u00e7\u00e3o com excel\u00eancia. Dezembro, 2016 &#8211; Mas \u00e9 isso que a proposta da Reforma [&hellip;]<\/p>\n","protected":false},"author":1,"featured_media":4685,"comment_status":"open","ping_status":"open","sticky":false,"template":"","format":"standard","meta":{"_uag_custom_page_level_css":"","footnotes":""},"categories":[27],"tags":[800,1535,4037,5793,5862,6659,7147,7643,10915,11175,11839,11845],"class_list":["post-4684","post","type-post","status-publish","format-standard","has-post-thumbnail","hentry","category-acontece","tag-aposentadoria-integral","tag-brasil","tag-eletricistas","tag-homens-e-mulheres","tag-idade-para-se-aposentar","tag-ladrilheiro","tag-mais-prejudicado","tag-michel-temer","tag-serventes","tag-sintraconst-rio-sindicato-dos-trabalhadores-da-construcao-civil-do-municipio-do-rio","tag-trabalhador-da-construcao-civil","tag-trabalhadores-da-construcao-civil"],"blocksy_meta":[],"spectra_blocks_featured_image_url":[],"spectra_blocks_author_info":{"display_name":"Jornal da Constru\u00e7\u00e3o Civil","avatar_url":"https:\/\/secure.gravatar.com\/avatar\/973c9774fd44ddaceb026973c4962faa70fc512bc4c9da68e8ebb40fecee6540?s=96&d=mm&r=g","author_link":"https:\/\/construcaocivil.siriusmarketingedesign.com.br\/?author=1","description":"Desde de 2013, levando muitas informa\u00e7\u00f5es, lan\u00e7amentos e produtos de qualidade para toda cadeia produtiva da constru\u00e7\u00e3o. O Futuro da constru\u00e7\u00e3o passa por aqui,"},"uagb_featured_image_src":{"full":false,"thumbnail":false,"medium":false,"medium_large":false,"large":false,"1536x1536":false,"2048x2048":false},"uagb_author_info":{"display_name":"Jornal da Constru\u00e7\u00e3o Civil","author_link":"https:\/\/construcaocivil.siriusmarketingedesign.com.br\/?author=1"},"uagb_comment_info":0,"uagb_excerpt":"N\u00e3o \u00e9 humano pensar que um estucador com seus 60 anos vai ter for\u00e7a suficiente para jogar massa na parede. Tamb\u00e9m n\u00e3o \u00e9 humano esperar que um ladrilheiro com mais de 60 anos, com sua coluna muito desgastada, consiga executar sua fun\u00e7\u00e3o com excel\u00eancia. Dezembro, 2016 &#8211; Mas \u00e9 isso que a proposta da Reforma&hellip;","_links":{"self":[{"href":"https:\/\/construcaocivil.siriusmarketingedesign.com.br\/index.php?rest_route=\/wp\/v2\/posts\/4684","targetHints":{"allow":["GET"]}}],"collection":[{"href":"https:\/\/construcaocivil.siriusmarketingedesign.com.br\/index.php?rest_route=\/wp\/v2\/posts"}],"about":[{"href":"https:\/\/construcaocivil.siriusmarketingedesign.com.br\/index.php?rest_route=\/wp\/v2\/types\/post"}],"author":[{"embeddable":true,"href":"https:\/\/construcaocivil.siriusmarketingedesign.com.br\/index.php?rest_route=\/wp\/v2\/users\/1"}],"replies":[{"embeddable":true,"href":"https:\/\/construcaocivil.siriusmarketingedesign.com.br\/index.php?rest_route=%2Fwp%2Fv2%2Fcomments&post=4684"}],"version-history":[{"count":0,"href":"https:\/\/construcaocivil.siriusmarketingedesign.com.br\/index.php?rest_route=\/wp\/v2\/posts\/4684\/revisions"}],"wp:attachment":[{"href":"https:\/\/construcaocivil.siriusmarketingedesign.com.br\/index.php?rest_route=%2Fwp%2Fv2%2Fmedia&parent=4684"}],"wp:term":[{"taxonomy":"category","embeddable":true,"href":"https:\/\/construcaocivil.siriusmarketingedesign.com.br\/index.php?rest_route=%2Fwp%2Fv2%2Fcategories&post=4684"},{"taxonomy":"post_tag","embeddable":true,"href":"https:\/\/construcaocivil.siriusmarketingedesign.com.br\/index.php?rest_route=%2Fwp%2Fv2%2Ftags&post=4684"}],"curies":[{"name":"wp","href":"https:\/\/api.w.org\/{rel}","templated":true}]}}