{"id":4687,"date":"2016-12-21T13:58:43","date_gmt":"2016-12-21T16:58:43","guid":{"rendered":"http:\/\/www.jornaldaconstrucaocivil.com.br\/?p=4687"},"modified":"2016-12-21T13:58:43","modified_gmt":"2016-12-21T16:58:43","slug":"importacoes-sobem-mais-de-30-no-tecon-salvador","status":"publish","type":"post","link":"https:\/\/construcaocivil.siriusmarketingedesign.com.br\/?p=4687","title":{"rendered":"Importa\u00e7\u00f5es sobem mais de 30% no Tecon Salvador"},"content":{"rendered":"<div><\/div>\n<div style=\"text-align: justify;\"><strong><em><span style=\"color: #000080;\">Movimenta\u00e7\u00e3o de novembro foi impulsionada mais uma vez pelo setor de energia solar<\/span><\/em><\/strong><\/div>\n<div style=\"text-align: justify;\"><span style=\"color: #ff0000;\">\u00a0<\/span><\/div>\n<div style=\"text-align: justify;\"><span style=\"color: #000000;\"><span style=\"color: #ff0000;\">Dezembro, 2016<\/span> &#8211; O Tecon Salvador, terminal de cont\u00eaineres administrado pelo Grupo Wilson Sons na capital baiana, registrou um crescimento de 33,8% nas importa\u00e7\u00f5es de novembro deste ano, em rela\u00e7\u00e3o ao mesmo per\u00edodo do ano passado. Por mais um m\u00eas consecutivo, a movimenta\u00e7\u00e3o foi impulsionada pelo setor de energia solar, que em novembro representou 13% do volume total de cargas importadas que passaram pelo terminal.\u00a0<\/span><\/div>\n<div style=\"text-align: justify;\"><span style=\"color: #000000;\">\u00a0<\/span><\/div>\n<div style=\"text-align: justify;\"><span style=\"color: #000000;\">Desde janeiro, aproximadamente mais de 7.000 TEU em equipamentos para a montagem de parques fotovoltaicos passaram pela unidade. Atualmente, o Tecon Salvador \u00e9 o terminal que mais movimenta esse tipo de carga no Norte e Nordeste. Outros segmentos em destaque no per\u00edodo foram Pe\u00e7as e Equipamentos (+37%) (China e M\u00e9xico); Borracha (+20%) (Europa e China) e Fertilizantes (+42%) (R\u00fassia e Europa).\u00a0<\/span><\/div>\n<div style=\"text-align: justify;\"><span style=\"color: #000000;\">\u00a0<\/span><\/div>\n<div style=\"text-align: justify;\"><span style=\"color: #000000;\">No balan\u00e7o geral, divulgado \u00e0 imprensa na \u00faltima semana, o Tecon Salvador tamb\u00e9m apresentou bons n\u00fameros, com crescimento de 5,5% no volume de cargas movimentadas no acumulado do ano, em rela\u00e7\u00e3o a 2015. Para o diretor executivo do terminal, Demir Louren\u00e7o, as perspectivas s\u00e3o boas. <em><span style=\"color: #000080;\">\u201cA expectativa \u00e9 fechar o ano em alta. A tend\u00eancia \u00e9 que a importa\u00e7\u00e3o de pe\u00e7as para a montagem de parques de energia solar continue crescendo nos pr\u00f3ximos meses\u201d<\/span><\/em>, afirmou Louren\u00e7o.\u00a0<\/span><\/div>\n","protected":false},"excerpt":{"rendered":"<p>Movimenta\u00e7\u00e3o de novembro foi impulsionada mais uma vez pelo setor de energia solar \u00a0 Dezembro, 2016 &#8211; O Tecon Salvador, terminal de cont\u00eaineres administrado pelo Grupo Wilson Sons na capital baiana, registrou um crescimento de 33,8% nas importa\u00e7\u00f5es de novembro deste ano, em rela\u00e7\u00e3o ao mesmo per\u00edodo do ano passado. Por mais um m\u00eas consecutivo, [&hellip;]<\/p>\n","protected":false},"author":1,"featured_media":0,"comment_status":"open","ping_status":"open","sticky":false,"template":"","format":"standard","meta":{"_uag_custom_page_level_css":"","footnotes":""},"categories":[33],"tags":[1501,4315,4985,5697,8144,8170,8756,11631,11685,11996],"class_list":["post-4687","post","type-post","status-publish","format-standard","hentry","category-mercado","tag-borracha","tag-energia-solar","tag-fertilizantes","tag-grupo-wilson-sons","tag-nordeste","tag-norte","tag-pecas-e-equipamentos","tag-tecon-salvador","tag-terminal-de-conteineres","tag-tue"],"blocksy_meta":[],"spectra_blocks_featured_image_url":null,"spectra_blocks_author_info":{"display_name":"Jornal da Constru\u00e7\u00e3o Civil","avatar_url":"https:\/\/secure.gravatar.com\/avatar\/973c9774fd44ddaceb026973c4962faa70fc512bc4c9da68e8ebb40fecee6540?s=96&d=mm&r=g","author_link":"https:\/\/construcaocivil.siriusmarketingedesign.com.br\/?author=1","description":"Desde de 2013, levando muitas informa\u00e7\u00f5es, lan\u00e7amentos e produtos de qualidade para toda cadeia produtiva da constru\u00e7\u00e3o. O Futuro da constru\u00e7\u00e3o passa por aqui,"},"uagb_featured_image_src":{"full":false,"thumbnail":false,"medium":false,"medium_large":false,"large":false,"1536x1536":false,"2048x2048":false},"uagb_author_info":{"display_name":"Jornal da Constru\u00e7\u00e3o Civil","author_link":"https:\/\/construcaocivil.siriusmarketingedesign.com.br\/?author=1"},"uagb_comment_info":0,"uagb_excerpt":"Movimenta\u00e7\u00e3o de novembro foi impulsionada mais uma vez pelo setor de energia solar \u00a0 Dezembro, 2016 &#8211; O Tecon Salvador, terminal de cont\u00eaineres administrado pelo Grupo Wilson Sons na capital baiana, registrou um crescimento de 33,8% nas importa\u00e7\u00f5es de novembro deste ano, em rela\u00e7\u00e3o ao mesmo per\u00edodo do ano passado. Por mais um m\u00eas consecutivo,&hellip;","_links":{"self":[{"href":"https:\/\/construcaocivil.siriusmarketingedesign.com.br\/index.php?rest_route=\/wp\/v2\/posts\/4687","targetHints":{"allow":["GET"]}}],"collection":[{"href":"https:\/\/construcaocivil.siriusmarketingedesign.com.br\/index.php?rest_route=\/wp\/v2\/posts"}],"about":[{"href":"https:\/\/construcaocivil.siriusmarketingedesign.com.br\/index.php?rest_route=\/wp\/v2\/types\/post"}],"author":[{"embeddable":true,"href":"https:\/\/construcaocivil.siriusmarketingedesign.com.br\/index.php?rest_route=\/wp\/v2\/users\/1"}],"replies":[{"embeddable":true,"href":"https:\/\/construcaocivil.siriusmarketingedesign.com.br\/index.php?rest_route=%2Fwp%2Fv2%2Fcomments&post=4687"}],"version-history":[{"count":0,"href":"https:\/\/construcaocivil.siriusmarketingedesign.com.br\/index.php?rest_route=\/wp\/v2\/posts\/4687\/revisions"}],"wp:attachment":[{"href":"https:\/\/construcaocivil.siriusmarketingedesign.com.br\/index.php?rest_route=%2Fwp%2Fv2%2Fmedia&parent=4687"}],"wp:term":[{"taxonomy":"category","embeddable":true,"href":"https:\/\/construcaocivil.siriusmarketingedesign.com.br\/index.php?rest_route=%2Fwp%2Fv2%2Fcategories&post=4687"},{"taxonomy":"post_tag","embeddable":true,"href":"https:\/\/construcaocivil.siriusmarketingedesign.com.br\/index.php?rest_route=%2Fwp%2Fv2%2Ftags&post=4687"}],"curies":[{"name":"wp","href":"https:\/\/api.w.org\/{rel}","templated":true}]}}