{"id":4695,"date":"2016-12-27T13:59:56","date_gmt":"2016-12-27T16:59:56","guid":{"rendered":"http:\/\/www.jornaldaconstrucaocivil.com.br\/?p=4695"},"modified":"2016-12-27T13:59:56","modified_gmt":"2016-12-27T16:59:56","slug":"sodexo-apoia-o-time-perolas-negras-na-copa-sao-paulo-2017","status":"publish","type":"post","link":"https:\/\/construcaocivil.siriusmarketingedesign.com.br\/?p=4695","title":{"rendered":"Sodexo apoia o time P\u00e9rolas Negras na Copa S\u00e3o Paulo 2017"},"content":{"rendered":"<p style=\"text-align: justify;\"><span style=\"color: #000080;\"><em><strong>Iniciativa celebra a diversidade e faz parte da parceria entre a companhia e a Funda\u00e7\u00e3o Viva Rio<\/strong><\/em><\/span><\/p>\n<p style=\"text-align: justify;\"><span style=\"color: #000000;\"><span style=\"color: #ff0000;\">S\u00e3o Paulo, dezembro de 2016<\/span> \u2013 Combater a exclus\u00e3o social atrav\u00e9s de a\u00e7\u00f5es de conscientiza\u00e7\u00e3o e projetos que refor\u00e7am a import\u00e2ncia da diversidade cultural, criando oportunidades de desenvolvimento dentro e fora do ambiente corporativo, faz parte da miss\u00e3o global do Grupo Sodexo. \u00c9 com este objetivo que a Sodexo Benef\u00edcios e Incentivos anuncia a parceria com a Funda\u00e7\u00e3o Viva Rio, por meio do patroc\u00ednio do time P\u00e9rolas Negras na Copa S\u00e3o Paulo de Futebol Junior 2017.<\/span><\/p>\n<p style=\"text-align: justify;\"><span style=\"color: #000000;\">A iniciativa vai ao encontro da proposta inclusiva da Sodexo que incentiva o debate sobre Cultura e Origens, um dos cinco pilares de diversidade da companhia, e apoia a pluralidade \u00e9tnica\/racial, cultural, religiosa e de modelos de pensamento. Os outros quatro pilares de diversidade e inclus\u00e3o da empresa s\u00e3o: orienta\u00e7\u00e3o sexual, pessoas com defici\u00eancia, g\u00eaneros e gera\u00e7\u00f5es.<\/span><\/p>\n<p style=\"text-align: justify;\"><span style=\"color: #000000;\"><em>&#8220;Temos orgulho em apoiar o trabalho realizado pela Viva Rio com o jovens haitianos em situa\u00e7\u00e3o de vulnerabilidade do time P\u00e9rolas Negras.&#8221;<\/em>, comemora Aline Tieppo, gerente de Comunica\u00e7\u00e3o Interna e Diversidade e Inclus\u00e3o da Sodexo Benef\u00edcios e Incentivos. Aline afirma que, para a Sodexo, \u00e9 fundamental compreender os mais diversos cen\u00e1rios culturais e absorver diferentes compet\u00eancias e habilidades para construir agilidade cultural. <em>&#8220;Entendemos que promover o interc\u00e2mbio cultural em um cen\u00e1rio de hipercompetitividade nos torna mais eficientes e inovadores. Precisamos apenas identificar um meio para isso, e a paix\u00e3o pelo futebol, neste caso, \u00e9 a porta de entrada para di\u00e1logos construtivos.&#8221;<\/em>, ressalta.<\/span><\/p>\n<p style=\"text-align: justify;\"><span style=\"color: #993300;\"><strong>Funda\u00e7\u00e3o Viva Rio e os P\u00e9rolas Negras<\/strong><\/span><\/p>\n<p style=\"text-align: justify;\"><span style=\"color: #000000;\">A Viva Rio atua h\u00e1 23 anos na forma\u00e7\u00e3o de comunidades seguras no Rio de Janeiro, promovendo iniciativas de inclus\u00e3o social. Em 2004, a convite da ONU, iniciou projetos nas comunidades carentes do Haiti.<\/span><\/p>\n<p style=\"text-align: justify;\"><span style=\"color: #000000;\">A Academia de Futebol P\u00e9rolas Negras foi criada no Haiti em 2010 com o objetivo de profissionalizar o esporte haitiano e promover o trabalho dos jovens em situa\u00e7\u00e3o de vulnerabilidade. O time veio para o Brasil neste ano e participar\u00e1 da Copinha em 2017.<\/span><\/p>\n<p><span style=\"color: #000000;\">Para conhecer melhor o trabalho da Viva Rio e colaborar com o time, acesse: <strong><span style=\"color: #0000ff;\">http:\/\/academiaperolasnegras.org\/\u00a0<\/span><\/strong><\/span><\/p>\n<p><span style=\"color: #000000;\">Sobre a Sodexo acesse:<\/span><strong><span style=\"color: #0000ff;\">\u00a0<a style=\"color: #0000ff;\" href=\"https:\/\/tamervera1.entregaemails.com.br\/accounts\/86717\/messages\/113\/clicks\/37873\/459?envelope_id=1\" target=\"_blank\" rel=\"noreferrer\">www.sodexobeneficios.com.br<\/a><\/span><\/strong><\/p>\n","protected":false},"excerpt":{"rendered":"<p>Iniciativa celebra a diversidade e faz parte da parceria entre a companhia e a Funda\u00e7\u00e3o Viva Rio S\u00e3o Paulo, dezembro de 2016 \u2013 Combater a exclus\u00e3o social atrav\u00e9s de a\u00e7\u00f5es de conscientiza\u00e7\u00e3o e projetos que refor\u00e7am a import\u00e2ncia da diversidade cultural, criando oportunidades de desenvolvimento dentro e fora do ambiente corporativo, faz parte da miss\u00e3o [&hellip;]<\/p>\n","protected":false},"author":1,"featured_media":0,"comment_status":"open","ping_status":"open","sticky":false,"template":"","format":"standard","meta":{"_uag_custom_page_level_css":"","footnotes":""},"categories":[27],"tags":[356,3074,5278,5310,5744,8446,9033,11272],"class_list":["post-4695","post","type-post","status-publish","format-standard","hentry","category-acontece","tag-academia-de-futebol-perolas-negras","tag-copa-sao-paulo-de-futebol-junior-2017","tag-fundacao-viva-rio","tag-futebol","tag-haiti","tag-onu","tag-pluralidade-etnicaracial","tag-sodexo"],"blocksy_meta":[],"spectra_blocks_featured_image_url":null,"spectra_blocks_author_info":{"display_name":"Jornal da Constru\u00e7\u00e3o Civil","avatar_url":"https:\/\/secure.gravatar.com\/avatar\/973c9774fd44ddaceb026973c4962faa70fc512bc4c9da68e8ebb40fecee6540?s=96&d=mm&r=g","author_link":"https:\/\/construcaocivil.siriusmarketingedesign.com.br\/?author=1","description":"Desde de 2013, levando muitas informa\u00e7\u00f5es, lan\u00e7amentos e produtos de qualidade para toda cadeia produtiva da constru\u00e7\u00e3o. O Futuro da constru\u00e7\u00e3o passa por aqui,"},"uagb_featured_image_src":{"full":false,"thumbnail":false,"medium":false,"medium_large":false,"large":false,"1536x1536":false,"2048x2048":false},"uagb_author_info":{"display_name":"Jornal da Constru\u00e7\u00e3o Civil","author_link":"https:\/\/construcaocivil.siriusmarketingedesign.com.br\/?author=1"},"uagb_comment_info":0,"uagb_excerpt":"Iniciativa celebra a diversidade e faz parte da parceria entre a companhia e a Funda\u00e7\u00e3o Viva Rio S\u00e3o Paulo, dezembro de 2016 \u2013 Combater a exclus\u00e3o social atrav\u00e9s de a\u00e7\u00f5es de conscientiza\u00e7\u00e3o e projetos que refor\u00e7am a import\u00e2ncia da diversidade cultural, criando oportunidades de desenvolvimento dentro e fora do ambiente corporativo, faz parte da miss\u00e3o&hellip;","_links":{"self":[{"href":"https:\/\/construcaocivil.siriusmarketingedesign.com.br\/index.php?rest_route=\/wp\/v2\/posts\/4695","targetHints":{"allow":["GET"]}}],"collection":[{"href":"https:\/\/construcaocivil.siriusmarketingedesign.com.br\/index.php?rest_route=\/wp\/v2\/posts"}],"about":[{"href":"https:\/\/construcaocivil.siriusmarketingedesign.com.br\/index.php?rest_route=\/wp\/v2\/types\/post"}],"author":[{"embeddable":true,"href":"https:\/\/construcaocivil.siriusmarketingedesign.com.br\/index.php?rest_route=\/wp\/v2\/users\/1"}],"replies":[{"embeddable":true,"href":"https:\/\/construcaocivil.siriusmarketingedesign.com.br\/index.php?rest_route=%2Fwp%2Fv2%2Fcomments&post=4695"}],"version-history":[{"count":0,"href":"https:\/\/construcaocivil.siriusmarketingedesign.com.br\/index.php?rest_route=\/wp\/v2\/posts\/4695\/revisions"}],"wp:attachment":[{"href":"https:\/\/construcaocivil.siriusmarketingedesign.com.br\/index.php?rest_route=%2Fwp%2Fv2%2Fmedia&parent=4695"}],"wp:term":[{"taxonomy":"category","embeddable":true,"href":"https:\/\/construcaocivil.siriusmarketingedesign.com.br\/index.php?rest_route=%2Fwp%2Fv2%2Fcategories&post=4695"},{"taxonomy":"post_tag","embeddable":true,"href":"https:\/\/construcaocivil.siriusmarketingedesign.com.br\/index.php?rest_route=%2Fwp%2Fv2%2Ftags&post=4695"}],"curies":[{"name":"wp","href":"https:\/\/api.w.org\/{rel}","templated":true}]}}