{"id":4698,"date":"2016-12-29T12:53:27","date_gmt":"2016-12-29T15:53:27","guid":{"rendered":"http:\/\/www.jornaldaconstrucaocivil.com.br\/?p=4698"},"modified":"2016-12-29T12:53:27","modified_gmt":"2016-12-29T15:53:27","slug":"imbroglio-da-oi-e-projeto-de-lei-das-teles","status":"publish","type":"post","link":"https:\/\/construcaocivil.siriusmarketingedesign.com.br\/?p=4698","title":{"rendered":"Imbr\u00f3glio da Oi e Projeto de Lei das Teles"},"content":{"rendered":"<p style=\"text-align: justify;\"><span style=\"color: #993300;\"><strong>Por Dane Avanzi<\/strong><\/span><\/p>\n<p style=\"text-align: justify;\">\n<p style=\"text-align: justify;\"><a href=\"http:\/\/www.jornaldaconstrucaocivil.com.br\/wp-content\/uploads\/2016\/12\/TELEMAR.jpg\"><img loading=\"lazy\" decoding=\"async\" class=\"wp-image-4711 alignleft\" src=\"http:\/\/www.jornaldaconstrucaocivil.com.br\/wp-content\/uploads\/2016\/12\/TELEMAR.jpg\" alt=\"telemar\" width=\"271\" height=\"234\" \/><\/a><\/p>\n<p style=\"text-align: justify;\"><span style=\"color: #000000;\"><span style=\"color: #800080;\">Dezembro, 2016<\/span> &#8211; Minha av\u00f3 j\u00e1 dizia que <span style=\"color: #000080;\">&#8220;Pau que nasce torto nunca se endireita&#8221;<\/span>. Este ad\u00e1gio popular retrata com precis\u00e3o cir\u00fargica o imbr\u00f3glio da Oi. Para evitar ser prolixo n\u00e3o adentrarei as influ\u00eancias pol\u00edticas nefastas que permearam a cria\u00e7\u00e3o da empresa e suas in\u00fameras fus\u00f5es, cujo resultado \u00e9 o triste quadro ora instalado. Hoje em recupera\u00e7\u00e3o judicial, a Oi, que possui 100 mil empregados diretos e participa\u00e7\u00e3o em outras empresas do ecossistema de telecomunica\u00e7\u00f5es, acumula uma d\u00edvida na Anatel de 20 bilh\u00f5es de reais, oriundas de descumprimentos de obriga\u00e7\u00f5es contratuais, mais 65 bilh\u00f5es de reais em bancos. No entanto, a situa\u00e7\u00e3o da maior concession\u00e1ria de telecomunica\u00e7\u00f5es em \u00e1rea territorial do pa\u00eds, que j\u00e1 \u00e9 delicada, pode piorar ainda mais, caso n\u00e3o arrume um s\u00f3cio para injetar Capital o quanto antes.<\/span><\/p>\n<p style=\"text-align: justify;\"><span style=\"color: #000000;\">Verdade seja dita, a quest\u00e3o tomou tal vulto que h\u00e1 muito tempo deixou ser um problema do setor de telecomunica\u00e7\u00f5es e passou a ser um problema de Governo e de Estado, pois pode impactar &#8211; ainda mais &#8211; a recupera\u00e7\u00e3o econ\u00f4mica do Brasil. Explico. Vivemos na Sociedade da Informa\u00e7\u00e3o, onde qualquer empresa necessita de sistemas de informa\u00e7\u00e3o e telecomunica\u00e7\u00f5es eficazes para desempenhar suas atividades. Me refiro as empresas pois a quest\u00e3o da atividade econ\u00f4mica e produ\u00e7\u00e3o da riqueza nacional est\u00e3o diretamente ligadas a elas, sendo o PIB &#8211; Produto Interno Bruto a express\u00e3o do desempenho da cadeia produtiva de pequenas, grandes e m\u00e9dias empresas. Afora isso, h\u00e1 tamb\u00e9m impactos &#8211; igualmente negativos no caso da piora da sa\u00fade financeira da Oi &#8211; no funcionamento da sociedade como um todo, nas \u00e1reas de sa\u00fade, educa\u00e7\u00e3o, seguran\u00e7a, entre outras.<\/span><\/p>\n<p style=\"text-align: justify;\"><span style=\"color: #000000;\">Destarte salientar que a Oi hoje \u00e9 respons\u00e1vel pela telefonia fixa e m\u00f3vel nas regi\u00f5es Norte, Nordeste e Centro Oeste, bem como por grande parte da rede de alta capacidade que permeia os Estados em quest\u00e3o e garantem a operacionalidade do sistema. Falando em termos pr\u00e1ticos, a infraestrutura b\u00e1sica de telecomunica\u00e7\u00f5es dessas regi\u00f5es dependem muito da Oi, sem falar de muitos munic\u00edpios nos quais a empresa \u00e9 a \u00fanica alternativa para o consumidor de telefonia fixa, m\u00f3vel e internet. O que o PL 79\/2016 tem a ver com isso? No af\u00e3 de ajudar a tornar a Oi palat\u00e1vel para poss\u00edveis investidores o Congresso Nacional preparou uma Lei para viabilizar o futuro da Oi, mas a um custo muito alto para o bolso do brasileiro. A lei entre outros benef\u00edcios &#8211; que desfrutar\u00e3o todas as operadoras de telecomunica\u00e7\u00f5es &#8211; flexibiliza a defini\u00e7\u00e3o da pol\u00edtica de tarifa\u00e7\u00e3o, desobriga as operadoras de investir em comunidades carentes e, o pior, permite que as operadoras disponham dos bens revers\u00edveis, que constituem uma fortuna imobili\u00e1ria estimada em 100 bilh\u00f5es de reais. Trocando em mi\u00fados: premia as empresas que hoje constam como recordistas de reclama\u00e7\u00f5es nos Procons do Brasil e foram multadas porque descumpriram o contrato de concess\u00e3o com o governo?! Um verdadeiro esc\u00e1rnio com a sociedade. No caso da Oi em especial, muitas das multas da Anatel decorrem do descumprimento das metas de universaliza\u00e7\u00e3o, que agora ser\u00e3o definitivamente anistiadas, para todas as operadoras, caso a Lei venha a ser sancionada.<\/span><\/p>\n<p style=\"text-align: justify;\"><span style=\"color: #000000;\">Que n\u00e3o h\u00e1 solu\u00e7\u00e3o f\u00e1cil pra Oi, isso \u00e9 um consenso. Mas entendo que h\u00e1 que se pensar na menos degradante para o consumidor, que j\u00e1 possui uma das contas mais caras do mundo e um servi\u00e7o de baixa qualidade. Num ano em que o d\u00e9ficit das contas p\u00fablicas fechar\u00e1 em estimados 170 bilh\u00f5es de reais, pergunto: Permitir\u00e1 o TCU- Tribunal de Contas da Uni\u00e3o e o MPF &#8211; Minist\u00e9rio P\u00fablico Federal tamanho disparate? Penso que o governo deve se empenhar no sentido de viabilizar a continuidade da Oi, mas ser\u00e1 que n\u00e3o exagerou no &#8220;Pacote de Bondades&#8221;? Quem ser\u00e1 o benefici\u00e1rio?<\/span><\/p>\n<p style=\"text-align: justify;\"><span style=\"color: #000000;\">Caso o PL 79\/2016 seja sancionado, o Governo Federal, injetar\u00e1 via &#8220;Bens Revers\u00edveis&#8221; mais dinheiro nas operadoras que dever\u00e3o ainda mais &#8211; no caso da Oi uma d\u00edvida que hoje j\u00e1 \u00e9 impag\u00e1vel -, em termos pr\u00e1ticos, ao inv\u00e9s de se conter a bolha, ela aumentar\u00e1, pois em raros casos se resolve um problema de dinheiro com mais dinheiro. Outro desdobramento pernicioso \u00e9 o desequil\u00edbrio do ambiente competitivo entre pequenas e grandes operadoras, que inviabiliza as pequenas operadoras que n\u00e3o gozam das mesmas condi\u00e7\u00f5es. Por fim, cumpre destacar que em se tratando os servi\u00e7os de telecomunica\u00e7\u00f5es e internet dos principais pilares da Sociedade da Informa\u00e7\u00e3o, porquanto aspectos importantes do desenvolvimento humano dependem desses servi\u00e7os, falta a sensibilidade por parte das autoridades para se tratar o assunto como Pol\u00edtica de Estado, pensando um pouco no futuro dos Brasileiros que arcar\u00e3o com mais essa pesada conta para os anos vindouros.<\/span><\/p>\n<p style=\"text-align: justify;\"><span style=\"color: #993300;\"><strong>Dane Avanzi<\/strong> \u00e9 advogado, empres\u00e1rio de telecomunica\u00e7\u00f5es e presidente da Aerbras &#8211; Associa\u00e7\u00e3o das Empresas de Radiocomunica\u00e7\u00e3o do Brasil.<\/span><\/p>\n<p style=\"text-align: justify;\"><strong><span style=\"color: #000000;\">Sobre a Aerbras:<\/span><\/strong><\/p>\n<p style=\"text-align: justify;\"><span style=\"color: #000000;\">A Associa\u00e7\u00e3o das Empresas de Radiocomunica\u00e7\u00e3o do Brasil &#8211; Aerbras &#8211; \u00e9 uma entidade sem fins lucrativos que re\u00fane as associa\u00e7\u00f5es dos Estados de S\u00e3o Paulo, Minas Gerais, Rio de Janeiro e Esp\u00edrito Santo. O principal objetivo \u00e9 integrar as empresas do setor e aumentar a proje\u00e7\u00e3o dos associados no mercado nacional, al\u00e9m de promover a radiocomunica\u00e7\u00e3o no Brasil em encontros, palestras, feiras e congressos.<\/span><\/p>\n<p style=\"text-align: justify;\"><strong><span style=\"color: #993300;\">www.aerbras.com.br \/ (11) 2219 0130<\/span><\/strong><\/p>\n","protected":false},"excerpt":{"rendered":"<p>Por Dane Avanzi Dezembro, 2016 &#8211; Minha av\u00f3 j\u00e1 dizia que &#8220;Pau que nasce torto nunca se endireita&#8221;. Este ad\u00e1gio popular retrata com precis\u00e3o cir\u00fargica o imbr\u00f3glio da Oi. Para evitar ser prolixo n\u00e3o adentrarei as influ\u00eancias pol\u00edticas nefastas que permearam a cria\u00e7\u00e3o da empresa e suas in\u00fameras fus\u00f5es, cujo resultado \u00e9 o triste quadro [&hellip;]<\/p>\n","protected":false},"author":1,"featured_media":4713,"comment_status":"open","ping_status":"open","sticky":false,"template":"","format":"standard","meta":{"_uag_custom_page_level_css":"","footnotes":""},"categories":[27],"tags":[2079,3349,3758,6097,7643,7994,8144,8170,8419,8887,8960,9690,11640],"class_list":["post-4698","post","type-post","status-publish","format-standard","has-post-thumbnail","hentry","category-acontece","tag-centro-oeste","tag-dane-avanzi-presidente-da-aerbras","tag-dividas-com-bancos","tag-infraestrutura-basica","tag-michel-temer","tag-multas-da-anatel","tag-nordeste","tag-norte","tag-oi","tag-pib-produto-interno-bruto","tag-pl-792016","tag-projeto-de-lei-das-teles","tag-telecomunicacoes"],"blocksy_meta":[],"spectra_blocks_featured_image_url":[],"spectra_blocks_author_info":{"display_name":"Jornal da Constru\u00e7\u00e3o Civil","avatar_url":"https:\/\/secure.gravatar.com\/avatar\/973c9774fd44ddaceb026973c4962faa70fc512bc4c9da68e8ebb40fecee6540?s=96&d=mm&r=g","author_link":"https:\/\/construcaocivil.siriusmarketingedesign.com.br\/?author=1","description":"Desde de 2013, levando muitas informa\u00e7\u00f5es, lan\u00e7amentos e produtos de qualidade para toda cadeia produtiva da constru\u00e7\u00e3o. O Futuro da constru\u00e7\u00e3o passa por aqui,"},"uagb_featured_image_src":{"full":false,"thumbnail":false,"medium":false,"medium_large":false,"large":false,"1536x1536":false,"2048x2048":false},"uagb_author_info":{"display_name":"Jornal da Constru\u00e7\u00e3o Civil","author_link":"https:\/\/construcaocivil.siriusmarketingedesign.com.br\/?author=1"},"uagb_comment_info":0,"uagb_excerpt":"Por Dane Avanzi Dezembro, 2016 &#8211; Minha av\u00f3 j\u00e1 dizia que &#8220;Pau que nasce torto nunca se endireita&#8221;. Este ad\u00e1gio popular retrata com precis\u00e3o cir\u00fargica o imbr\u00f3glio da Oi. Para evitar ser prolixo n\u00e3o adentrarei as influ\u00eancias pol\u00edticas nefastas que permearam a cria\u00e7\u00e3o da empresa e suas in\u00fameras fus\u00f5es, cujo resultado \u00e9 o triste quadro&hellip;","_links":{"self":[{"href":"https:\/\/construcaocivil.siriusmarketingedesign.com.br\/index.php?rest_route=\/wp\/v2\/posts\/4698","targetHints":{"allow":["GET"]}}],"collection":[{"href":"https:\/\/construcaocivil.siriusmarketingedesign.com.br\/index.php?rest_route=\/wp\/v2\/posts"}],"about":[{"href":"https:\/\/construcaocivil.siriusmarketingedesign.com.br\/index.php?rest_route=\/wp\/v2\/types\/post"}],"author":[{"embeddable":true,"href":"https:\/\/construcaocivil.siriusmarketingedesign.com.br\/index.php?rest_route=\/wp\/v2\/users\/1"}],"replies":[{"embeddable":true,"href":"https:\/\/construcaocivil.siriusmarketingedesign.com.br\/index.php?rest_route=%2Fwp%2Fv2%2Fcomments&post=4698"}],"version-history":[{"count":0,"href":"https:\/\/construcaocivil.siriusmarketingedesign.com.br\/index.php?rest_route=\/wp\/v2\/posts\/4698\/revisions"}],"wp:attachment":[{"href":"https:\/\/construcaocivil.siriusmarketingedesign.com.br\/index.php?rest_route=%2Fwp%2Fv2%2Fmedia&parent=4698"}],"wp:term":[{"taxonomy":"category","embeddable":true,"href":"https:\/\/construcaocivil.siriusmarketingedesign.com.br\/index.php?rest_route=%2Fwp%2Fv2%2Fcategories&post=4698"},{"taxonomy":"post_tag","embeddable":true,"href":"https:\/\/construcaocivil.siriusmarketingedesign.com.br\/index.php?rest_route=%2Fwp%2Fv2%2Ftags&post=4698"}],"curies":[{"name":"wp","href":"https:\/\/api.w.org\/{rel}","templated":true}]}}