{"id":4709,"date":"2016-12-29T13:34:45","date_gmt":"2016-12-29T16:34:45","guid":{"rendered":"http:\/\/www.jornaldaconstrucaocivil.com.br\/?p=4709"},"modified":"2016-12-29T13:34:45","modified_gmt":"2016-12-29T16:34:45","slug":"polemica-declaracao-publica-da-associacao-dos-engenheiros-e-arquitetos-do-metro-aeamesp","status":"publish","type":"post","link":"https:\/\/construcaocivil.siriusmarketingedesign.com.br\/?p=4709","title":{"rendered":"Pol\u00eamica: Declara\u00e7\u00e3o P\u00fablica da Associa\u00e7\u00e3o dos Engenheiros e Arquitetos do Metr\u00f4 \u2013 AEAMESP"},"content":{"rendered":"<p style=\"text-align: justify;\"><span style=\"color: #000000;\"><span style=\"color: #000080;\">S\u00e3o Paulo, Dezembro, 2016<\/span> &#8211; Tendo em vista a recente veicula\u00e7\u00e3o na m\u00eddia, de declara\u00e7\u00f5es do Sr. Rafael Greca, prefeito eleito de Curitiba (PR), publicadas em 27\/12\/16, segundo as quais<span style=\"color: #ff0000;\"> &#8220;metr\u00f4 \u00e9 pra toupeira&#8230; e &#8230;n\u00e3o \u00e9 pr\u00f3prio do nosso tempo&#8221;<\/span>, a Associa\u00e7\u00e3o dos Engenheiros e Arquitetos de Metr\u00f4 \u2013 AEAMESP vem a p\u00fablico declarar que:<\/span><\/p>\n<p style=\"text-align: justify;\"><strong><span style=\"color: #000080;\">O metr\u00f4 \u00e9 um modo de transporte eficiente, limpo, r\u00e1pido, seguro e mundialmente consagrado, especialmente adequado ao transporte urbano de grande n\u00famero de passageiros.<\/span><\/strong><\/p>\n<p style=\"text-align: justify;\"><strong><span style=\"color: #000080;\">No caso espec\u00edfico da cidade de Curitiba, estudos detalhados realizados por \u00f3rg\u00e3os da pr\u00f3pria Prefeitura j\u00e1 justificam h\u00e1 muito tempo a implanta\u00e7\u00e3o de uma linha de metr\u00f4 no eixo norte sul, pois a demanda de passageiros n\u00e3o consegue ser satisfatoriamente atendida pelas v\u00e1rias linhas de \u00f4nibus que nele operam;<\/span><\/strong><\/p>\n<p style=\"text-align: justify;\"><strong><span style=\"color: #000080;\">Pode at\u00e9 ser que no momento n\u00e3o existam recursos financeiros dispon\u00edveis para construir metr\u00f4 em Curitiba, mas isto n\u00e3o tem qualquer rela\u00e7\u00e3o com &#8220;toupeirice&#8221; ou anacronismo;<\/span><\/strong><\/p>\n<p style=\"text-align: justify;\"><strong><span style=\"color: #000080;\">Garantir a mobilidade urbana, preservando o meio ambiente e a sa\u00fade humana \u00e9 o grande desafio que os gestores p\u00fablicos t\u00eam para o setor de transporte, independentemente do porte de suas cidades;<\/span><\/strong><\/p>\n<p style=\"text-align: justify;\"><strong><span style=\"color: #000080;\">No mundo, est\u00e1 mais do que comprovado que as cidades que optaram por resolver seus problemas de mobilidade utilizando meios de transportes n\u00e3o motorizados e coletivos sobre trilhos, conseguiram revitalizar regi\u00f5es degradadas em seus centros urbanos, n\u00e3o agrediram o meio ambiente e produziram n\u00edveis de qualidade de vida melhores para seus cidad\u00e3os ao reduzir, ainda mais, os n\u00edveis de polui\u00e7\u00e3o e consequentemente o de doen\u00e7as respirat\u00f3rias;<\/span><\/strong><\/p>\n<p style=\"text-align: justify;\"><strong><span style=\"color: #000080;\">A sociedade n\u00e3o pode mais admitir que ao se adotar uma solu\u00e7\u00e3o de transporte, ela somente resolva o atendimento aos fluxos de demandas. A solu\u00e7\u00e3o deve considerar atributos de servi\u00e7o, tais como conforto, seguran\u00e7a, rapidez, efici\u00eancia e ser parte de um plano de desenvolvimento urbano, decorrente da integra\u00e7\u00e3o das pol\u00edticas de uso e ocupa\u00e7\u00e3o do solo, de tr\u00e2nsito e emprego. A solu\u00e7\u00e3o deve levar tamb\u00e9m em considera\u00e7\u00e3o os aspectos ambientais, ao utilizar fontes renov\u00e1veis de energia e adotar tecnologias que ofere\u00e7am maior rendimento energ\u00e9tico;<\/span><\/strong><\/p>\n<p style=\"text-align: justify;\"><strong><span style=\"color: #000080;\">Solu\u00e7\u00e3o ideal \u00e9 aquela que propicia as maiores contribui\u00e7\u00f5es ou benef\u00edcios econ\u00f4micos e socioambientais e que al\u00e9m de diminuir os tempos das viagens promove melhorias no entorno urbano e na circula\u00e7\u00e3o do tr\u00e2nsito;<\/span><\/strong><\/p>\n<p style=\"text-align: justify;\"><strong><span style=\"color: #000080;\">Neste aspecto, os sistemas sobre trilhos t\u00eam uma grande contribui\u00e7\u00e3o a dar para as cidades, por torn\u00e1-las cada vez mais competitivas e ao mesmo tempo mais humanas para os seus cidad\u00e3os.<\/span><\/strong><\/p>\n<p><span style=\"color: #000000;\">DIRETORIA DA AEAMESP<\/span><\/p>\n<p><span style=\"color: #000000;\">S\u00e3o Paulo, 29 de dezembro de 2016<\/span><\/p>\n","protected":false},"excerpt":{"rendered":"<p>S\u00e3o Paulo, Dezembro, 2016 &#8211; Tendo em vista a recente veicula\u00e7\u00e3o na m\u00eddia, de declara\u00e7\u00f5es do Sr. Rafael Greca, prefeito eleito de Curitiba (PR), publicadas em 27\/12\/16, segundo as quais &#8220;metr\u00f4 \u00e9 pra toupeira&#8230; e &#8230;n\u00e3o \u00e9 pr\u00f3prio do nosso tempo&#8221;, a Associa\u00e7\u00e3o dos Engenheiros e Arquitetos de Metr\u00f4 \u2013 AEAMESP vem a p\u00fablico declarar [&hellip;]<\/p>\n","protected":false},"author":1,"featured_media":0,"comment_status":"open","ping_status":"open","sticky":false,"template":"","format":"standard","meta":{"_uag_custom_page_level_css":"","footnotes":""},"categories":[27],"tags":[462,1535,3388,7623,7627,7773,9274,9888,11895],"class_list":["post-4709","post","type-post","status-publish","format-standard","hentry","category-acontece","tag-aeamesp","tag-brasil","tag-declaracao-da-aeamesp","tag-metro","tag-metro-e-pra-toupeira","tag-mobilidade-urbana","tag-prefeito-de-curitiba-pr","tag-rafael-greca","tag-transporte-publico"],"blocksy_meta":[],"spectra_blocks_featured_image_url":null,"spectra_blocks_author_info":{"display_name":"Jornal da Constru\u00e7\u00e3o Civil","avatar_url":"https:\/\/secure.gravatar.com\/avatar\/973c9774fd44ddaceb026973c4962faa70fc512bc4c9da68e8ebb40fecee6540?s=96&d=mm&r=g","author_link":"https:\/\/construcaocivil.siriusmarketingedesign.com.br\/?author=1","description":"Desde de 2013, levando muitas informa\u00e7\u00f5es, lan\u00e7amentos e produtos de qualidade para toda cadeia produtiva da constru\u00e7\u00e3o. O Futuro da constru\u00e7\u00e3o passa por aqui,"},"uagb_featured_image_src":{"full":false,"thumbnail":false,"medium":false,"medium_large":false,"large":false,"1536x1536":false,"2048x2048":false},"uagb_author_info":{"display_name":"Jornal da Constru\u00e7\u00e3o Civil","author_link":"https:\/\/construcaocivil.siriusmarketingedesign.com.br\/?author=1"},"uagb_comment_info":0,"uagb_excerpt":"S\u00e3o Paulo, Dezembro, 2016 &#8211; Tendo em vista a recente veicula\u00e7\u00e3o na m\u00eddia, de declara\u00e7\u00f5es do Sr. Rafael Greca, prefeito eleito de Curitiba (PR), publicadas em 27\/12\/16, segundo as quais &#8220;metr\u00f4 \u00e9 pra toupeira&#8230; e &#8230;n\u00e3o \u00e9 pr\u00f3prio do nosso tempo&#8221;, a Associa\u00e7\u00e3o dos Engenheiros e Arquitetos de Metr\u00f4 \u2013 AEAMESP vem a p\u00fablico declarar&hellip;","_links":{"self":[{"href":"https:\/\/construcaocivil.siriusmarketingedesign.com.br\/index.php?rest_route=\/wp\/v2\/posts\/4709","targetHints":{"allow":["GET"]}}],"collection":[{"href":"https:\/\/construcaocivil.siriusmarketingedesign.com.br\/index.php?rest_route=\/wp\/v2\/posts"}],"about":[{"href":"https:\/\/construcaocivil.siriusmarketingedesign.com.br\/index.php?rest_route=\/wp\/v2\/types\/post"}],"author":[{"embeddable":true,"href":"https:\/\/construcaocivil.siriusmarketingedesign.com.br\/index.php?rest_route=\/wp\/v2\/users\/1"}],"replies":[{"embeddable":true,"href":"https:\/\/construcaocivil.siriusmarketingedesign.com.br\/index.php?rest_route=%2Fwp%2Fv2%2Fcomments&post=4709"}],"version-history":[{"count":0,"href":"https:\/\/construcaocivil.siriusmarketingedesign.com.br\/index.php?rest_route=\/wp\/v2\/posts\/4709\/revisions"}],"wp:attachment":[{"href":"https:\/\/construcaocivil.siriusmarketingedesign.com.br\/index.php?rest_route=%2Fwp%2Fv2%2Fmedia&parent=4709"}],"wp:term":[{"taxonomy":"category","embeddable":true,"href":"https:\/\/construcaocivil.siriusmarketingedesign.com.br\/index.php?rest_route=%2Fwp%2Fv2%2Fcategories&post=4709"},{"taxonomy":"post_tag","embeddable":true,"href":"https:\/\/construcaocivil.siriusmarketingedesign.com.br\/index.php?rest_route=%2Fwp%2Fv2%2Ftags&post=4709"}],"curies":[{"name":"wp","href":"https:\/\/api.w.org\/{rel}","templated":true}]}}