{"id":4715,"date":"2017-01-04T16:09:29","date_gmt":"2017-01-04T19:09:29","guid":{"rendered":"http:\/\/www.jornaldaconstrucaocivil.com.br\/?p=4715"},"modified":"2017-01-04T16:09:29","modified_gmt":"2017-01-04T19:09:29","slug":"temer-e-agora","status":"publish","type":"post","link":"https:\/\/construcaocivil.siriusmarketingedesign.com.br\/?p=4715","title":{"rendered":"Temer, e agora?"},"content":{"rendered":"<p style=\"text-align: justify;\"><span style=\"color: #993300;\">Da Reda\u00e7\u00e3o<\/span><\/p>\n<p style=\"text-align: justify;\"><span style=\"color: #000000;\"><span style=\"color: #0000ff;\">Janeiro, 2017<\/span> &#8211; Obras paralisadas, com\u00e9rcio parado, crise pol\u00edtica, estados quebrados, prefeituras falidas e ainda, a Opera\u00e7\u00e3o Lava Jato na ca\u00e7a dos corruptos envolvidos no desvio de bilh\u00f5es de reais dos cofres p\u00fablicos. Este foi o retrato do Brasil 2016<em>. \u00a0<\/em>Sem f\u00f4lego para sair desta crise hist\u00f3rica, o presidente Michel Temer ainda n\u00e3o apresentou solu\u00e7\u00f5es que fa\u00e7am setores empresariais e os 12 milh\u00f5es de brasileiros desempregados acreditarem que 2017 ser\u00e1 um ano f\u00e9rtil. O resultado \u00e9 uma desconfian\u00e7a geral de empres\u00e1rios, mercado financeiro e da popula\u00e7\u00e3o em todos os n\u00edveis.<\/span><\/p>\n<figure id=\"attachment_4719\" aria-describedby=\"caption-attachment-4719\" style=\"width: 350px\" class=\"wp-caption alignleft\"><a href=\"http:\/\/www.jornaldaconstrucaocivil.com.br\/wp-content\/uploads\/2017\/01\/COMPERJ-MULTID\u00c3O.jpg\"><img loading=\"lazy\" decoding=\"async\" class=\"wp-image-4719\" src=\"http:\/\/www.jornaldaconstrucaocivil.com.br\/wp-content\/uploads\/2017\/01\/COMPERJ-MULTID\u00c3O-1024x768.jpg\" alt=\"comperj-multidao\" width=\"350\" height=\"262\" \/><\/a><figcaption id=\"caption-attachment-4719\" class=\"wp-caption-text\"><strong><span style=\"color: #800000;\">At\u00e9 hoje milhares de trabalhadores doCOMPERJ-RJ,n\u00e3o receberam seus sal\u00e1rios durante as obras do empreendimento petroqu\u00edmico. <span style=\"color: #0000ff;\">Foto:JCC\u00a0<\/span><\/span><\/strong><\/figcaption><\/figure>\n<p style=\"text-align: justify;\"><span style=\"color: #000000;\">Por enquanto, Temer s\u00f3 afirmou que est\u00e1 fazendo reformas como disse em pronunciamento para jornalistas: <strong><em>\u201cSou o presidente das reformas\u201d<\/em><\/strong>. O setor da Constru\u00e7\u00e3o Civil deve ter ficado de cabe\u00e7a quente, porque at\u00e9 agora a PPI n\u00e3o andou e as reformas trabalhistas s\u00e3o apenas caminhos e n\u00e3o fim. Lembrando que as reformas encaminhadas pelo atual presidente e equipe econ\u00f4mica ir\u00e3o \u00e0 vota\u00e7\u00e3o no Senado, ou seja, o governo pode sofrer uma derrota.<\/span><\/p>\n<p style=\"text-align: justify;\"><span style=\"color: #000000;\">Os chamados investimentos estrangeiros n\u00e3o chegaram. O que se sabe \u00e9 que sem transpar\u00eancia e clareza sobre os projetos de parcerias p\u00fablicos privados (PPI\u00b4s), esses investimentos demoraram aparecer no cen\u00e1rio nacional. Para algumas empresas estrangeiras a situa\u00e7\u00e3o atual e futura, ainda mostra cen\u00e1rios inst\u00e1veis para grandes investimentos na economia brasileira, ou seja, sem seguran\u00e7a jur\u00eddica n\u00e3o h\u00e1 seguran\u00e7a econ\u00f4mica. E o efeito Donald Trump \u00e9 uma interroga\u00e7\u00e3o mundial.<\/span><\/p>\n<p style=\"text-align: justify;\"><span style=\"color: #000000;\">Segundo analistas econ\u00f4micos, a previs\u00e3o de melhora na economia brasileira, s\u00f3 em 2017(2\u00ba semestre) e 2018. De acordo com Raul Velloso, economista<em>: <span style=\"color: #800000;\">\u201cPa\u00eds que n\u00e3o existe pol\u00edtica clara de investimentos n\u00e3o pode d\u00e1 certo efetivamente\u201d,<\/span> <\/em>falou o economista durante F\u00f3rum de Infraestrutura na FGV-RJ.<em> \u00a0\u00a0<\/em><\/span><\/p>\n<p style=\"text-align: justify;\"><span style=\"color: #000000;\">Entre tantos setores produtivos em crise, o da constru\u00e7\u00e3o civil, atrav\u00e9s de diversas entidades, como: C\u00e2mara Brasileira da Ind\u00fastria da Constru\u00e7\u00e3o Civil (CBIC), Anamaco, Abramat, Clube de Engenharia, Federa\u00e7\u00e3o Nacional dos Engenheiros\u00a0 \u00a0e sindicatos dos empregados da constru\u00e7\u00e3o civil, tem feito ostensivas press\u00f5es junto ao governo federal para reverter o quadro negativo que assola a economia nacional, em especial, o setor da constru\u00e7\u00e3o, que j\u00e1 perdeu 600 mil empregos. S\u00e3o medidas, tais: acelerar o cr\u00e9dito imobili\u00e1rio, melhorar o programa Minha Casa Minha Vida, FGTS para financiar infraestrutura, investimentos na \u00e1rea de saneamento, voltar com as obras paralisadas por todo pa\u00eds, aumentar a participa\u00e7\u00e3o de pequenas e m\u00e9dias construtoras nas obras de infraestrutura e por fim aprovar somente projetos com efici\u00eancia e qualidade t\u00e9cnica. \u00a0<\/span><\/p>\n<figure id=\"attachment_4720\" aria-describedby=\"caption-attachment-4720\" style=\"width: 345px\" class=\"wp-caption alignright\"><a href=\"http:\/\/www.jornaldaconstrucaocivil.com.br\/wp-content\/uploads\/2017\/01\/SOLU\u00c7\u00c3O-COMPERJ-J\u00c1.jpg\"><img loading=\"lazy\" decoding=\"async\" class=\"wp-image-4720\" src=\"http:\/\/www.jornaldaconstrucaocivil.com.br\/wp-content\/uploads\/2017\/01\/SOLU\u00c7\u00c3O-COMPERJ-J\u00c1.jpg\" alt=\"solucao-comperj-ja\" width=\"345\" height=\"259\" \/><\/a><figcaption id=\"caption-attachment-4720\" class=\"wp-caption-text\"><strong><span style=\"color: #0000ff;\">Foto: JCC<\/span><\/strong><\/figcaption><\/figure>\n<p style=\"text-align: justify;\"><span style=\"color: #000000;\">Para sindicalistas, a crise provocada por desvios de bilh\u00f5es de reais em diversas obras, como dos complexos petroqu\u00edmicos do COMPERJ e Refinaria ABREU E LIMA, acabou gerando um efeito domin\u00f3 por todo o Brasil. Milhares de trabalhadores ficaram sem seus empregos e sal\u00e1rios. \u00a0\u00a0<\/span><\/p>\n<p style=\"text-align: justify;\"><span style=\"color: #000000;\">J\u00e1 Jo\u00e3o Batista, Encarregado de El\u00e9trica, que trabalhou na constru\u00e7\u00e3o de um novo hotel erguido na regi\u00e3o da Lapa-RJ, e h\u00e1 mais de 20 anos atua profissionalmente em obras nas cidades de S\u00e3o Paulo e Rio, diz:<span style=\"color: #800000;\"> <em>\u201cNunca passei uma situa\u00e7\u00e3o como essa na constru\u00e7\u00e3o civil. O patr\u00e3o cortou at\u00e9 as horas extras. Quem tem seu emprego, que d\u00ea jeito de segurar. O futuro est\u00e1 incerto\u201d, <\/em><\/span>comentou o Encarregado de El\u00e9trica.<\/span><\/p>\n","protected":false},"excerpt":{"rendered":"<p>Da Reda\u00e7\u00e3o Janeiro, 2017 &#8211; Obras paralisadas, com\u00e9rcio parado, crise pol\u00edtica, estados quebrados, prefeituras falidas e ainda, a Opera\u00e7\u00e3o Lava Jato na ca\u00e7a dos corruptos envolvidos no desvio de bilh\u00f5es de reais dos cofres p\u00fablicos. Este foi o retrato do Brasil 2016. \u00a0Sem f\u00f4lego para sair desta crise hist\u00f3rica, o presidente Michel Temer ainda n\u00e3o [&hellip;]<\/p>\n","protected":false},"author":1,"featured_media":4719,"comment_status":"open","ping_status":"open","sticky":false,"template":"","format":"standard","meta":{"_uag_custom_page_level_css":"","footnotes":""},"categories":[27],"tags":[1552,2531,2826,3198,4153,4432,6096,7643,8390,8893,9383,9778,10279,11845],"class_list":["post-4715","post","type-post","status-publish","format-standard","has-post-thumbnail","hentry","category-acontece","tag-brasil-parado","tag-comperj-rj","tag-construcao-civil","tag-crise","tag-empregos","tag-equipe-economica","tag-infraestrutura","tag-michel-temer","tag-obras-paralisadas","tag-pib-fraco","tag-pressao-para-voltar-a-crescer","tag-projetos-ruins","tag-retomada-do-crescimento","tag-trabalhadores-da-construcao-civil"],"blocksy_meta":[],"spectra_blocks_featured_image_url":[],"spectra_blocks_author_info":{"display_name":"Jornal da Constru\u00e7\u00e3o Civil","avatar_url":"https:\/\/secure.gravatar.com\/avatar\/973c9774fd44ddaceb026973c4962faa70fc512bc4c9da68e8ebb40fecee6540?s=96&d=mm&r=g","author_link":"https:\/\/construcaocivil.siriusmarketingedesign.com.br\/?author=1","description":"Desde de 2013, levando muitas informa\u00e7\u00f5es, lan\u00e7amentos e produtos de qualidade para toda cadeia produtiva da constru\u00e7\u00e3o. O Futuro da constru\u00e7\u00e3o passa por aqui,"},"uagb_featured_image_src":{"full":false,"thumbnail":false,"medium":false,"medium_large":false,"large":false,"1536x1536":false,"2048x2048":false},"uagb_author_info":{"display_name":"Jornal da Constru\u00e7\u00e3o Civil","author_link":"https:\/\/construcaocivil.siriusmarketingedesign.com.br\/?author=1"},"uagb_comment_info":0,"uagb_excerpt":"Da Reda\u00e7\u00e3o Janeiro, 2017 &#8211; Obras paralisadas, com\u00e9rcio parado, crise pol\u00edtica, estados quebrados, prefeituras falidas e ainda, a Opera\u00e7\u00e3o Lava Jato na ca\u00e7a dos corruptos envolvidos no desvio de bilh\u00f5es de reais dos cofres p\u00fablicos. Este foi o retrato do Brasil 2016. \u00a0Sem f\u00f4lego para sair desta crise hist\u00f3rica, o presidente Michel Temer ainda n\u00e3o&hellip;","_links":{"self":[{"href":"https:\/\/construcaocivil.siriusmarketingedesign.com.br\/index.php?rest_route=\/wp\/v2\/posts\/4715","targetHints":{"allow":["GET"]}}],"collection":[{"href":"https:\/\/construcaocivil.siriusmarketingedesign.com.br\/index.php?rest_route=\/wp\/v2\/posts"}],"about":[{"href":"https:\/\/construcaocivil.siriusmarketingedesign.com.br\/index.php?rest_route=\/wp\/v2\/types\/post"}],"author":[{"embeddable":true,"href":"https:\/\/construcaocivil.siriusmarketingedesign.com.br\/index.php?rest_route=\/wp\/v2\/users\/1"}],"replies":[{"embeddable":true,"href":"https:\/\/construcaocivil.siriusmarketingedesign.com.br\/index.php?rest_route=%2Fwp%2Fv2%2Fcomments&post=4715"}],"version-history":[{"count":0,"href":"https:\/\/construcaocivil.siriusmarketingedesign.com.br\/index.php?rest_route=\/wp\/v2\/posts\/4715\/revisions"}],"wp:attachment":[{"href":"https:\/\/construcaocivil.siriusmarketingedesign.com.br\/index.php?rest_route=%2Fwp%2Fv2%2Fmedia&parent=4715"}],"wp:term":[{"taxonomy":"category","embeddable":true,"href":"https:\/\/construcaocivil.siriusmarketingedesign.com.br\/index.php?rest_route=%2Fwp%2Fv2%2Fcategories&post=4715"},{"taxonomy":"post_tag","embeddable":true,"href":"https:\/\/construcaocivil.siriusmarketingedesign.com.br\/index.php?rest_route=%2Fwp%2Fv2%2Ftags&post=4715"}],"curies":[{"name":"wp","href":"https:\/\/api.w.org\/{rel}","templated":true}]}}