{"id":4722,"date":"2017-01-04T16:24:54","date_gmt":"2017-01-04T19:24:54","guid":{"rendered":"http:\/\/www.jornaldaconstrucaocivil.com.br\/?p=4722"},"modified":"2017-01-04T16:24:54","modified_gmt":"2017-01-04T19:24:54","slug":"instituto-3m-forma-2a-turma-do-programa-formare-em-ribeirao-preto","status":"publish","type":"post","link":"https:\/\/construcaocivil.siriusmarketingedesign.com.br\/?p=4722","title":{"rendered":"Instituto 3M forma 2\u00aa turma do Programa Formare em Ribeir\u00e3o Preto"},"content":{"rendered":"<p style=\"text-align: justify;\"><span style=\"color: #000080;\"><em><strong>18 jovens com idade entre 17 e 18 anos est\u00e3o capacitados para desempenhar a atividade de Assistente de Manufatura Industrial<\/strong><\/em><\/span><\/p>\n<p style=\"text-align: justify;\"><span style=\"color: #000000;\"><span style=\"color: #ff0000;\">S\u00e3o Paulo (SP), janeiro de 2017<\/span> &#8211; O Instituto 3M, organiza\u00e7\u00e3o idealizada pela 3M do Brasil para promover o empreendedorismo e o desenvolvimento social, acaba de formar mais uma turma do Programa Formare em Ribeir\u00e3o Preto, no interior de S\u00e3o Paulo. Os 18 formandos representam a segunda turma do curso de inicia\u00e7\u00e3o profissional de Assistente de Manufatura Industrial, que busca capacitar jovens para o desempenho da profiss\u00e3o.<\/span><\/p>\n<p style=\"text-align: justify;\"><span style=\"color: #000000;\">O Programa Formare \u00e9 uma parceria do Instituto 3M com a Funda\u00e7\u00e3o Iochpe com a proposta de facilitar a inclus\u00e3o dos estudantes de escolas p\u00fablicas no mercado de trabalho, por meio de cursos de educa\u00e7\u00e3o profissional. A primeira turma em Ribeir\u00e3o Preto teve in\u00edcio em maio de 2015. No total, 60 jovens se candidataram para as 20 vagas, sendo que 18 conclu\u00edram o curso e receberam seus certificados. Atualmente, 4 desses jovens fazem parte do quadro de funcion\u00e1rios 3M e outros 3 trabalharam como tempor\u00e1rios durante 6 meses. Desta vez, foram mais de 150 inscritos e 18 concluintes.<\/span><\/p>\n<p style=\"text-align: justify;\"><span style=\"color: #000000;\">O curso tem dura\u00e7\u00e3o de sete meses e durante esse per\u00edodo, os estudantes contam com 15 disciplinas divididas em 660 horas de conte\u00fado te\u00f3rico e 110 horas de aulas pr\u00e1ticas \u2013 como, por exemplo, Serigrafia. J\u00e1 em rela\u00e7\u00e3o \u00e0s disciplinas te\u00f3ricas, os alunos recebem refor\u00e7o em Portugu\u00eas e Matem\u00e1tica, al\u00e9m das disciplinas de tecnologia, como: Sistema de Produ\u00e7\u00e3o Enxuta, Desenho T\u00e9cnico e Automa\u00e7\u00e3o.<\/span><\/p>\n<p style=\"text-align: justify;\"><span style=\"color: #000000;\">Em 2016, os alunos de Ribeir\u00e3o Preto contaram com atividades extracurriculares e parcerias relevantes. O SEBRAE ofereceu o curso <span style=\"color: #993300;\">\u201cJovem Empreendedor\u201d<\/span>, com dura\u00e7\u00e3o de 12 horas, e a Pol\u00edcia Militar Rodovi\u00e1ria apresentou palestras sobre drogas e dire\u00e7\u00e3o defensiva. J\u00e1 o Instituto de Psicologia Avan\u00e7ada (IPA) abordou o tema sexualidade; e o Programa Municipal de DST\u00b4s e Hepatites conversou com os jovens sobre doen\u00e7as sexualmente transmiss\u00edveis.<\/span><\/p>\n<p style=\"text-align: justify;\"><span style=\"color: #000000;\">O curso tamb\u00e9m ofereceu aulas de teatro, nas quais os alunos foram respons\u00e1veis por escrever e encenar duas pe\u00e7as \u201cPol\u00edtica e \u00c9tica\u201d e \u201cComportamento Social\u201d. \u201cO teatro estimula a integra\u00e7\u00e3o dos jovens e ajuda a vencer a timidez, assim como levar o conhecimento sobre assuntos importantes\u201d, explica Fernanda Rosseto, coordenadora do Projeto Formare na unidade e Assistente Administrativo da 3M.<\/span><\/p>\n<p style=\"text-align: justify;\"><span style=\"color: #000000;\">Durante as aulas, os jovens recebem bolsa aux\u00edlio de meio sal\u00e1rio m\u00ednimo, alimenta\u00e7\u00e3o, transporte, seguro de vida em grupo, assist\u00eancia m\u00e9dica e odontol\u00f3gica, uniforme e material escolar.<\/span><\/p>\n<p style=\"text-align: justify;\"><strong><span style=\"color: #000000;\">Sobre o Formare<\/span><\/strong><\/p>\n<p style=\"text-align: justify;\"><span style=\"color: #000000;\">O Formare \u00e9 um projeto da Funda\u00e7\u00e3o Iochpe que, desenvolvido a partir de parcerias com empresas de grande e m\u00e9dio porte, oferece cursos de educa\u00e7\u00e3o profissional para jovens de fam\u00edlias de baixa renda com idades entre 16 e 18 anos.\u00a0 Os cursos oferecem a oportunidade de forma\u00e7\u00e3o inicial para o mercado de trabalho e t\u00eam a dura\u00e7\u00e3o de aproximadamente um ano.\u00a0 As aulas s\u00e3o ministradas por funcion\u00e1rios volunt\u00e1rios nas instala\u00e7\u00f5es da empresa. S\u00e3o 217 alunos j\u00e1 formados e mais 50 alunos cursando atualmente em Manaus, Sumar\u00e9 e Ribeir\u00e3o Preto.<\/span><\/p>\n<p style=\"text-align: justify;\"><strong><span style=\"color: #000000;\">Sobre o Instituto 3M<\/span><\/strong><\/p>\n<p style=\"text-align: justify;\"><span style=\"color: #000000;\">O Instituto 3M de Inova\u00e7\u00e3o Social \u00e9 uma organiza\u00e7\u00e3o idealizada pela 3M do Brasil e visa contribuir para a transforma\u00e7\u00e3o social do Brasil promovendo o empreendedorismo de nossas futuras gera\u00e7\u00f5es, fundamentado em valores \u00e9ticos, de cidadania e de sustentabilidade. A miss\u00e3o do Instituto 3M \u00e9 atuar na descoberta de tecnologias sociais e no desenvolvimento de programas pr\u00f3prios e em parcerias com foco na forma\u00e7\u00e3o de nossas futuras gera\u00e7\u00f5es para empreendedorismo. Para mais informa\u00e7\u00f5es, acesse: <span style=\"color: #0000ff;\">www.instituto3m.org.br<\/span><\/span><\/p>\n","protected":false},"excerpt":{"rendered":"<p>18 jovens com idade entre 17 e 18 anos est\u00e3o capacitados para desempenhar a atividade de Assistente de Manufatura Industrial S\u00e3o Paulo (SP), janeiro de 2017 &#8211; O Instituto 3M, organiza\u00e7\u00e3o idealizada pela 3M do Brasil para promover o empreendedorismo e o desenvolvimento social, acaba de formar mais uma turma do Programa Formare em Ribeir\u00e3o [&hellip;]<\/p>\n","protected":false},"author":1,"featured_media":0,"comment_status":"open","ping_status":"open","sticky":false,"template":"","format":"standard","meta":{"_uag_custom_page_level_css":"","footnotes":""},"categories":[27],"tags":[181,600,1486,3277,3299,5275,6202,6575,7157,7174,9708,9846,10352,11444,11883],"class_list":["post-4722","post","type-post","status-publish","format-standard","hentry","category-acontece","tag-3m-do-brasil","tag-alimentacao","tag-bolsa-auxilio","tag-curso-de-iniciacao-profissional","tag-cursos","tag-fundacao-iochpe","tag-instituto-3m","tag-jovens-de-baixa-renda","tag-manaus-amazonia","tag-manufatura-industrial","tag-projeto-formare","tag-qualificacao-profissional","tag-ribeirao-preto-sp","tag-sumare-sp","tag-transporte"],"blocksy_meta":[],"spectra_blocks_featured_image_url":null,"spectra_blocks_author_info":{"display_name":"Jornal da Constru\u00e7\u00e3o Civil","avatar_url":"https:\/\/secure.gravatar.com\/avatar\/973c9774fd44ddaceb026973c4962faa70fc512bc4c9da68e8ebb40fecee6540?s=96&d=mm&r=g","author_link":"https:\/\/construcaocivil.siriusmarketingedesign.com.br\/?author=1","description":"Desde de 2013, levando muitas informa\u00e7\u00f5es, lan\u00e7amentos e produtos de qualidade para toda cadeia produtiva da constru\u00e7\u00e3o. O Futuro da constru\u00e7\u00e3o passa por aqui,"},"uagb_featured_image_src":{"full":false,"thumbnail":false,"medium":false,"medium_large":false,"large":false,"1536x1536":false,"2048x2048":false},"uagb_author_info":{"display_name":"Jornal da Constru\u00e7\u00e3o Civil","author_link":"https:\/\/construcaocivil.siriusmarketingedesign.com.br\/?author=1"},"uagb_comment_info":0,"uagb_excerpt":"18 jovens com idade entre 17 e 18 anos est\u00e3o capacitados para desempenhar a atividade de Assistente de Manufatura Industrial S\u00e3o Paulo (SP), janeiro de 2017 &#8211; O Instituto 3M, organiza\u00e7\u00e3o idealizada pela 3M do Brasil para promover o empreendedorismo e o desenvolvimento social, acaba de formar mais uma turma do Programa Formare em Ribeir\u00e3o&hellip;","_links":{"self":[{"href":"https:\/\/construcaocivil.siriusmarketingedesign.com.br\/index.php?rest_route=\/wp\/v2\/posts\/4722","targetHints":{"allow":["GET"]}}],"collection":[{"href":"https:\/\/construcaocivil.siriusmarketingedesign.com.br\/index.php?rest_route=\/wp\/v2\/posts"}],"about":[{"href":"https:\/\/construcaocivil.siriusmarketingedesign.com.br\/index.php?rest_route=\/wp\/v2\/types\/post"}],"author":[{"embeddable":true,"href":"https:\/\/construcaocivil.siriusmarketingedesign.com.br\/index.php?rest_route=\/wp\/v2\/users\/1"}],"replies":[{"embeddable":true,"href":"https:\/\/construcaocivil.siriusmarketingedesign.com.br\/index.php?rest_route=%2Fwp%2Fv2%2Fcomments&post=4722"}],"version-history":[{"count":0,"href":"https:\/\/construcaocivil.siriusmarketingedesign.com.br\/index.php?rest_route=\/wp\/v2\/posts\/4722\/revisions"}],"wp:attachment":[{"href":"https:\/\/construcaocivil.siriusmarketingedesign.com.br\/index.php?rest_route=%2Fwp%2Fv2%2Fmedia&parent=4722"}],"wp:term":[{"taxonomy":"category","embeddable":true,"href":"https:\/\/construcaocivil.siriusmarketingedesign.com.br\/index.php?rest_route=%2Fwp%2Fv2%2Fcategories&post=4722"},{"taxonomy":"post_tag","embeddable":true,"href":"https:\/\/construcaocivil.siriusmarketingedesign.com.br\/index.php?rest_route=%2Fwp%2Fv2%2Ftags&post=4722"}],"curies":[{"name":"wp","href":"https:\/\/api.w.org\/{rel}","templated":true}]}}