{"id":4724,"date":"2017-01-05T17:24:43","date_gmt":"2017-01-05T20:24:43","guid":{"rendered":"http:\/\/www.jornaldaconstrucaocivil.com.br\/?p=4724"},"modified":"2017-01-05T17:24:43","modified_gmt":"2017-01-05T20:24:43","slug":"vendas-no-varejo-de-material-de-construcao-crescem-2-em-dezembro","status":"publish","type":"post","link":"https:\/\/construcaocivil.siriusmarketingedesign.com.br\/?p=4724","title":{"rendered":"Vendas no varejo de material de constru\u00e7\u00e3o crescem 2% em dezembro"},"content":{"rendered":"<p style=\"text-align: justify;\"><span style=\"color: #800000;\">Material de Constru\u00e7\u00e3o<\/span><\/p>\n<p style=\"text-align: justify;\"><span style=\"color: #0000ff;\">Janeiro, 2017 &#8211;<\/span> <span style=\"color: #000000;\">As vendas no varejo de material de constru\u00e7\u00e3o cresceram 2% no m\u00eas de dezembro, na compara\u00e7\u00e3o com novembro. O desempenho no m\u00eas foi 4% superior ao registrado em dezembro do ano passado. Os dados s\u00e3o da pesquisa mensal da Anamaco (Associa\u00e7\u00e3o Nacional dos Comerciantes de Material de Constru\u00e7\u00e3o), realizada pelo instituto de pesquisas da entidade com o apoio da Abrafati, Instituto Crisotila Brasil e Anfacer. O estudo ouviu 530 lojistas de todas as regi\u00f5es do pa\u00eds entre os dias 21 a 27 de dezembro.<\/span><\/p>\n<p style=\"text-align: justify;\"><a href=\"http:\/\/www.jornaldaconstrucaocivil.com.br\/wp-content\/uploads\/2017\/01\/CASA-SHOW-2015-II.jpg\"><img loading=\"lazy\" decoding=\"async\" class=\"wp-image-4732 alignleft\" src=\"http:\/\/www.jornaldaconstrucaocivil.com.br\/wp-content\/uploads\/2017\/01\/CASA-SHOW-2015-II-1024x778.jpg\" alt=\"casa-show-2015-ii\" width=\"350\" height=\"266\" \/><\/a><\/p>\n<p style=\"text-align: justify;\"><span style=\"color: #800000;\">Setor, no entanto, fechou o ano com queda de 6% sobre 2015;<\/span><\/p>\n<p style=\"text-align: justify;\"><span style=\"color: #800000;\">Anamaco prev\u00ea crescimento de 5% em 2017<\/span><\/p>\n<p style=\"text-align: justify;\"><span style=\"color: #000000;\">Segundo a pesquisa, as vendas no varejo de material de constru\u00e7\u00e3o no segundo semestre de 2016 foram 4% superiores ao mesmo per\u00edodo de 2015. O resultado, no entanto, n\u00e3o foi suficiente para reverter o desempenho do setor no ano. &#8220;Fechamos 2016 com queda de 6% sobre 2015, quando tivemos um faturamento de R$ 115 bilh\u00f5es. Tivemos um primeiro semestre muito complicado e isso dificultou uma rea\u00e7\u00e3o maior do setor&#8221;, explica Cl\u00e1udio Conz, presidente da Anamaco.<\/span><\/p>\n<p style=\"text-align: justify;\"><span style=\"color: #000000;\">Ele tamb\u00e9m ressalta que, desde que a associa\u00e7\u00e3o passou a acompanhar anualmente a s\u00e9rie hist\u00f3rica do varejo, em 1994, esta \u00e9 a primeira vez que o varejo de material de constru\u00e7\u00e3o registra retra\u00e7\u00e3o em dois anos seguidos. &#8220;Apesar disso, esperamos que o setor continue reagindo em 2017. A nossa expectativa \u00e9 de crescermos 3% no primeiro semestre e 6% no segundo, fechado o ano com 5% de crescimento sobre 2016. A tarefa n\u00e3o \u00e9 f\u00e1cil, mas os impactos do lan\u00e7amento do Cart\u00e3o Reforma e da retomada do Construcard devem come\u00e7ar a serem sentidos j\u00e1 no in\u00edcio do ano. Al\u00e9m disso, estamos trabalhando com os bancos no sentido de aumentar a oferta de cr\u00e9dito e diminuir os juros, o que deve influenciar positivamente as nossas vendas&#8221;, completa.<\/span><\/p>\n<p style=\"text-align: justify;\"><span style=\"color: #000000;\">Ainda segundo o estudo, os resultados apresentados pelo setor em dezembro tamb\u00e9m variam de acordo com a regi\u00e3o. Enquanto Nordeste e Centro-Oeste apresentaram, respectivamente, crescimento de 6% e 5%, as vendas no Sudeste se mantiveram est\u00e1veis. J\u00e1 Sul e Norte apresentaram queda de -15% e -7%, respectivamente.<\/span><\/p>\n<p style=\"text-align: justify;\"><span style=\"color: #000000;\">Cerca de 40% dos entrevistados pretendem fazer novos investimentos no pr\u00f3ximo ano e 16% t\u00eam a inten\u00e7\u00e3o de contratar novos funcion\u00e1rios em janeiro. J\u00e1 o otimismo com rela\u00e7\u00e3o \u00e0s a\u00e7\u00f5es do Governo nos pr\u00f3ximos meses retraiu de 50% para 45%.<\/span><\/p>\n","protected":false},"excerpt":{"rendered":"<p>Material de Constru\u00e7\u00e3o Janeiro, 2017 &#8211; As vendas no varejo de material de constru\u00e7\u00e3o cresceram 2% no m\u00eas de dezembro, na compara\u00e7\u00e3o com novembro. O desempenho no m\u00eas foi 4% superior ao registrado em dezembro do ano passado. Os dados s\u00e3o da pesquisa mensal da Anamaco (Associa\u00e7\u00e3o Nacional dos Comerciantes de Material de Constru\u00e7\u00e3o), realizada [&hellip;]<\/p>\n","protected":false},"author":1,"featured_media":4732,"comment_status":"open","ping_status":"open","sticky":false,"template":"","format":"standard","meta":{"_uag_custom_page_level_css":"","footnotes":""},"categories":[33],"tags":[705,2079,2906,7017,8144,8541,9858,11433,11438,12211,12292],"class_list":["post-4724","post","type-post","status-publish","format-standard","has-post-thumbnail","hentry","category-mercado","tag-anamaco","tag-centro-oeste","tag-construcard","tag-lojas-varejistas","tag-nordeste","tag-otimismo-para-2017","tag-queda-em-2016","tag-sudeste","tag-sul","tag-varejo","tag-vendas-de-material-de-construcao"],"blocksy_meta":[],"spectra_blocks_featured_image_url":[],"spectra_blocks_author_info":{"display_name":"Jornal da Constru\u00e7\u00e3o Civil","avatar_url":"https:\/\/secure.gravatar.com\/avatar\/973c9774fd44ddaceb026973c4962faa70fc512bc4c9da68e8ebb40fecee6540?s=96&d=mm&r=g","author_link":"https:\/\/construcaocivil.siriusmarketingedesign.com.br\/?author=1","description":"Desde de 2013, levando muitas informa\u00e7\u00f5es, lan\u00e7amentos e produtos de qualidade para toda cadeia produtiva da constru\u00e7\u00e3o. O Futuro da constru\u00e7\u00e3o passa por aqui,"},"uagb_featured_image_src":{"full":false,"thumbnail":false,"medium":false,"medium_large":false,"large":false,"1536x1536":false,"2048x2048":false},"uagb_author_info":{"display_name":"Jornal da Constru\u00e7\u00e3o Civil","author_link":"https:\/\/construcaocivil.siriusmarketingedesign.com.br\/?author=1"},"uagb_comment_info":0,"uagb_excerpt":"Material de Constru\u00e7\u00e3o Janeiro, 2017 &#8211; As vendas no varejo de material de constru\u00e7\u00e3o cresceram 2% no m\u00eas de dezembro, na compara\u00e7\u00e3o com novembro. O desempenho no m\u00eas foi 4% superior ao registrado em dezembro do ano passado. Os dados s\u00e3o da pesquisa mensal da Anamaco (Associa\u00e7\u00e3o Nacional dos Comerciantes de Material de Constru\u00e7\u00e3o), realizada&hellip;","_links":{"self":[{"href":"https:\/\/construcaocivil.siriusmarketingedesign.com.br\/index.php?rest_route=\/wp\/v2\/posts\/4724","targetHints":{"allow":["GET"]}}],"collection":[{"href":"https:\/\/construcaocivil.siriusmarketingedesign.com.br\/index.php?rest_route=\/wp\/v2\/posts"}],"about":[{"href":"https:\/\/construcaocivil.siriusmarketingedesign.com.br\/index.php?rest_route=\/wp\/v2\/types\/post"}],"author":[{"embeddable":true,"href":"https:\/\/construcaocivil.siriusmarketingedesign.com.br\/index.php?rest_route=\/wp\/v2\/users\/1"}],"replies":[{"embeddable":true,"href":"https:\/\/construcaocivil.siriusmarketingedesign.com.br\/index.php?rest_route=%2Fwp%2Fv2%2Fcomments&post=4724"}],"version-history":[{"count":0,"href":"https:\/\/construcaocivil.siriusmarketingedesign.com.br\/index.php?rest_route=\/wp\/v2\/posts\/4724\/revisions"}],"wp:attachment":[{"href":"https:\/\/construcaocivil.siriusmarketingedesign.com.br\/index.php?rest_route=%2Fwp%2Fv2%2Fmedia&parent=4724"}],"wp:term":[{"taxonomy":"category","embeddable":true,"href":"https:\/\/construcaocivil.siriusmarketingedesign.com.br\/index.php?rest_route=%2Fwp%2Fv2%2Fcategories&post=4724"},{"taxonomy":"post_tag","embeddable":true,"href":"https:\/\/construcaocivil.siriusmarketingedesign.com.br\/index.php?rest_route=%2Fwp%2Fv2%2Ftags&post=4724"}],"curies":[{"name":"wp","href":"https:\/\/api.w.org\/{rel}","templated":true}]}}