{"id":4730,"date":"2017-01-04T17:15:45","date_gmt":"2017-01-04T20:15:45","guid":{"rendered":"http:\/\/www.jornaldaconstrucaocivil.com.br\/?p=4730"},"modified":"2017-01-04T17:15:45","modified_gmt":"2017-01-04T20:15:45","slug":"curso-de-refrigeracao-aplicada-gratuito","status":"publish","type":"post","link":"https:\/\/construcaocivil.siriusmarketingedesign.com.br\/?p=4730","title":{"rendered":"Curso de refrigera\u00e7\u00e3o aplicada gratuito"},"content":{"rendered":"<p style=\"text-align: justify;\"><strong><span style=\"color: #000080;\"><em>Confira calend\u00e1rio de janeiro e fevereiro para curso de refrigera\u00e7\u00e3o aplicada da Danfoss<\/em><\/span><\/strong><\/p>\n<p style=\"text-align: justify;\"><strong><span style=\"color: #000080;\"><em>Gratuita, iniciativa acontece na Danfoss, em Osasco, e nos Senais em Porto Alegre, S\u00e3o Paulo e Goi\u00e2nia<\/em><\/span><\/strong><\/p>\n<p style=\"text-align: justify;\"><span style=\"color: #000000;\"><span style=\"color: #993300;\">Janeiro, 2017<\/span> &#8211; L\u00edder global no fornecimento de tecnologias que atendem \u00e0 crescente demanda da cadeia produtiva de alimentos, efici\u00eancia energ\u00e9tica, solu\u00e7\u00f5es favor\u00e1veis ao clima e infraestrutura moderna, a Danfoss divulga as datas de janeiro e fevereiro das pr\u00f3ximas turmas do curso de Refrigera\u00e7\u00e3o Aplicada, realizado no pr\u00f3prio laborat\u00f3rio da empresa e nos Senais Vila Cana\u00e3, em Goi\u00e2nia; Oscar Rodrigues, em S\u00e3o Paulo; e Visconde de Mau\u00e1, em Porto Alegre.<\/span><\/p>\n<p style=\"text-align: justify;\"><span style=\"color: #000000;\">O laborat\u00f3rio da Danfoss em Osasco (SP) receber\u00e1 o curso de 16 a 20 de janeiro e de 13 a 17 de fevereiro, das 8h \u00e0s 17h. Os Senais Vila Cana\u00e3 (GO), Oscar Rodrigues (SP) e Visconde de Mau\u00e1 (RS) sediar\u00e3o o curso da Danfoss de 20 a 24 de fevereiro, das 8h \u00e0s 17h. Com dura\u00e7\u00e3o de 40 horas, o curso tem o objetivo de promover conhecimento te\u00f3rico e pr\u00e1tico sobre a \u00e1rea de refrigera\u00e7\u00e3o aplicada, formando, reciclando e certificando profissionais.<\/span><\/p>\n<p style=\"text-align: justify;\"><span style=\"color: #000000;\">Os alunos recebem da Danfoss todo o material para participar do curso, como apostilas, jalecos, r\u00e9guas de press\u00e3o e temperatura, cat\u00e1logos, canetas e bloco de anota\u00e7\u00e3o. Ao final da iniciativa, os participantes recebem diploma fornecido pela empresa e estar\u00e3o habilitados para prestar melhores servi\u00e7os de instala\u00e7\u00e3o e sele\u00e7\u00e3o de componentes a instala\u00e7\u00f5es de refrigera\u00e7\u00e3o.<\/span><\/p>\n<p style=\"text-align: justify;\"><span style=\"color: #ff0000;\">O curso \u00e9 gratuito e os interessados devem se inscrever pelo e-mail <span style=\"color: #0000ff;\">treinamentora@danfoss.com<\/span><\/span><\/p>\n<p><strong><span style=\"color: #000000;\">Servi\u00e7o<\/span><\/strong><\/p>\n<p><strong><span style=\"color: #000000;\">Curso de Refrigera\u00e7\u00e3o Aplicada<\/span><\/strong><\/p>\n<p><span style=\"color: #800080;\"><strong>Danfoss \u2013 SP<\/strong><\/span><\/p>\n<p><span style=\"color: #800080;\"><strong>Rua Am\u00e9rico Vesp\u00facio, 85, Osasco<\/strong><\/span><\/p>\n<p><span style=\"color: #800080;\"><strong>De 16 a 20 de janeiro e de 13 a 17 de fevereiro, das 8h \u00e0s 17h<\/strong><\/span><\/p>\n<p><strong><span style=\"color: #0000ff;\">Senai Oscar Rodrigues \u2013 SP<\/span><\/strong><\/p>\n<p><strong><span style=\"color: #0000ff;\">Rua Mil Oitocentos e Vinte e Dois, 76, S\u00e3o Paulo<\/span><\/strong><\/p>\n<p><strong><span style=\"color: #0000ff;\">De 20 a 24 de fevereiro, das 8h \u00e0s 17h<\/span><\/strong><\/p>\n<p><strong><span style=\"color: #993300;\">Senai Vila Cana\u00e3 \u2013 GO<\/span><\/strong><\/p>\n<p><strong><span style=\"color: #993300;\">Rua Professor L\u00e1zaro Costa, 348, Vila Cana\u00e3, Goi\u00e2nia<\/span><\/strong><\/p>\n<p><strong><span style=\"color: #993300;\">De 20 a 24 de fevereiro, das 8h \u00e0s 17h<\/span><\/strong><\/p>\n<p><strong><span style=\"color: #000000;\">Senai Visconde de Mau\u00e1 \u2013 RS<\/span><\/strong><\/p>\n<p><strong><span style=\"color: #000000;\">Avenida Sert\u00f3rio, 473, Navegantes, Porto Alegre<\/span><\/strong><\/p>\n<p><strong><span style=\"color: #000000;\">De 20 a 24 de fevereiro, das 8h \u00e0s 17h<\/span><\/strong><\/p>\n<p><span style=\"color: #000000;\"><strong>Informa\u00e7\u00f5es e inscri\u00e7\u00f5es:<\/strong> <strong><span style=\"color: #0000ff;\">treinamentora@danfoss.com<\/span><\/strong><\/span><\/p>\n","protected":false},"excerpt":{"rendered":"<p>Confira calend\u00e1rio de janeiro e fevereiro para curso de refrigera\u00e7\u00e3o aplicada da Danfoss Gratuita, iniciativa acontece na Danfoss, em Osasco, e nos Senais em Porto Alegre, S\u00e3o Paulo e Goi\u00e2nia Janeiro, 2017 &#8211; L\u00edder global no fornecimento de tecnologias que atendem \u00e0 crescente demanda da cadeia produtiva de alimentos, efici\u00eancia energ\u00e9tica, solu\u00e7\u00f5es favor\u00e1veis ao clima [&hellip;]<\/p>\n","protected":false},"author":1,"featured_media":0,"comment_status":"open","ping_status":"open","sticky":false,"template":"","format":"standard","meta":{"_uag_custom_page_level_css":"","footnotes":""},"categories":[27],"tags":[3284,3306,3350,5514,6576,8532,9134,10076,10679,10883,10888,10889],"class_list":["post-4730","post","type-post","status-publish","format-standard","hentry","category-acontece","tag-curso-de-refrigeracao-aplicada","tag-cursos-gratuitos","tag-danfoss","tag-goiania-go","tag-jovens-e-adultos","tag-osasco-sp","tag-porto-alegre-rs","tag-refrigeracao","tag-sao-paulo-sp","tag-senai-oscar-rodrigues-sp","tag-senai-vila-canaa-go","tag-senai-visconde-de-maua-rs"],"blocksy_meta":[],"spectra_blocks_featured_image_url":null,"spectra_blocks_author_info":{"display_name":"Jornal da Constru\u00e7\u00e3o Civil","avatar_url":"https:\/\/secure.gravatar.com\/avatar\/973c9774fd44ddaceb026973c4962faa70fc512bc4c9da68e8ebb40fecee6540?s=96&d=mm&r=g","author_link":"https:\/\/construcaocivil.siriusmarketingedesign.com.br\/?author=1","description":"Desde de 2013, levando muitas informa\u00e7\u00f5es, lan\u00e7amentos e produtos de qualidade para toda cadeia produtiva da constru\u00e7\u00e3o. O Futuro da constru\u00e7\u00e3o passa por aqui,"},"uagb_featured_image_src":{"full":false,"thumbnail":false,"medium":false,"medium_large":false,"large":false,"1536x1536":false,"2048x2048":false},"uagb_author_info":{"display_name":"Jornal da Constru\u00e7\u00e3o Civil","author_link":"https:\/\/construcaocivil.siriusmarketingedesign.com.br\/?author=1"},"uagb_comment_info":0,"uagb_excerpt":"Confira calend\u00e1rio de janeiro e fevereiro para curso de refrigera\u00e7\u00e3o aplicada da Danfoss Gratuita, iniciativa acontece na Danfoss, em Osasco, e nos Senais em Porto Alegre, S\u00e3o Paulo e Goi\u00e2nia Janeiro, 2017 &#8211; L\u00edder global no fornecimento de tecnologias que atendem \u00e0 crescente demanda da cadeia produtiva de alimentos, efici\u00eancia energ\u00e9tica, solu\u00e7\u00f5es favor\u00e1veis ao clima&hellip;","_links":{"self":[{"href":"https:\/\/construcaocivil.siriusmarketingedesign.com.br\/index.php?rest_route=\/wp\/v2\/posts\/4730","targetHints":{"allow":["GET"]}}],"collection":[{"href":"https:\/\/construcaocivil.siriusmarketingedesign.com.br\/index.php?rest_route=\/wp\/v2\/posts"}],"about":[{"href":"https:\/\/construcaocivil.siriusmarketingedesign.com.br\/index.php?rest_route=\/wp\/v2\/types\/post"}],"author":[{"embeddable":true,"href":"https:\/\/construcaocivil.siriusmarketingedesign.com.br\/index.php?rest_route=\/wp\/v2\/users\/1"}],"replies":[{"embeddable":true,"href":"https:\/\/construcaocivil.siriusmarketingedesign.com.br\/index.php?rest_route=%2Fwp%2Fv2%2Fcomments&post=4730"}],"version-history":[{"count":0,"href":"https:\/\/construcaocivil.siriusmarketingedesign.com.br\/index.php?rest_route=\/wp\/v2\/posts\/4730\/revisions"}],"wp:attachment":[{"href":"https:\/\/construcaocivil.siriusmarketingedesign.com.br\/index.php?rest_route=%2Fwp%2Fv2%2Fmedia&parent=4730"}],"wp:term":[{"taxonomy":"category","embeddable":true,"href":"https:\/\/construcaocivil.siriusmarketingedesign.com.br\/index.php?rest_route=%2Fwp%2Fv2%2Fcategories&post=4730"},{"taxonomy":"post_tag","embeddable":true,"href":"https:\/\/construcaocivil.siriusmarketingedesign.com.br\/index.php?rest_route=%2Fwp%2Fv2%2Ftags&post=4730"}],"curies":[{"name":"wp","href":"https:\/\/api.w.org\/{rel}","templated":true}]}}