{"id":4740,"date":"2017-01-11T10:43:27","date_gmt":"2017-01-11T13:43:27","guid":{"rendered":"http:\/\/www.jornaldaconstrucaocivil.com.br\/?p=4740"},"modified":"2017-01-11T10:43:27","modified_gmt":"2017-01-11T13:43:27","slug":"bolsa-familia-marica-convoca-familias-do-mcmv","status":"publish","type":"post","link":"https:\/\/construcaocivil.siriusmarketingedesign.com.br\/?p=4740","title":{"rendered":"Bolsa Fam\u00edlia: Maric\u00e1 convoca fam\u00edlias do MCMV"},"content":{"rendered":"<p style=\"text-align: justify;\"><span style=\"color: #000000;\"><span style=\"color: #000080;\">Maric\u00e1, Janeiro, 2017<\/span> &#8211; A Secretaria Municipal Adjunta de Sa\u00fade, por meio da \u00c1rea T\u00e9cnica de Alimenta\u00e7\u00e3o e Nutri\u00e7\u00e3o (Atan), realizar\u00e1 o Acompanhamento da Sa\u00fade (pesar e medir) para quem recebe o benef\u00edcio Bolsa Fam\u00edlia. A a\u00e7\u00e3o acontecer\u00e1 no pr\u00f3ximo s\u00e1bado, dia 14\/01, das 9h \u00e0s 16h, nos dois condom\u00ednios do programa Minha Casa Minha Vida (Condom\u00ednios Carlos Marighella, em Itaipua\u00e7u, e Carlos Aberto Soares de Freitas, em Ino\u00e3).<\/span><\/p>\n<figure id=\"attachment_4741\" aria-describedby=\"caption-attachment-4741\" style=\"width: 354px\" class=\"wp-caption alignleft\"><a href=\"http:\/\/www.jornaldaconstrucaocivil.com.br\/wp-content\/uploads\/2017\/01\/Fernando-Silva.jpg\"><img loading=\"lazy\" decoding=\"async\" class=\"wp-image-4741\" src=\"http:\/\/www.jornaldaconstrucaocivil.com.br\/wp-content\/uploads\/2017\/01\/Fernando-Silva.jpg\" alt=\"fernando-silva\" width=\"354\" height=\"235\" \/><\/a><figcaption id=\"caption-attachment-4741\" class=\"wp-caption-text\"><span style=\"color: #993300;\">Cr\u00e9ditos: Fernando Silva<\/span><\/figcaption><\/figure>\n<p style=\"text-align: justify;\"><span style=\"color: #000000;\">Na ocasi\u00e3o, haver\u00e1 equipes de sa\u00fade \u00e0 espera dos moradores que forem benefici\u00e1rios do programa. Para participar ser\u00e1 necess\u00e1rio levar o cart\u00e3o de vacina\u00e7\u00e3o, o cart\u00e3o do Bolsa Fam\u00edlia e, se a benefici\u00e1ria estiver gestante precisa levar o cart\u00e3o de pr\u00e9-natal. \u201c\u00c9 importante para garantir a sa\u00fade\u201d, explicou Elisa, afirmando, ainda, que a a\u00e7\u00e3o visa alcan\u00e7ar as fam\u00edlias benefici\u00e1rias dos condom\u00ednios, j\u00e1 que o prazo para o acompanhamento terminar\u00e1 no dia 19\/01.<\/span><\/p>\n<p style=\"text-align: justify;\"><span style=\"color: #000000;\">Quem ainda n\u00e3o fez precisa comparecer ao posto de sa\u00fade mais perto de casa. Esta atividade (pesar e medir) \u00e9 realizada duas vezes ao ano, no primeiro e no segundo semestre. Todas as fam\u00edlias benefici\u00e1rias do programa com crian\u00e7as at\u00e9 7 anos de idade e tamb\u00e9m as mulheres de 14 a 44 anos precisam ir ao posto de sa\u00fade mais perto de casa, de segunda \u00e0 sexta-feira, das 8h \u00e0s 17h. \u201c\u00c9 muito importante lembrar que as mulheres de 14 a 44 anos que recebem o Bolsa Fam\u00edlia tamb\u00e9m devem ir ao posto de sa\u00fade\u201d, enfatiza a coordenadora. O acompanhamento do Bolsa Fam\u00edlia na sa\u00fade acontece todos os dias e em todos os postos de sa\u00fade.<\/span><\/p>\n<p style=\"text-align: justify;\">Fonte: Ascom\/Prefeitura de Maric\u00e1-RJ<\/p>\n","protected":false},"excerpt":{"rendered":"<p>Maric\u00e1, Janeiro, 2017 &#8211; A Secretaria Municipal Adjunta de Sa\u00fade, por meio da \u00c1rea T\u00e9cnica de Alimenta\u00e7\u00e3o e Nutri\u00e7\u00e3o (Atan), realizar\u00e1 o Acompanhamento da Sa\u00fade (pesar e medir) para quem recebe o benef\u00edcio Bolsa Fam\u00edlia. A a\u00e7\u00e3o acontecer\u00e1 no pr\u00f3ximo s\u00e1bado, dia 14\/01, das 9h \u00e0s 16h, nos dois condom\u00ednios do programa Minha Casa Minha [&hellip;]<\/p>\n","protected":false},"author":1,"featured_media":4741,"comment_status":"open","ping_status":"open","sticky":false,"template":"","format":"standard","meta":{"_uag_custom_page_level_css":"","footnotes":""},"categories":[27],"tags":[1489,1657,2687,2688,7295,7692,10751],"class_list":["post-4740","post","type-post","status-publish","format-standard","has-post-thumbnail","hentry","category-acontece","tag-bolsa-familia","tag-cadastramento-2017","tag-condominio-carlos-aberto-soares-de-freitas-inoa","tag-condominio-carlos-marighella-itaipuacu","tag-marica-rj","tag-minha-casa-minha-vida","tag-secretaria-municipal-adjunta-de-saude"],"blocksy_meta":[],"spectra_blocks_featured_image_url":[],"spectra_blocks_author_info":{"display_name":"Jornal da Constru\u00e7\u00e3o Civil","avatar_url":"https:\/\/secure.gravatar.com\/avatar\/973c9774fd44ddaceb026973c4962faa70fc512bc4c9da68e8ebb40fecee6540?s=96&d=mm&r=g","author_link":"https:\/\/construcaocivil.siriusmarketingedesign.com.br\/?author=1","description":"Desde de 2013, levando muitas informa\u00e7\u00f5es, lan\u00e7amentos e produtos de qualidade para toda cadeia produtiva da constru\u00e7\u00e3o. O Futuro da constru\u00e7\u00e3o passa por aqui,"},"uagb_featured_image_src":{"full":false,"thumbnail":false,"medium":false,"medium_large":false,"large":false,"1536x1536":false,"2048x2048":false},"uagb_author_info":{"display_name":"Jornal da Constru\u00e7\u00e3o Civil","author_link":"https:\/\/construcaocivil.siriusmarketingedesign.com.br\/?author=1"},"uagb_comment_info":0,"uagb_excerpt":"Maric\u00e1, Janeiro, 2017 &#8211; A Secretaria Municipal Adjunta de Sa\u00fade, por meio da \u00c1rea T\u00e9cnica de Alimenta\u00e7\u00e3o e Nutri\u00e7\u00e3o (Atan), realizar\u00e1 o Acompanhamento da Sa\u00fade (pesar e medir) para quem recebe o benef\u00edcio Bolsa Fam\u00edlia. A a\u00e7\u00e3o acontecer\u00e1 no pr\u00f3ximo s\u00e1bado, dia 14\/01, das 9h \u00e0s 16h, nos dois condom\u00ednios do programa Minha Casa Minha&hellip;","_links":{"self":[{"href":"https:\/\/construcaocivil.siriusmarketingedesign.com.br\/index.php?rest_route=\/wp\/v2\/posts\/4740","targetHints":{"allow":["GET"]}}],"collection":[{"href":"https:\/\/construcaocivil.siriusmarketingedesign.com.br\/index.php?rest_route=\/wp\/v2\/posts"}],"about":[{"href":"https:\/\/construcaocivil.siriusmarketingedesign.com.br\/index.php?rest_route=\/wp\/v2\/types\/post"}],"author":[{"embeddable":true,"href":"https:\/\/construcaocivil.siriusmarketingedesign.com.br\/index.php?rest_route=\/wp\/v2\/users\/1"}],"replies":[{"embeddable":true,"href":"https:\/\/construcaocivil.siriusmarketingedesign.com.br\/index.php?rest_route=%2Fwp%2Fv2%2Fcomments&post=4740"}],"version-history":[{"count":0,"href":"https:\/\/construcaocivil.siriusmarketingedesign.com.br\/index.php?rest_route=\/wp\/v2\/posts\/4740\/revisions"}],"wp:attachment":[{"href":"https:\/\/construcaocivil.siriusmarketingedesign.com.br\/index.php?rest_route=%2Fwp%2Fv2%2Fmedia&parent=4740"}],"wp:term":[{"taxonomy":"category","embeddable":true,"href":"https:\/\/construcaocivil.siriusmarketingedesign.com.br\/index.php?rest_route=%2Fwp%2Fv2%2Fcategories&post=4740"},{"taxonomy":"post_tag","embeddable":true,"href":"https:\/\/construcaocivil.siriusmarketingedesign.com.br\/index.php?rest_route=%2Fwp%2Fv2%2Ftags&post=4740"}],"curies":[{"name":"wp","href":"https:\/\/api.w.org\/{rel}","templated":true}]}}