{"id":4801,"date":"2017-01-19T15:15:24","date_gmt":"2017-01-19T18:15:24","guid":{"rendered":"http:\/\/www.jornaldaconstrucaocivil.com.br\/?p=4801"},"modified":"2017-01-19T15:15:24","modified_gmt":"2017-01-19T18:15:24","slug":"cbic-se-reune-com-o-governo-chileno-para-troca-de-experiencias-sobre-o-bim","status":"publish","type":"post","link":"https:\/\/construcaocivil.siriusmarketingedesign.com.br\/?p=4801","title":{"rendered":"CBIC se re\u00fane com o governo chileno para troca de experi\u00eancias sobre o BIM"},"content":{"rendered":"<p style=\"text-align: justify;\"><span style=\"color: #000000;\"><span style=\"color: #ff0000;\"><a href=\"http:\/\/www.jornaldaconstrucaocivil.com.br\/wp-content\/uploads\/2017\/01\/BIM-OK.jpg\"><img loading=\"lazy\" decoding=\"async\" class=\"wp-image-4805 alignleft\" src=\"http:\/\/www.jornaldaconstrucaocivil.com.br\/wp-content\/uploads\/2017\/01\/BIM-OK.jpg\" alt=\"BIM OK\" width=\"372\" height=\"260\" \/><\/a>Janeiro, 2017<\/span> &#8211; O presidente da C\u00e2mara Brasileira da Ind\u00fastria da Constru\u00e7\u00e3o (CBIC), Jos\u00e9 Carlos Martins, e o l\u00edder do\u00a0Building Information Modelling\u00a0(BIM) da Comiss\u00e3o de Materiais, Tecnologia, Qualidade e Produtiva (Comat) da CBIC, Paulo Sanchez, estiveram em Santiago, no Chile, durante os dias 16 e 17 de janeiro para uma reuni\u00e3o com l\u00edderes do governo chileno e empres\u00e1rios para realiza\u00e7\u00e3o de\u00a0bechmarking\u00a0de experi\u00eancias em rela\u00e7\u00e3o \u00e0 implementa\u00e7\u00e3o do BIM naquele pa\u00eds.<\/span><\/p>\n<p style=\"text-align: justify;\"><span style=\"color: #000080;\"><em>&#8220;Nossa inten\u00e7\u00e3o era saber o que o governo chileno est\u00e1 fazendo e quais foram as tratativas entre o Chile e o Reino Unido, pois em dezembro do ano passado o governo brasileiro assinou um acordo de coopera\u00e7\u00e3o tamb\u00e9m com o Reino Unido. Quer\u00edamos entender como tinha sido esse trabalho com os\u00a0europeus.\u00a0Recebemos o\u00a0feedback dos empres\u00e1rios em rela\u00e7\u00e3o \u00e0 implementa\u00e7\u00e3o do BIM no pa\u00eds&#8221;<\/em><\/span>, revela Sanchez.<\/p>\n<p style=\"text-align: justify;\"><span style=\"color: #000000;\">Participaram das reuni\u00f5es a diretora executiva do PLAN BIM, Carolina Soto, e representantes das Organiza\u00e7\u00f5es das Na\u00e7\u00f5es Unidas (ONU). Esta iniciativa \u00e9 uma realiza\u00e7\u00e3o da CBIC e correaliza\u00e7\u00e3o do SENAI Nacional.<\/span><\/p>\n<p style=\"text-align: justify;\"><span style=\"color: #000000;\">A entrevista completa com l\u00edder do BIM, Paulo Sanchez, voc\u00eas v\u00e3o poder conferir na pr\u00f3xima edi\u00e7\u00e3o do\u00a0CBIC MAIS, que ser\u00e1 veiculado nesta sexta-feira (20\/01).<\/span><\/p>\n<p style=\"text-align: justify;\"><span style=\"color: #993300;\">Fonte: Boletim CBIC<\/span><\/p>\n","protected":false},"excerpt":{"rendered":"<p>Janeiro, 2017 &#8211; O presidente da C\u00e2mara Brasileira da Ind\u00fastria da Constru\u00e7\u00e3o (CBIC), Jos\u00e9 Carlos Martins, e o l\u00edder do\u00a0Building Information Modelling\u00a0(BIM) da Comiss\u00e3o de Materiais, Tecnologia, Qualidade e Produtiva (Comat) da CBIC, Paulo Sanchez, estiveram em Santiago, no Chile, durante os dias 16 e 17 de janeiro para uma reuni\u00e3o com l\u00edderes do governo [&hellip;]<\/p>\n","protected":false},"author":1,"featured_media":4805,"comment_status":"open","ping_status":"open","sticky":false,"template":"","format":"standard","meta":{"_uag_custom_page_level_css":"","footnotes":""},"categories":[27],"tags":[2029,2211,2826,6557,10880,11576],"class_list":["post-4801","post","type-post","status-publish","format-standard","has-post-thumbnail","hentry","category-acontece","tag-cbic","tag-chile","tag-construcao-civil","tag-jose-carlos-martins-presidente-da-cbic","tag-senai-nacional","tag-tecnologia-bim"],"blocksy_meta":[],"spectra_blocks_featured_image_url":[],"spectra_blocks_author_info":{"display_name":"Jornal da Constru\u00e7\u00e3o Civil","avatar_url":"https:\/\/secure.gravatar.com\/avatar\/973c9774fd44ddaceb026973c4962faa70fc512bc4c9da68e8ebb40fecee6540?s=96&d=mm&r=g","author_link":"https:\/\/construcaocivil.siriusmarketingedesign.com.br\/?author=1","description":"Desde de 2013, levando muitas informa\u00e7\u00f5es, lan\u00e7amentos e produtos de qualidade para toda cadeia produtiva da constru\u00e7\u00e3o. O Futuro da constru\u00e7\u00e3o passa por aqui,"},"uagb_featured_image_src":{"full":false,"thumbnail":false,"medium":false,"medium_large":false,"large":false,"1536x1536":false,"2048x2048":false},"uagb_author_info":{"display_name":"Jornal da Constru\u00e7\u00e3o Civil","author_link":"https:\/\/construcaocivil.siriusmarketingedesign.com.br\/?author=1"},"uagb_comment_info":0,"uagb_excerpt":"Janeiro, 2017 &#8211; O presidente da C\u00e2mara Brasileira da Ind\u00fastria da Constru\u00e7\u00e3o (CBIC), Jos\u00e9 Carlos Martins, e o l\u00edder do\u00a0Building Information Modelling\u00a0(BIM) da Comiss\u00e3o de Materiais, Tecnologia, Qualidade e Produtiva (Comat) da CBIC, Paulo Sanchez, estiveram em Santiago, no Chile, durante os dias 16 e 17 de janeiro para uma reuni\u00e3o com l\u00edderes do governo&hellip;","_links":{"self":[{"href":"https:\/\/construcaocivil.siriusmarketingedesign.com.br\/index.php?rest_route=\/wp\/v2\/posts\/4801","targetHints":{"allow":["GET"]}}],"collection":[{"href":"https:\/\/construcaocivil.siriusmarketingedesign.com.br\/index.php?rest_route=\/wp\/v2\/posts"}],"about":[{"href":"https:\/\/construcaocivil.siriusmarketingedesign.com.br\/index.php?rest_route=\/wp\/v2\/types\/post"}],"author":[{"embeddable":true,"href":"https:\/\/construcaocivil.siriusmarketingedesign.com.br\/index.php?rest_route=\/wp\/v2\/users\/1"}],"replies":[{"embeddable":true,"href":"https:\/\/construcaocivil.siriusmarketingedesign.com.br\/index.php?rest_route=%2Fwp%2Fv2%2Fcomments&post=4801"}],"version-history":[{"count":0,"href":"https:\/\/construcaocivil.siriusmarketingedesign.com.br\/index.php?rest_route=\/wp\/v2\/posts\/4801\/revisions"}],"wp:attachment":[{"href":"https:\/\/construcaocivil.siriusmarketingedesign.com.br\/index.php?rest_route=%2Fwp%2Fv2%2Fmedia&parent=4801"}],"wp:term":[{"taxonomy":"category","embeddable":true,"href":"https:\/\/construcaocivil.siriusmarketingedesign.com.br\/index.php?rest_route=%2Fwp%2Fv2%2Fcategories&post=4801"},{"taxonomy":"post_tag","embeddable":true,"href":"https:\/\/construcaocivil.siriusmarketingedesign.com.br\/index.php?rest_route=%2Fwp%2Fv2%2Ftags&post=4801"}],"curies":[{"name":"wp","href":"https:\/\/api.w.org\/{rel}","templated":true}]}}