{"id":4811,"date":"2017-01-20T12:36:58","date_gmt":"2017-01-20T15:36:58","guid":{"rendered":"http:\/\/www.jornaldaconstrucaocivil.com.br\/?p=4811"},"modified":"2017-01-20T12:36:58","modified_gmt":"2017-01-20T15:36:58","slug":"nota-de-pesar-da-anadef-pelo-falecimento-de-teori-zavascki","status":"publish","type":"post","link":"https:\/\/construcaocivil.siriusmarketingedesign.com.br\/?p=4811","title":{"rendered":"Nota de pesar da ANADEF pelo falecimento de Teori Zavascki"},"content":{"rendered":"<p style=\"text-align: center;\"><span style=\"color: #000000;\">Nota de pesar<\/span><\/p>\n<p style=\"text-align: justify;\"><span style=\"color: #000000;\">A Associa\u00e7\u00e3o Nacional dos Defensores P\u00fablicos Federais &#8211; ANADEF manifesta profundo pesar pelo falecimento do ministro Teori Zavascki, do Supremo Tribunal Federal (STF), ap\u00f3s tr\u00e1gico acidente na tarde desta quinta-feira (19).<\/span><\/p>\n<p style=\"text-align: justify;\"><span style=\"color: #000000;\">Enquanto ilibado membro da Corte Suprema, Teori Zavascki demonstrou conduta id\u00f4nea ao arbitrar sobre as mais diversas mat\u00e9rias, representando, nesta data, grande perda para a na\u00e7\u00e3o \u00e0 qual deu tantas contribui\u00e7\u00f5es. A ANADEF se solidariza \u00e0 fam\u00edlia do ministro e aos familiares das demais v\u00edtimas do acidente e estima seus mais sinceros sentimentos<\/span><\/p>\n<p style=\"text-align: center;\"><span style=\"color: #000000;\">Bras\u00edlia, 19 de janeiro de 2017<\/span><\/p>\n<p style=\"text-align: center;\"><span style=\"color: #000000;\">Michelle Leite<\/span><\/p>\n<p style=\"text-align: center;\"><span style=\"color: #000000;\">Presidente da ANADEF<\/span><\/p>\n<p>&nbsp;<\/p>\n","protected":false},"excerpt":{"rendered":"<p>Nota de pesar A Associa\u00e7\u00e3o Nacional dos Defensores P\u00fablicos Federais &#8211; ANADEF manifesta profundo pesar pelo falecimento do ministro Teori Zavascki, do Supremo Tribunal Federal (STF), ap\u00f3s tr\u00e1gico acidente na tarde desta quinta-feira (19). Enquanto ilibado membro da Corte Suprema, Teori Zavascki demonstrou conduta id\u00f4nea ao arbitrar sobre as mais diversas mat\u00e9rias, representando, nesta data, [&hellip;]<\/p>\n","protected":false},"author":1,"featured_media":0,"comment_status":"open","ping_status":"open","sticky":false,"template":"","format":"standard","meta":{"_uag_custom_page_level_css":"","footnotes":""},"categories":[27],"tags":[1048,7873,8460,8643,11462],"class_list":["post-4811","post","type-post","status-publish","format-standard","hentry","category-acontece","tag-associacao-nacional-dos-defensores-publicos-federais-anadef","tag-morte-teori-zavascki","tag-operacao-lava-jato","tag-paraty-rj","tag-supremo-tribunal-federal"],"blocksy_meta":[],"spectra_blocks_featured_image_url":null,"spectra_blocks_author_info":{"display_name":"Jornal da Constru\u00e7\u00e3o Civil","avatar_url":"https:\/\/secure.gravatar.com\/avatar\/973c9774fd44ddaceb026973c4962faa70fc512bc4c9da68e8ebb40fecee6540?s=96&d=mm&r=g","author_link":"https:\/\/construcaocivil.siriusmarketingedesign.com.br\/?author=1","description":"Desde de 2013, levando muitas informa\u00e7\u00f5es, lan\u00e7amentos e produtos de qualidade para toda cadeia produtiva da constru\u00e7\u00e3o. O Futuro da constru\u00e7\u00e3o passa por aqui,"},"uagb_featured_image_src":{"full":false,"thumbnail":false,"medium":false,"medium_large":false,"large":false,"1536x1536":false,"2048x2048":false},"uagb_author_info":{"display_name":"Jornal da Constru\u00e7\u00e3o Civil","author_link":"https:\/\/construcaocivil.siriusmarketingedesign.com.br\/?author=1"},"uagb_comment_info":0,"uagb_excerpt":"Nota de pesar A Associa\u00e7\u00e3o Nacional dos Defensores P\u00fablicos Federais &#8211; ANADEF manifesta profundo pesar pelo falecimento do ministro Teori Zavascki, do Supremo Tribunal Federal (STF), ap\u00f3s tr\u00e1gico acidente na tarde desta quinta-feira (19). Enquanto ilibado membro da Corte Suprema, Teori Zavascki demonstrou conduta id\u00f4nea ao arbitrar sobre as mais diversas mat\u00e9rias, representando, nesta data,&hellip;","_links":{"self":[{"href":"https:\/\/construcaocivil.siriusmarketingedesign.com.br\/index.php?rest_route=\/wp\/v2\/posts\/4811","targetHints":{"allow":["GET"]}}],"collection":[{"href":"https:\/\/construcaocivil.siriusmarketingedesign.com.br\/index.php?rest_route=\/wp\/v2\/posts"}],"about":[{"href":"https:\/\/construcaocivil.siriusmarketingedesign.com.br\/index.php?rest_route=\/wp\/v2\/types\/post"}],"author":[{"embeddable":true,"href":"https:\/\/construcaocivil.siriusmarketingedesign.com.br\/index.php?rest_route=\/wp\/v2\/users\/1"}],"replies":[{"embeddable":true,"href":"https:\/\/construcaocivil.siriusmarketingedesign.com.br\/index.php?rest_route=%2Fwp%2Fv2%2Fcomments&post=4811"}],"version-history":[{"count":0,"href":"https:\/\/construcaocivil.siriusmarketingedesign.com.br\/index.php?rest_route=\/wp\/v2\/posts\/4811\/revisions"}],"wp:attachment":[{"href":"https:\/\/construcaocivil.siriusmarketingedesign.com.br\/index.php?rest_route=%2Fwp%2Fv2%2Fmedia&parent=4811"}],"wp:term":[{"taxonomy":"category","embeddable":true,"href":"https:\/\/construcaocivil.siriusmarketingedesign.com.br\/index.php?rest_route=%2Fwp%2Fv2%2Fcategories&post=4811"},{"taxonomy":"post_tag","embeddable":true,"href":"https:\/\/construcaocivil.siriusmarketingedesign.com.br\/index.php?rest_route=%2Fwp%2Fv2%2Ftags&post=4811"}],"curies":[{"name":"wp","href":"https:\/\/api.w.org\/{rel}","templated":true}]}}