{"id":4824,"date":"2017-01-21T17:24:26","date_gmt":"2017-01-21T20:24:26","guid":{"rendered":"http:\/\/www.jornaldaconstrucaocivil.com.br\/?p=4824"},"modified":"2017-01-21T17:24:26","modified_gmt":"2017-01-21T20:24:26","slug":"grupo-jorge-zanatta-retoma-a-rota-do-crescimento","status":"publish","type":"post","link":"https:\/\/construcaocivil.siriusmarketingedesign.com.br\/?p=4824","title":{"rendered":"Grupo Jorge Zanatta retoma \u00e0 rota do crescimento"},"content":{"rendered":"<p style=\"text-align: justify;\"><em><span style=\"color: #000080;\"><strong>Imbralit, uma das maiores companhias do grupo empresarial de Crici\u00fama, passa por reestrutura\u00e7\u00e3o e j\u00e1 projeta avan\u00e7os em 2017<\/strong><\/span><\/em><\/p>\n<p style=\"text-align: justify;\"><a href=\"http:\/\/www.jornaldaconstrucaocivil.com.br\/wp-content\/uploads\/2017\/01\/IMBRALIT.png\"><img loading=\"lazy\" decoding=\"async\" class=\"wp-image-4825 alignleft\" src=\"http:\/\/www.jornaldaconstrucaocivil.com.br\/wp-content\/uploads\/2017\/01\/IMBRALIT.png\" alt=\"IMBRALIT\" width=\"349\" height=\"171\" \/><\/a><\/p>\n<p style=\"text-align: justify;\"><span style=\"color: #000000;\"><span style=\"color: #993300;\">Janeiro, 2017<\/span> &#8211; Marca reconhecida em seus segmento, a empresa Imbralit, companhias de destaque do grupo Jorge Zanatta, implementou em 2016 um processo de reestrutura\u00e7\u00e3o, tendo como principais objetivos enfrentar a crise sem precedentes da ind\u00fastria brasileira, preservar postos de trabalho e retomar um crescimento sustent\u00e1vel. Em julho do ano passado, a empresa entrou com pedido de recupera\u00e7\u00e3o judicial e j\u00e1 colhem resultados positivos com o movimento de restrutura\u00e7\u00e3o.<\/span><\/p>\n<p style=\"text-align: justify;\"><span style=\"color: #000000;\">A Imbralit, empresa sediada em Crici\u00fama especializada na produ\u00e7\u00e3o de telhas de fibrocimento e caixas d&#8217;\u00e1gua pl\u00e1sticas, j\u00e1 teve aumento da margem operacional de mais de 17 pontos, com redu\u00e7\u00e3o de despesas operacionais e manuten\u00e7\u00e3o de todos os compromissos financeiros em dia ap\u00f3s a recupera\u00e7\u00e3o.<\/span><\/p>\n<p style=\"text-align: justify;\"><span style=\"color: #000000;\"><span style=\"color: #993300;\"><em>&#8220;Os primeiros ganhos na Imbralit foram muito significativos. Foi poss\u00edvel reduzir em 46% nossas taxas de opera\u00e7\u00f5es financeiras e ter um aumento do EBITDA de mais de 160%. Com tudo isso, a empresa dever\u00e1 apresentar crescimento j\u00e1 no 2\u00ba semestre de 2017&#8221;<\/em><\/span>, declarou Buciani.<\/span><\/p>\n<p style=\"text-align: justify;\"><span style=\"color: #000000;\">Luis Alberto Paiva, presidente da Corporate Consulting, ressaltou ainda que o Grupo est\u00e1 com o pagamento pontual de sal\u00e1rios vigentes e de todos os compromissos financeiros assumidos ap\u00f3s recupera\u00e7\u00e3o judicial, al\u00e9m de ter garantido a continuidade das certifica\u00e7\u00f5es de qualidade. Com 560 funcion\u00e1rios, o Grupo projeta um faturamento de R$300 milh\u00f5es para 2017.<\/span><\/p>\n<p style=\"text-align: justify;\"><span style=\"color: #000000;\">O processo de reestrutura\u00e7\u00e3o do Grupo Jorge Zanatta se deu ap\u00f3s um amplo levantamento da situa\u00e7\u00e3o financeira do conglomerado. A partir de ent\u00e3o, foram aplicadas medidas de curto prazo que inclu\u00edram maior rigidez no controle financeiro e na gest\u00e3o de caixa, revis\u00e3o nas equipes de venda com foco em aumento de performance e acerto de d\u00e9bitos em atraso.<\/span><\/p>\n<p style=\"text-align: justify;\"><span style=\"color: #000000;\">Os pr\u00f3ximos objetivos da Imbralit incluem ainda um aumento de produtividade, estabelecimento de planejamento estrat\u00e9gico para 2017 e avan\u00e7o nos investimentos para atendimento dos requisitos de grandes clientes.<\/span><\/p>\n","protected":false},"excerpt":{"rendered":"<p>Imbralit, uma das maiores companhias do grupo empresarial de Crici\u00fama, passa por reestrutura\u00e7\u00e3o e j\u00e1 projeta avan\u00e7os em 2017 Janeiro, 2017 &#8211; Marca reconhecida em seus segmento, a empresa Imbralit, companhias de destaque do grupo Jorge Zanatta, implementou em 2016 um processo de reestrutura\u00e7\u00e3o, tendo como principais objetivos enfrentar a crise sem precedentes da ind\u00fastria [&hellip;]<\/p>\n","protected":false},"author":1,"featured_media":0,"comment_status":"open","ping_status":"open","sticky":false,"template":"","format":"standard","meta":{"_uag_custom_page_level_css":"","footnotes":""},"categories":[33],"tags":[1688,2826,3191,5680,5916,11652,12335],"class_list":["post-4824","post","type-post","status-publish","format-standard","hentry","category-mercado","tag-caixas-dagua-plasticas","tag-construcao-civil","tag-criciuma-sc","tag-grupo-jorge-zanatta","tag-imbralit","tag-telhas-de-fibrocimento","tag-vendas-por-todo-brasil"],"blocksy_meta":[],"spectra_blocks_featured_image_url":null,"spectra_blocks_author_info":{"display_name":"Jornal da Constru\u00e7\u00e3o Civil","avatar_url":"https:\/\/secure.gravatar.com\/avatar\/973c9774fd44ddaceb026973c4962faa70fc512bc4c9da68e8ebb40fecee6540?s=96&d=mm&r=g","author_link":"https:\/\/construcaocivil.siriusmarketingedesign.com.br\/?author=1","description":"Desde de 2013, levando muitas informa\u00e7\u00f5es, lan\u00e7amentos e produtos de qualidade para toda cadeia produtiva da constru\u00e7\u00e3o. O Futuro da constru\u00e7\u00e3o passa por aqui,"},"uagb_featured_image_src":{"full":false,"thumbnail":false,"medium":false,"medium_large":false,"large":false,"1536x1536":false,"2048x2048":false},"uagb_author_info":{"display_name":"Jornal da Constru\u00e7\u00e3o Civil","author_link":"https:\/\/construcaocivil.siriusmarketingedesign.com.br\/?author=1"},"uagb_comment_info":0,"uagb_excerpt":"Imbralit, uma das maiores companhias do grupo empresarial de Crici\u00fama, passa por reestrutura\u00e7\u00e3o e j\u00e1 projeta avan\u00e7os em 2017 Janeiro, 2017 &#8211; Marca reconhecida em seus segmento, a empresa Imbralit, companhias de destaque do grupo Jorge Zanatta, implementou em 2016 um processo de reestrutura\u00e7\u00e3o, tendo como principais objetivos enfrentar a crise sem precedentes da ind\u00fastria&hellip;","_links":{"self":[{"href":"https:\/\/construcaocivil.siriusmarketingedesign.com.br\/index.php?rest_route=\/wp\/v2\/posts\/4824","targetHints":{"allow":["GET"]}}],"collection":[{"href":"https:\/\/construcaocivil.siriusmarketingedesign.com.br\/index.php?rest_route=\/wp\/v2\/posts"}],"about":[{"href":"https:\/\/construcaocivil.siriusmarketingedesign.com.br\/index.php?rest_route=\/wp\/v2\/types\/post"}],"author":[{"embeddable":true,"href":"https:\/\/construcaocivil.siriusmarketingedesign.com.br\/index.php?rest_route=\/wp\/v2\/users\/1"}],"replies":[{"embeddable":true,"href":"https:\/\/construcaocivil.siriusmarketingedesign.com.br\/index.php?rest_route=%2Fwp%2Fv2%2Fcomments&post=4824"}],"version-history":[{"count":0,"href":"https:\/\/construcaocivil.siriusmarketingedesign.com.br\/index.php?rest_route=\/wp\/v2\/posts\/4824\/revisions"}],"wp:attachment":[{"href":"https:\/\/construcaocivil.siriusmarketingedesign.com.br\/index.php?rest_route=%2Fwp%2Fv2%2Fmedia&parent=4824"}],"wp:term":[{"taxonomy":"category","embeddable":true,"href":"https:\/\/construcaocivil.siriusmarketingedesign.com.br\/index.php?rest_route=%2Fwp%2Fv2%2Fcategories&post=4824"},{"taxonomy":"post_tag","embeddable":true,"href":"https:\/\/construcaocivil.siriusmarketingedesign.com.br\/index.php?rest_route=%2Fwp%2Fv2%2Ftags&post=4824"}],"curies":[{"name":"wp","href":"https:\/\/api.w.org\/{rel}","templated":true}]}}