{"id":4827,"date":"2017-01-25T14:55:37","date_gmt":"2017-01-25T17:55:37","guid":{"rendered":"http:\/\/www.jornaldaconstrucaocivil.com.br\/?p=4827"},"modified":"2017-01-25T14:55:37","modified_gmt":"2017-01-25T17:55:37","slug":"ensaios-tecnicos-fazem-alegria-de-turistas-e-cariocas-que-lotam-a-passarela-do-samba","status":"publish","type":"post","link":"https:\/\/construcaocivil.siriusmarketingedesign.com.br\/?p=4827","title":{"rendered":"Ensaios T\u00e9cnicos fazem alegria de turistas e cariocas que lotam a passarela do samba"},"content":{"rendered":"<p><strong><span style=\"color: #000080;\"><em>\u00a0<\/em><\/span><\/strong><\/p>\n<figure id=\"attachment_4844\" aria-describedby=\"caption-attachment-4844\" style=\"width: 327px\" class=\"wp-caption alignleft\"><a href=\"http:\/\/www.jornaldaconstrucaocivil.com.br\/wp-content\/uploads\/2017\/01\/Mocidade-2017-PUBLICO.jpg\"><img loading=\"lazy\" decoding=\"async\" class=\"wp-image-4844\" src=\"http:\/\/www.jornaldaconstrucaocivil.com.br\/wp-content\/uploads\/2017\/01\/Mocidade-2017-PUBLICO.jpg\" alt=\"Mocidade 2017 PUBLICO\" width=\"327\" height=\"184\" \/><\/a><figcaption id=\"caption-attachment-4844\" class=\"wp-caption-text\"><span style=\"color: #993300;\">Torcida da GRES Mocidade de Padre Miguel compareceu em bom n\u00famero para prestigiar o ensaio t\u00e9cnico da escola. <span style=\"color: #000080;\">Foto: JCC<\/span><\/span><\/figcaption><\/figure>\n<p style=\"text-align: justify;\"><span style=\"color: #ff0000;\">Rio, Janeiro, 2017<\/span><span style=\"color: #000000;\"> &#8211; Nestes dois \u00faltimos domingos quem foi a Marques de Sapuca\u00ed para acompanhar os ensaios t\u00e9cnicos das escolas de samba do grupo Especial e do grupo A do Rio, saiu encantado com as novidades das agremia\u00e7\u00f5es para o carnaval 2017.<\/span><\/p>\n<p style=\"text-align: justify;\"><span style=\"color: #000000;\">GRES Ilha do Governador e a GRES S\u00e3o Clemente, conhecidas por alegria e irrever\u00eancia na avenida, encantaram o p\u00fablico que marcaram presen\u00e7a na Sapuca\u00ed com sambas alegres e refr\u00f5es f\u00e1ceis. Este ano, ambas as escolas querem surpreender a todos que forem assistir os desfiles. A ilha canta <em><span style=\"color: #993300;\">\u201cNzara Ndembu \u2013 Gl\u00f3ria ao Senhor do Tempo\u201d<\/span><\/em>, a escola da carnavalesca Rosa Magalh\u00e3es, GRES S\u00e3o Clemente cantar\u00e1 <span style=\"color: #993300;\"><em>\u201cOnisua\u00e1quimalipanse\u201d.<\/em><\/span><\/span><\/p>\n<figure id=\"attachment_4845\" aria-describedby=\"caption-attachment-4845\" style=\"width: 311px\" class=\"wp-caption alignright\"><a href=\"http:\/\/www.jornaldaconstrucaocivil.com.br\/wp-content\/uploads\/2017\/01\/ISABELA-NOGUEIRA.jpg\"><img loading=\"lazy\" decoding=\"async\" class=\"wp-image-4845\" src=\"http:\/\/www.jornaldaconstrucaocivil.com.br\/wp-content\/uploads\/2017\/01\/ISABELA-NOGUEIRA.jpg\" alt=\"ISABELA NOGUEIRA\" width=\"311\" height=\"233\" \/><\/a><figcaption id=\"caption-attachment-4845\" class=\"wp-caption-text\"><span style=\"color: #993300;\">Milena Nogueira(centro), rainha da bateria da GRES Imp\u00e9rio Serrano, mostrou muita simpatia com a imprensa e p\u00fablico no ensaio t\u00e9cnico da escola de Madureira. <span style=\"color: #000080;\">Foto: JCC<\/span><\/span><\/figcaption><\/figure>\n<p style=\"text-align: justify;\"><span style=\"color: #000000;\">J\u00e1 a GRES Para\u00edso do Tuiuti vem na busca para se manter na elite do Carnaval carioca. No ensaio t\u00e9cnico, a escola do bairro imperial de S\u00e3o Cristov\u00e3o mostrou garra, anima\u00e7\u00e3o e disposi\u00e7\u00e3o para fazer um grande carnaval neste ano. O destaque do Para\u00edso do Tuiuti \u00e9 Vantuir, int\u00e9rprete de enorme reconhecimento do carnaval e que vai cantar:<em><span style=\"color: #993300;\"> \u201cCarnavaleidosc\u00f3pio Tropif\u00e1gico\u201d.<\/span><\/em><\/span><\/p>\n<p style=\"text-align: justify;\"><span style=\"color: #000000;\">No grupo A, a GRES Est\u00e1cio de S\u00e1 homenagear\u00e1 o cantor Gonzaguinha &#8211; <span style=\"color: #993300;\"><em>\u201c\u00c9! O moleque desceu o S\u00e3o Carlos, pegou um sonho e partiu com a Est\u00e1cio!\u201d.<\/em><\/span> H\u00e1 um m\u00eas do carnaval, a Est\u00e1cio mostrou no ensaio t\u00e9cnico, uma for\u00e7a tremenda dos seus componentes ao cantarem o samba na avenida. Ainda assim, a escola apresentou alguns problemas t\u00e9cnicos. <\/span><\/p>\n<p style=\"text-align: justify;\">\n<figure id=\"attachment_4847\" aria-describedby=\"caption-attachment-4847\" style=\"width: 280px\" class=\"wp-caption alignleft\"><a href=\"http:\/\/www.jornaldaconstrucaocivil.com.br\/wp-content\/uploads\/2017\/01\/RAINHA-OK-II.jpg\"><img loading=\"lazy\" decoding=\"async\" class=\"wp-image-4847\" src=\"http:\/\/www.jornaldaconstrucaocivil.com.br\/wp-content\/uploads\/2017\/01\/RAINHA-OK-II.jpg\" alt=\"RAINHA OK II\" width=\"280\" height=\"417\" \/><\/a><figcaption id=\"caption-attachment-4847\" class=\"wp-caption-text\"><span style=\"color: #993300;\">Uillana Ad\u00e3es, Rainha do Carnaval carioca de 2017. <span style=\"color: #000080;\">Foto: J<\/span><\/span><span style=\"color: #000080;\">CC<\/span><\/figcaption><\/figure>\n<p style=\"text-align: justify;\"><span style=\"color: #000000;\">Outra escola que passou no domingo pela Sapuca\u00ed foi a Imp\u00e9rio Serrano &#8211; <em><span style=\"color: #993300;\">&#8220;Meu Quintal \u00e9 Maior do Que O Mundo&#8221;<\/span><\/em>, a escola do Morro da Serrinha \u2013 Madureira-RJ est\u00e1 com grande expectativa de fazer um carnaval e subir para o grupo especial em 2018. Muitos componentes de peso animaram o ensaio da GRES Imp\u00e9rio, como: Milena Nogueira \u2013 rainha da bateria e esposa do cantor Diogo Nogueira, e o sambista Arlindo Cruz, cantor e compositor.<\/span><\/p>\n<p style=\"text-align: justify;\"><span style=\"color: #000000;\">Ainda, nos ensaios t\u00e9cnicos, o carioca e os turistas podem prestigiar diversas personalidades, artistas e estrelas do cen\u00e1rio nacional, como, Vanessa Camargo, (cantora), que ensaiou domingo (22\/01) na GRES Mocidade de Padre Miguel que traz para Sapuca\u00ed: <em><span style=\"color: #993300;\">\u201cAs Mil e Uma Noites de uma\u201dMocidade\u201d Pr\u00e1 L\u00e1 de Marrakesh\u201d<\/span><\/em>;Milton Cunha, carnavalesco, (comentarista de Carnaval), Junior \u2013 (ex jogador do Flamengo), Alcione, (cantora) e, a corte do carnaval, formado pela rainha \u2013 Uillana Ad\u00e3es, princesa \u2013 Joice Rocha e al\u00e9m, claro, do Rei Momo, F\u00e1bio Dami\u00e3o. \u00a0\u00a0\u00a0<\/span><\/p>\n<p>&nbsp;<\/p>\n","protected":false},"excerpt":{"rendered":"<p>\u00a0 Rio, Janeiro, 2017 &#8211; Nestes dois \u00faltimos domingos quem foi a Marques de Sapuca\u00ed para acompanhar os ensaios t\u00e9cnicos das escolas de samba do grupo Especial e do grupo A do Rio, saiu encantado com as novidades das agremia\u00e7\u00f5es para o carnaval 2017. GRES Ilha do Governador e a GRES S\u00e3o Clemente, conhecidas por [&hellip;]<\/p>\n","protected":false},"author":1,"featured_media":4845,"comment_status":"open","ping_status":"open","sticky":false,"template":"","format":"standard","meta":{"_uag_custom_page_level_css":"","footnotes":""},"categories":[27],"tags":[1866,4368,5633,5634,5636,7129,7320,10375,12009,12207],"class_list":["post-4827","post","type-post","status-publish","format-standard","has-post-thumbnail","hentry","category-acontece","tag-carnaval-rio-2017","tag-ensaios-tecnicos","tag-gres-imperio-serrano","tag-gres-mocidade-de-padre-miguel","tag-gres-paraiso-do-tuiuti","tag-madureira","tag-marques-de-sapucai","tag-rio-de-janeiro","tag-turistas","tag-vanessa-camargo-cantora"],"blocksy_meta":[],"spectra_blocks_featured_image_url":[],"spectra_blocks_author_info":{"display_name":"Jornal da Constru\u00e7\u00e3o Civil","avatar_url":"https:\/\/secure.gravatar.com\/avatar\/973c9774fd44ddaceb026973c4962faa70fc512bc4c9da68e8ebb40fecee6540?s=96&d=mm&r=g","author_link":"https:\/\/construcaocivil.siriusmarketingedesign.com.br\/?author=1","description":"Desde de 2013, levando muitas informa\u00e7\u00f5es, lan\u00e7amentos e produtos de qualidade para toda cadeia produtiva da constru\u00e7\u00e3o. O Futuro da constru\u00e7\u00e3o passa por aqui,"},"uagb_featured_image_src":{"full":false,"thumbnail":false,"medium":false,"medium_large":false,"large":false,"1536x1536":false,"2048x2048":false},"uagb_author_info":{"display_name":"Jornal da Constru\u00e7\u00e3o Civil","author_link":"https:\/\/construcaocivil.siriusmarketingedesign.com.br\/?author=1"},"uagb_comment_info":0,"uagb_excerpt":"\u00a0 Rio, Janeiro, 2017 &#8211; Nestes dois \u00faltimos domingos quem foi a Marques de Sapuca\u00ed para acompanhar os ensaios t\u00e9cnicos das escolas de samba do grupo Especial e do grupo A do Rio, saiu encantado com as novidades das agremia\u00e7\u00f5es para o carnaval 2017. GRES Ilha do Governador e a GRES S\u00e3o Clemente, conhecidas por&hellip;","_links":{"self":[{"href":"https:\/\/construcaocivil.siriusmarketingedesign.com.br\/index.php?rest_route=\/wp\/v2\/posts\/4827","targetHints":{"allow":["GET"]}}],"collection":[{"href":"https:\/\/construcaocivil.siriusmarketingedesign.com.br\/index.php?rest_route=\/wp\/v2\/posts"}],"about":[{"href":"https:\/\/construcaocivil.siriusmarketingedesign.com.br\/index.php?rest_route=\/wp\/v2\/types\/post"}],"author":[{"embeddable":true,"href":"https:\/\/construcaocivil.siriusmarketingedesign.com.br\/index.php?rest_route=\/wp\/v2\/users\/1"}],"replies":[{"embeddable":true,"href":"https:\/\/construcaocivil.siriusmarketingedesign.com.br\/index.php?rest_route=%2Fwp%2Fv2%2Fcomments&post=4827"}],"version-history":[{"count":0,"href":"https:\/\/construcaocivil.siriusmarketingedesign.com.br\/index.php?rest_route=\/wp\/v2\/posts\/4827\/revisions"}],"wp:attachment":[{"href":"https:\/\/construcaocivil.siriusmarketingedesign.com.br\/index.php?rest_route=%2Fwp%2Fv2%2Fmedia&parent=4827"}],"wp:term":[{"taxonomy":"category","embeddable":true,"href":"https:\/\/construcaocivil.siriusmarketingedesign.com.br\/index.php?rest_route=%2Fwp%2Fv2%2Fcategories&post=4827"},{"taxonomy":"post_tag","embeddable":true,"href":"https:\/\/construcaocivil.siriusmarketingedesign.com.br\/index.php?rest_route=%2Fwp%2Fv2%2Ftags&post=4827"}],"curies":[{"name":"wp","href":"https:\/\/api.w.org\/{rel}","templated":true}]}}