{"id":4873,"date":"2017-01-31T12:34:14","date_gmt":"2017-01-31T15:34:14","guid":{"rendered":"http:\/\/www.jornaldaconstrucaocivil.com.br\/?p=4873"},"modified":"2017-01-31T12:34:14","modified_gmt":"2017-01-31T15:34:14","slug":"empresarios-mineiros-da-construcao-civil-iniciam-2017-mais-confiantes","status":"publish","type":"post","link":"https:\/\/construcaocivil.siriusmarketingedesign.com.br\/?p=4873","title":{"rendered":"Empres\u00e1rios mineiros da constru\u00e7\u00e3o civil iniciam 2017 mais confiantes"},"content":{"rendered":"<p style=\"text-align: justify;\"><span style=\"color: #000000;\">Em janeiro de 2017, o \u00cdndice de Confian\u00e7a do Empres\u00e1rio da Ind\u00fastria da Constru\u00e7\u00e3o de Minas Gerais (Iceicon-MG) registrou alta de 3,9 pontos em rela\u00e7\u00e3o a dezembro de 2016 e chegou aos 47,4 pontos. Apesar de continuar abaixo da linha dos 50 pontos, sinalizando falta de confian\u00e7a, o indicador apresentou substancial melhora em rela\u00e7\u00e3o a janeiro de 2016, quando marcava 28,1 pontos. <span style=\"color: #000080;\"><em>&#8220;O resultado do primeiro m\u00eas de 2017 foi o melhor observado nos \u00faltimos quatro meses e tamb\u00e9m o melhor para o m\u00eas de janeiro dos \u00faltimos tr\u00eas anos&#8221;,<\/em><\/span> analisa o economista e coordenador sindical do Sindicato da Ind\u00fastria da Constru\u00e7\u00e3o Civil no Estado de Minas Gerais (Sinduscon-MG), Daniel Furletti.<\/span><\/p>\n<p style=\"text-align: justify;\"><span style=\"color: #000000;\">O resultado de janeiro \u00e9 decorrente das melhores expectativas dos empres\u00e1rios para os pr\u00f3ximos seis meses, cujo indicador geral apontou otimismo e fechou em 53,5 pontos. No desagregado, o construtor mineiro segue com falta de otimismo em rela\u00e7\u00e3o \u00e0 economia do Estado, cujo indicador registrou 45,5 pontos, apesar tamb\u00e9m de ter avan\u00e7ado na compara\u00e7\u00e3o com dezembro. J\u00e1 em rela\u00e7\u00e3o \u00e0 economia brasileira as perspectivas s\u00e3o positivas, com \u00edndice de 50,3 pontos. O melhor resultado aconteceu nas expectativas quanto aos neg\u00f3cios da pr\u00f3pria empresa, com o \u00edndice chegando a 57 pontos.<\/span><\/p>\n<p style=\"text-align: justify;\"><span style=\"color: #000000;\"><span style=\"color: #000080;\"><em>&#8220;As expectativas positivas em rela\u00e7\u00e3o \u00e0s empresas sinaliza que nossas construtoras est\u00e3o preparadas para ampliar as suas opera\u00e7\u00f5es. Elas t\u00eam processos bem estruturados e um corpo t\u00e9cnico e gerencial qualificado. Portanto, o que precisamos para voltarmos a crescer \u00e9 da melhora no cen\u00e1rio macroecon\u00f4mico e de medidas que diminuam a burocracia e incentivem o investimento&#8221;<\/em><\/span>, afirma Daniel Furletti.<\/span><\/p>\n<p style=\"text-align: justify;\"><span style=\"color: #000000;\">Quanto \u00e0s condi\u00e7\u00f5es atuais do neg\u00f3cio, o \u00edndice geral de janeiro ficou praticamente est\u00e1vel em rela\u00e7\u00e3o a dezembro, passando de 35,2 pontos para 35,3 pontos. J\u00e1 no comparativo com o primeiro m\u00eas de 2015, houve um incremento de 15 pontos, j\u00e1 que o indicador estava em 20,3 pontos. Apesar da melhora, os resultados ainda mostram o descontentamento dos empres\u00e1rios por estar abaixo da linha dos 50 pontos.<\/span><\/p>\n<p style=\"text-align: justify;\"><strong><span style=\"color: #000080;\">Sondagem da Ind\u00fastria da Constru\u00e7\u00e3o de Minas Gerais<\/span><\/strong><\/p>\n<p style=\"text-align: justify;\"><span style=\"color: #000000;\">Em dezembro, o \u00edndice do n\u00edvel de atividade da Constru\u00e7\u00e3o mineira fechou com 33,2 pontos. Desde novembro de 2012, o indicador permanece abaixo da linha divis\u00f3ria dos 50 pontos, que separa a queda do crescimento. O n\u00edvel de atividade em rela\u00e7\u00e3o ao usual para os meses de dezembro ficou em 22,6 pontos. J\u00e1 o \u00edndice de emprego fechou aquele m\u00eas em 31,6 pontos, indicando que continua uma retra\u00e7\u00e3o nos postos de trabalho no setor em Minas.<\/span><\/p>\n<p style=\"text-align: justify;\"><span style=\"color: #000000;\">No \u00faltimo trimestre de 2016, os empres\u00e1rios da Constru\u00e7\u00e3o mineira se mostraram insatisfeitos com a situa\u00e7\u00e3o financeira, cujo indicador apurou 33,8 pontos, e com a margem de lucro operacional, que fechou em 29,7 pontos. J\u00e1 o \u00edndice que mede o acesso ao cr\u00e9dito registrou 27,5 pontos. Ambos abaixo da linha dos 50 pontos.<\/span><\/p>\n<p style=\"text-align: justify;\"><span style=\"color: #000000;\">Dentre os principais desafios citados pelos empres\u00e1rios da Constru\u00e7\u00e3o nos \u00faltimos tr\u00eas meses de 2016, a demanda interna insuficiente ficou em primeiro lugar, aparecendo em 52% das cita\u00e7\u00f5es. Em seguida ficou o t\u00f3pico carga tribut\u00e1ria elevada, que nesta sondagem foi mencionada em 41% das respostas. Em terceiro lugar no ranking est\u00e1 a falta de capital de giro, sendo citada por 32% dos entrevistados.<\/span><\/p>\n","protected":false},"excerpt":{"rendered":"<p>Em janeiro de 2017, o \u00cdndice de Confian\u00e7a do Empres\u00e1rio da Ind\u00fastria da Constru\u00e7\u00e3o de Minas Gerais (Iceicon-MG) registrou alta de 3,9 pontos em rela\u00e7\u00e3o a dezembro de 2016 e chegou aos 47,4 pontos. Apesar de continuar abaixo da linha dos 50 pontos, sinalizando falta de confian\u00e7a, o indicador apresentou substancial melhora em rela\u00e7\u00e3o a [&hellip;]<\/p>\n","protected":false},"author":1,"featured_media":0,"comment_status":"open","ping_status":"open","sticky":false,"template":"","format":"standard","meta":{"_uag_custom_page_level_css":"","footnotes":""},"categories":[33],"tags":[2731,2826,4189,5858,7672,8540,11157,11364],"class_list":["post-4873","post","type-post","status-publish","format-standard","hentry","category-mercado","tag-confianca-do-construtor-mineiro-para-2017","tag-construcao-civil","tag-empresarios-da-construcao","tag-iceicon-mg","tag-minas-gerais","tag-otimismo","tag-sinduscon-mg","tag-sondagem-da-industria-da-construcao-de-minas-gerais"],"blocksy_meta":[],"spectra_blocks_featured_image_url":null,"spectra_blocks_author_info":{"display_name":"Jornal da Constru\u00e7\u00e3o Civil","avatar_url":"https:\/\/secure.gravatar.com\/avatar\/973c9774fd44ddaceb026973c4962faa70fc512bc4c9da68e8ebb40fecee6540?s=96&d=mm&r=g","author_link":"https:\/\/construcaocivil.siriusmarketingedesign.com.br\/?author=1","description":"Desde de 2013, levando muitas informa\u00e7\u00f5es, lan\u00e7amentos e produtos de qualidade para toda cadeia produtiva da constru\u00e7\u00e3o. O Futuro da constru\u00e7\u00e3o passa por aqui,"},"uagb_featured_image_src":{"full":false,"thumbnail":false,"medium":false,"medium_large":false,"large":false,"1536x1536":false,"2048x2048":false},"uagb_author_info":{"display_name":"Jornal da Constru\u00e7\u00e3o Civil","author_link":"https:\/\/construcaocivil.siriusmarketingedesign.com.br\/?author=1"},"uagb_comment_info":0,"uagb_excerpt":"Em janeiro de 2017, o \u00cdndice de Confian\u00e7a do Empres\u00e1rio da Ind\u00fastria da Constru\u00e7\u00e3o de Minas Gerais (Iceicon-MG) registrou alta de 3,9 pontos em rela\u00e7\u00e3o a dezembro de 2016 e chegou aos 47,4 pontos. Apesar de continuar abaixo da linha dos 50 pontos, sinalizando falta de confian\u00e7a, o indicador apresentou substancial melhora em rela\u00e7\u00e3o a&hellip;","_links":{"self":[{"href":"https:\/\/construcaocivil.siriusmarketingedesign.com.br\/index.php?rest_route=\/wp\/v2\/posts\/4873","targetHints":{"allow":["GET"]}}],"collection":[{"href":"https:\/\/construcaocivil.siriusmarketingedesign.com.br\/index.php?rest_route=\/wp\/v2\/posts"}],"about":[{"href":"https:\/\/construcaocivil.siriusmarketingedesign.com.br\/index.php?rest_route=\/wp\/v2\/types\/post"}],"author":[{"embeddable":true,"href":"https:\/\/construcaocivil.siriusmarketingedesign.com.br\/index.php?rest_route=\/wp\/v2\/users\/1"}],"replies":[{"embeddable":true,"href":"https:\/\/construcaocivil.siriusmarketingedesign.com.br\/index.php?rest_route=%2Fwp%2Fv2%2Fcomments&post=4873"}],"version-history":[{"count":0,"href":"https:\/\/construcaocivil.siriusmarketingedesign.com.br\/index.php?rest_route=\/wp\/v2\/posts\/4873\/revisions"}],"wp:attachment":[{"href":"https:\/\/construcaocivil.siriusmarketingedesign.com.br\/index.php?rest_route=%2Fwp%2Fv2%2Fmedia&parent=4873"}],"wp:term":[{"taxonomy":"category","embeddable":true,"href":"https:\/\/construcaocivil.siriusmarketingedesign.com.br\/index.php?rest_route=%2Fwp%2Fv2%2Fcategories&post=4873"},{"taxonomy":"post_tag","embeddable":true,"href":"https:\/\/construcaocivil.siriusmarketingedesign.com.br\/index.php?rest_route=%2Fwp%2Fv2%2Ftags&post=4873"}],"curies":[{"name":"wp","href":"https:\/\/api.w.org\/{rel}","templated":true}]}}