{"id":4878,"date":"2017-01-31T12:57:35","date_gmt":"2017-01-31T15:57:35","guid":{"rendered":"http:\/\/www.jornaldaconstrucaocivil.com.br\/?p=4878"},"modified":"2017-01-31T12:57:35","modified_gmt":"2017-01-31T15:57:35","slug":"ministro-helder-barbalho-garante-chegada-da-agua-do-velho-chico-a-paraiba-na-primeira-semana-de-marco","status":"publish","type":"post","link":"https:\/\/construcaocivil.siriusmarketingedesign.com.br\/?p=4878","title":{"rendered":"Ministro Helder Barbalho garante chegada da \u00e1gua do &#8216;Velho Chico&#8217; \u00e0 Para\u00edba na primeira semana de mar\u00e7o"},"content":{"rendered":"<p style=\"text-align: justify;\"><strong><em><span style=\"color: #000080;\">An\u00fancio foi feito em Floresta (PE) com a presen\u00e7a do presidente Michel Temer, que assegurou recursos ao Ramal do Agreste para abastecer cidades pernambucanas<\/span><\/em><\/strong><\/p>\n<p style=\"text-align: justify;\"><span style=\"color: #000000;\"><span style=\"color: #993300;\">Janeiro,2017<\/span> \u2013 A terceira esta\u00e7\u00e3o de bombeamento (EBV-3) do Eixo Leste do Projeto de Integra\u00e7\u00e3o do Rio S\u00e3o Francisco, em Floresta (PE), entrou em opera\u00e7\u00e3o ontem, segunda-feira (30), ap\u00f3s acionamento feito pelo presidente da Rep\u00fablica, Michel Temer, e pelo ministro da Integra\u00e7\u00e3o Nacional, Helder Barbalho. A estrutura vai impulsionar a \u00e1gua do Velho Chico por mais 60,9 quil\u00f4metros rumo \u00e0 Para\u00edba e Pernambuco.\u00a0\u00a0 Durante o evento, o ministro reafirmou o compromisso do Governo Federal para cumprir prazos e antecipar o cronograma de entrega das \u00e1guas do Projeto, al\u00e9m de garantir que o estado da Para\u00edba j\u00e1 receber\u00e1 a \u00e1gua do <span style=\"color: #ff0000;\">&#8216;Velho Chico&#8217;<\/span> na primeira semana de mar\u00e7o, em Monteiro (PB).<\/span><\/p>\n<p style=\"text-align: justify;\"><span style=\"color: #000000;\"><span style=\"color: #000080;\"><em>&#8220;N\u00f3s estamos conseguindo antecipar prazos, o que na hist\u00f3ria deste pa\u00eds \u00e9 algo totalmente destoante. O Brasil se acostumou a n\u00e3o cumprir com o planejado e esta obra \u00e9 um exemplo disso: j\u00e1 teve previs\u00f5es de entrega em diversas datas, em diferentes anos. N\u00f3s estamos conseguindo marcar dia e honrar os compromissos&#8221;<\/em><\/span>, afirmou o ministro Helder Barbalho, ao destacar a orienta\u00e7\u00e3o do presidente Michel Temer de olhar com prioridade para o Nordeste, especialmente para as regi\u00f5es mais afetadas por per\u00edodos de seca.\u00a0 Em seu discurso, inclusive, o presidente assegurou a inaugura\u00e7\u00e3o, ainda em 2017, do Eixo Norte &#8211; que levar\u00e1 \u00e1gua para os estados do Cear\u00e1, Rio Grande do Norte, parte da Para\u00edba e de Pernambuco.<\/span><\/p>\n<p style=\"text-align: justify;\"><span style=\"color: #000000;\">Na cerim\u00f4nia tamb\u00e9m foram assinadas duas Ordens de Servi\u00e7o no valor de R$ 40,4 milh\u00f5es para o in\u00edcio do Ramal do Agreste, obra que vai garantir o abastecimento de 72 cidades pernambucanas com as \u00e1guas do rio S\u00e3o Francisco. Com or\u00e7amento total de R$ 1,2 bilh\u00e3o, o empreendimento ter\u00e1 70,8 quil\u00f4metros de extens\u00e3o, incluindo canais, t\u00faneis, aquedutos, esta\u00e7\u00e3o de bombeamento e barragens.<span style=\"color: #0000ff;\"><em> &#8220;S\u00e3o investimentos federais que garantem efetividade ao Projeto de Integra\u00e7\u00e3o, para que a \u00e1gua seja entregue \u00e0s companhias de abastecimento e, consequentemente, chegue \u00e0s torneiras do povo&#8221;<\/em><\/span>, frisou.<\/span><\/p>\n<p style=\"text-align: justify;\"><span style=\"color: #000000;\">Ainda nesta segunda-feira (30), o ministro e equipes t\u00e9cnicas da Pasta far\u00e3o vistoria \u00e0s esta\u00e7\u00f5es de bombeamento EBV-5 e EBV-6 do Eixo Leste, em Sert\u00e2nia (PE); \u00e0 barragem de Po\u00e7\u00f5es, em Monteiro (PB); e \u00e0 barragem de Camala\u00fa, localizada no munic\u00edpio de mesmo nome, na Para\u00edba. Os empreendimentos s\u00e3o estrat\u00e9gicos para que a \u00e1gua do &#8216;Velho Chico&#8217; continue avan\u00e7ando rumo \u00e0 Para\u00edba e em Pernambuco. No in\u00edcio da noite, em Campina Grande (PB), o ministro far\u00e1 presta\u00e7\u00e3o de contas sobre o andamento das obras do Projeto de Integra\u00e7\u00e3o \u00e0 sociedade, autoridades locais e parlamentares.<\/span><\/p>\n<p style=\"text-align: justify;\"><span style=\"color: #000000;\"><strong><span style=\"color: #993300;\">Sobre o Projeto<\/span><\/strong> &#8211; Maior obra de infraestrutura h\u00eddrica do pa\u00eds, o Projeto de Integra\u00e7\u00e3o do Rio S\u00e3o Francisco levar\u00e1 \u00e1gua para mais de 12 milh\u00f5es de pessoas em 390 munic\u00edpios dos estados de Pernambuco, Cear\u00e1, Para\u00edba e Rio Grande do Norte. A estrutura \u00e9 composta por dois Eixos: Norte, com 260 quil\u00f4metros, e o Leste, com 217. Todas as obras f\u00edsicas necess\u00e1rias \u00e0 passagem da \u00e1gua no Eixo Leste foram finalizadas em dezembro de 2016. As \u00e1guas avan\u00e7am pelas estruturas rumo a Pernambuco e \u00e0 Para\u00edba. Com 93,4% de obras f\u00edsicas executadas, o Eixo Norte est\u00e1 previsto para ser conclu\u00eddo no segundo semestre deste ano, ap\u00f3s finaliza\u00e7\u00e3o de servi\u00e7os necess\u00e1rios \u00e0 passagem da \u00e1gua do rio. A expectativa \u00e9 atender o reservat\u00f3rio Jati (CE) em agosto e a Regi\u00e3o Metropolitana de Fortaleza em setembro de 2017. As etapas 2N e 3N desse Eixo est\u00e3o em ritmo final de constru\u00e7\u00e3o.<\/span><\/p>\n<p style=\"text-align: justify;\">Fonte: Ascom\/Minist\u00e9rio da Integra\u00e7\u00e3o Nacional<\/p>\n","protected":false},"excerpt":{"rendered":"<p>An\u00fancio foi feito em Floresta (PE) com a presen\u00e7a do presidente Michel Temer, que assegurou recursos ao Ramal do Agreste para abastecer cidades pernambucanas Janeiro,2017 \u2013 A terceira esta\u00e7\u00e3o de bombeamento (EBV-3) do Eixo Leste do Projeto de Integra\u00e7\u00e3o do Rio S\u00e3o Francisco, em Floresta (PE), entrou em opera\u00e7\u00e3o ontem, segunda-feira (30), ap\u00f3s acionamento feito [&hellip;]<\/p>\n","protected":false},"author":1,"featured_media":0,"comment_status":"open","ping_status":"open","sticky":false,"template":"","format":"standard","meta":{"_uag_custom_page_level_css":"","footnotes":""},"categories":[27],"tags":[553,2046,2826,6096,7143,7709,7755,8333,8629,8828,9682,10383],"class_list":["post-4878","post","type-post","status-publish","format-standard","hentry","category-acontece","tag-agua-do-velho-chico","tag-ceara","tag-construcao-civil","tag-infraestrutura","tag-maior-obra-de-infraestrutura-hidrica-do-pais","tag-ministerio-da-integracao-nacional","tag-ministro-helder-barbalho","tag-obra-de-infraestrutura-hidrica","tag-paraiba","tag-pernambuco","tag-projeto-de-integracao-do-rio-sao-francisco","tag-rio-grande-do-norte"],"blocksy_meta":[],"spectra_blocks_featured_image_url":null,"spectra_blocks_author_info":{"display_name":"Jornal da Constru\u00e7\u00e3o Civil","avatar_url":"https:\/\/secure.gravatar.com\/avatar\/973c9774fd44ddaceb026973c4962faa70fc512bc4c9da68e8ebb40fecee6540?s=96&d=mm&r=g","author_link":"https:\/\/construcaocivil.siriusmarketingedesign.com.br\/?author=1","description":"Desde de 2013, levando muitas informa\u00e7\u00f5es, lan\u00e7amentos e produtos de qualidade para toda cadeia produtiva da constru\u00e7\u00e3o. O Futuro da constru\u00e7\u00e3o passa por aqui,"},"uagb_featured_image_src":{"full":false,"thumbnail":false,"medium":false,"medium_large":false,"large":false,"1536x1536":false,"2048x2048":false},"uagb_author_info":{"display_name":"Jornal da Constru\u00e7\u00e3o Civil","author_link":"https:\/\/construcaocivil.siriusmarketingedesign.com.br\/?author=1"},"uagb_comment_info":0,"uagb_excerpt":"An\u00fancio foi feito em Floresta (PE) com a presen\u00e7a do presidente Michel Temer, que assegurou recursos ao Ramal do Agreste para abastecer cidades pernambucanas Janeiro,2017 \u2013 A terceira esta\u00e7\u00e3o de bombeamento (EBV-3) do Eixo Leste do Projeto de Integra\u00e7\u00e3o do Rio S\u00e3o Francisco, em Floresta (PE), entrou em opera\u00e7\u00e3o ontem, segunda-feira (30), ap\u00f3s acionamento feito&hellip;","_links":{"self":[{"href":"https:\/\/construcaocivil.siriusmarketingedesign.com.br\/index.php?rest_route=\/wp\/v2\/posts\/4878","targetHints":{"allow":["GET"]}}],"collection":[{"href":"https:\/\/construcaocivil.siriusmarketingedesign.com.br\/index.php?rest_route=\/wp\/v2\/posts"}],"about":[{"href":"https:\/\/construcaocivil.siriusmarketingedesign.com.br\/index.php?rest_route=\/wp\/v2\/types\/post"}],"author":[{"embeddable":true,"href":"https:\/\/construcaocivil.siriusmarketingedesign.com.br\/index.php?rest_route=\/wp\/v2\/users\/1"}],"replies":[{"embeddable":true,"href":"https:\/\/construcaocivil.siriusmarketingedesign.com.br\/index.php?rest_route=%2Fwp%2Fv2%2Fcomments&post=4878"}],"version-history":[{"count":0,"href":"https:\/\/construcaocivil.siriusmarketingedesign.com.br\/index.php?rest_route=\/wp\/v2\/posts\/4878\/revisions"}],"wp:attachment":[{"href":"https:\/\/construcaocivil.siriusmarketingedesign.com.br\/index.php?rest_route=%2Fwp%2Fv2%2Fmedia&parent=4878"}],"wp:term":[{"taxonomy":"category","embeddable":true,"href":"https:\/\/construcaocivil.siriusmarketingedesign.com.br\/index.php?rest_route=%2Fwp%2Fv2%2Fcategories&post=4878"},{"taxonomy":"post_tag","embeddable":true,"href":"https:\/\/construcaocivil.siriusmarketingedesign.com.br\/index.php?rest_route=%2Fwp%2Fv2%2Ftags&post=4878"}],"curies":[{"name":"wp","href":"https:\/\/api.w.org\/{rel}","templated":true}]}}