{"id":488,"date":"2015-11-30T16:13:57","date_gmt":"2015-11-30T16:13:57","guid":{"rendered":"http:\/\/www.jornaldaconstrucaocivil.com.br\/?p=488"},"modified":"2015-11-30T16:13:57","modified_gmt":"2015-11-30T16:13:57","slug":"708-vagas-de-emprego-em-macae","status":"publish","type":"post","link":"https:\/\/construcaocivil.siriusmarketingedesign.com.br\/?p=488","title":{"rendered":"708 vagas de emprego em Maca\u00e9"},"content":{"rendered":"<p><span style=\"color: #000000;\">A Ag\u00eancia de Trabalho, Educa\u00e7\u00e3o Profissional e Renda (Agetrab) oferece para esta semana 708\u00a0vagas\u00a0de\u00a0emprego\u00a0<\/span><span style=\"color: #000000;\">em diversas <\/span><span style=\"color: #000000;\">\u00e1reas para ambos os sexos.\u00a0<\/span><\/p>\n<p><span style=\"color: #000000;\">No site:\u00a0<span style=\"color: #0000ff;\"><a style=\"color: #0000ff;\" href=\"http:\/\/www.macae.rj.gov.br\/trabalhoerenda\">www.macae.rj.gov.br\/trabalhoerenda<\/a><\/span>, acessando a \u00c1rea do Trabalhador, \u00e9 poss\u00edvel cadastrar-se e agendar-se para\u00a0vagas\u00a0de\u00a0emprego, carteira de trabalho e carteira de identidade.<\/span><\/p>\n<p><span style=\"color: #000000;\">A partir do agendamento no site, o interessado dever\u00e1 comparecer \u00e0 Ag\u00eancia\/CTM,\u00a0na Rodovia Amaral Peixoto, s\/n (em frente ao Est\u00e1dio Cl\u00e1udio Moacyr), na Barra de Maca\u00e9. A documenta\u00e7\u00e3o necess\u00e1ria para cada servi\u00e7o encontra-se divulgada no pr\u00f3prio site.<\/span><\/p>\n<figure id=\"attachment_497\" aria-describedby=\"caption-attachment-497\" style=\"width: 234px\" class=\"wp-caption alignleft\"><a href=\"http:\/\/www.jornaldaconstrucaocivil.com.br\/wp-content\/uploads\/2015\/11\/LEDUCA-MACAE.jpg\"><img loading=\"lazy\" decoding=\"async\" class=\"wp-image-497\" src=\"http:\/\/www.jornaldaconstrucaocivil.com.br\/wp-content\/uploads\/2015\/11\/LEDUCA-MACAE-300x199.jpg\" alt=\"LEDUCA-MACAE\" width=\"234\" height=\"155\" \/><\/a><figcaption id=\"caption-attachment-497\" class=\"wp-caption-text\"><span style=\"color: #ff0000;\">708 vagas de emprego em Maca\u00e9. Foto: Divulga\u00e7\u00e3o<\/span><\/figcaption><\/figure>\n<p><span style=\"color: #000000;\">Entre as vagas est\u00e3o 80 para caldeireiro &#8211; os requisitos s\u00e3o ter dois anos de experi\u00eancia comprovada na Carteira de Trabalho ou tr\u00eas anos como ajudante de caldeireiro, possuir Salvatagem e Huet em dia (carteirinha e certificado), NR 33 (curso de espa\u00e7o confinado em dia) e Ensino Fundamental completo.<\/span><\/p>\n<p><span style=\"color: #000000;\">Para vaga de ajudante de Caldeireiro as exig\u00eancias s\u00e3o ter Salvatagem e Huet em dia (carteirinha e certificado), NR33 (curso de espa\u00e7o confinado em dia) e possuir Ensino Fundamental completo. Para vaga de encarregado de Caldeiraria,o trabalhador precisa ter dois anos de experi\u00eancia comprovada na carteira como encarregado de caldeiraria, tem que possuir t\u00e9cnico em mec\u00e2nica ou t\u00e9cnico em eletromec\u00e2nica com CREA ativo, Salvatagem\u00a0<\/span><span style=\"color: #000000;\">e <\/span><span style=\"color: #000000;\">Huet em dia (carteirinha e certificado) e NR 33 (curso de espa\u00e7o confinado em dia).<\/span><\/p>\n<p><span style=\"color: #000000;\">Acesse as vagas em:<span style=\"color: #0000ff;\">\u00a0<strong><a style=\"color: #0000ff;\" href=\"http:\/\/www.macae.rj.gov.br\/trabalhoerenda\" target=\"_blank\">www.macae.rj.gov.br\/<wbr \/>trabalhoerenda<\/a><\/strong><\/span><\/span><\/p>\n<p>Fonte: Ascom\/Maca\u00e9-RJ<\/p>\n","protected":false},"excerpt":{"rendered":"<p>A Ag\u00eancia de Trabalho, Educa\u00e7\u00e3o Profissional e Renda (Agetrab) oferece para esta semana 708\u00a0vagas\u00a0de\u00a0emprego\u00a0em diversas \u00e1reas para ambos os sexos.\u00a0 No site:\u00a0www.macae.rj.gov.br\/trabalhoerenda, acessando a \u00c1rea do Trabalhador, \u00e9 poss\u00edvel cadastrar-se e agendar-se para\u00a0vagas\u00a0de\u00a0emprego, carteira de trabalho e carteira de identidade. A partir do agendamento no site, o interessado dever\u00e1 comparecer \u00e0 Ag\u00eancia\/CTM,\u00a0na Rodovia Amaral Peixoto, [&hellip;]<\/p>\n","protected":false},"author":1,"featured_media":0,"comment_status":"open","ping_status":"open","sticky":false,"template":"","format":"standard","meta":{"_uag_custom_page_level_css":"","footnotes":""},"categories":[27],"tags":[241,974,1699,4036,4352,7113,8466,11558],"class_list":["post-488","post","type-post","status-publish","format-standard","hentry","category-acontece","tag-708-vagas-de-emprego","tag-assistente","tag-caldeiro","tag-eletricista1","tag-engenheiro","tag-macaerj","tag-operador","tag-tecnico-de-mecanica"],"blocksy_meta":[],"spectra_blocks_featured_image_url":null,"spectra_blocks_author_info":{"display_name":"Jornal da Constru\u00e7\u00e3o Civil","avatar_url":"https:\/\/secure.gravatar.com\/avatar\/973c9774fd44ddaceb026973c4962faa70fc512bc4c9da68e8ebb40fecee6540?s=96&d=mm&r=g","author_link":"https:\/\/construcaocivil.siriusmarketingedesign.com.br\/?author=1","description":"Desde de 2013, levando muitas informa\u00e7\u00f5es, lan\u00e7amentos e produtos de qualidade para toda cadeia produtiva da constru\u00e7\u00e3o. O Futuro da constru\u00e7\u00e3o passa por aqui,"},"uagb_featured_image_src":{"full":false,"thumbnail":false,"medium":false,"medium_large":false,"large":false,"1536x1536":false,"2048x2048":false},"uagb_author_info":{"display_name":"Jornal da Constru\u00e7\u00e3o Civil","author_link":"https:\/\/construcaocivil.siriusmarketingedesign.com.br\/?author=1"},"uagb_comment_info":0,"uagb_excerpt":"A Ag\u00eancia de Trabalho, Educa\u00e7\u00e3o Profissional e Renda (Agetrab) oferece para esta semana 708\u00a0vagas\u00a0de\u00a0emprego\u00a0em diversas \u00e1reas para ambos os sexos.\u00a0 No site:\u00a0www.macae.rj.gov.br\/trabalhoerenda, acessando a \u00c1rea do Trabalhador, \u00e9 poss\u00edvel cadastrar-se e agendar-se para\u00a0vagas\u00a0de\u00a0emprego, carteira de trabalho e carteira de identidade. A partir do agendamento no site, o interessado dever\u00e1 comparecer \u00e0 Ag\u00eancia\/CTM,\u00a0na Rodovia Amaral Peixoto,&hellip;","_links":{"self":[{"href":"https:\/\/construcaocivil.siriusmarketingedesign.com.br\/index.php?rest_route=\/wp\/v2\/posts\/488","targetHints":{"allow":["GET"]}}],"collection":[{"href":"https:\/\/construcaocivil.siriusmarketingedesign.com.br\/index.php?rest_route=\/wp\/v2\/posts"}],"about":[{"href":"https:\/\/construcaocivil.siriusmarketingedesign.com.br\/index.php?rest_route=\/wp\/v2\/types\/post"}],"author":[{"embeddable":true,"href":"https:\/\/construcaocivil.siriusmarketingedesign.com.br\/index.php?rest_route=\/wp\/v2\/users\/1"}],"replies":[{"embeddable":true,"href":"https:\/\/construcaocivil.siriusmarketingedesign.com.br\/index.php?rest_route=%2Fwp%2Fv2%2Fcomments&post=488"}],"version-history":[{"count":0,"href":"https:\/\/construcaocivil.siriusmarketingedesign.com.br\/index.php?rest_route=\/wp\/v2\/posts\/488\/revisions"}],"wp:attachment":[{"href":"https:\/\/construcaocivil.siriusmarketingedesign.com.br\/index.php?rest_route=%2Fwp%2Fv2%2Fmedia&parent=488"}],"wp:term":[{"taxonomy":"category","embeddable":true,"href":"https:\/\/construcaocivil.siriusmarketingedesign.com.br\/index.php?rest_route=%2Fwp%2Fv2%2Fcategories&post=488"},{"taxonomy":"post_tag","embeddable":true,"href":"https:\/\/construcaocivil.siriusmarketingedesign.com.br\/index.php?rest_route=%2Fwp%2Fv2%2Ftags&post=488"}],"curies":[{"name":"wp","href":"https:\/\/api.w.org\/{rel}","templated":true}]}}