{"id":4916,"date":"2017-02-03T14:39:12","date_gmt":"2017-02-03T17:39:12","guid":{"rendered":"http:\/\/www.jornaldaconstrucaocivil.com.br\/?p=4916"},"modified":"2017-02-03T14:39:12","modified_gmt":"2017-02-03T17:39:12","slug":"decimo-terceiro-salario-dos-servidores-de-caxias-sera-pago-na-proxima-terca-feira-7","status":"publish","type":"post","link":"https:\/\/construcaocivil.siriusmarketingedesign.com.br\/?p=4916","title":{"rendered":"D\u00e9cimo terceiro sal\u00e1rio dos servidores de Caxias ser\u00e1 pago na pr\u00f3xima ter\u00e7a-feira (7)"},"content":{"rendered":"<p style=\"text-align: justify;\"><span style=\"color: #000000;\"><span style=\"color: #993300;\">Fevereiro, 2017<\/span> &#8211; Em reuni\u00e3o, na tarde de ontem (2), na sede da Defensoria P\u00fablica de Duque de Caxias, a Prefeitura garantiu que o 13\u00ba sal\u00e1rio de todos os servidores do munic\u00edpio ser\u00e1 pago na pr\u00f3xima ter\u00e7a-feira (7).<\/span><\/p>\n<p style=\"text-align: justify;\"><span style=\"color: #000000;\">Participaram da reuni\u00e3o os defensores p\u00fablicos F\u00e1bio Amado, coordenador do N\u00facleo de Defesa dos Direitos Humanos da Defensoria P\u00fablica; Marina Lopes, Ana Paula Barata e Carlos Robson da Ponte, que atuam em Caxias; e o procurador-geral de Duque de Caxias, Cl\u00e1udio F\u00e9lix, dentre outros representantes no munic\u00edpio.<\/span><\/p>\n<p style=\"text-align: justify;\"><span style=\"color: #000000;\">Desde outubro do ano passado,\u00a0 a Defensoria P\u00fablica discute com os gestores de Duque de Caxias a regulariza\u00e7\u00e3o do pagamento dos sal\u00e1rios dos servidores, aposentados e pensionistas. Ao mesmo tempo em que busca uma solu\u00e7\u00e3o extrajudicial para o caso, a Defensoria\u00a0 acompanha o julgamento do recurso (agravo de instrumento) interposto pelo munic\u00edpio, no qual foi deferida a suspens\u00e3o de decis\u00e3o da 3\u00aa Vara C\u00edvel do munic\u00edpio, que determinou o arresto de verbas p\u00fablicas para o pagamento dos sal\u00e1rios.\u00a0<\/span><\/p>\n<p style=\"text-align: justify;\"><span style=\"color: #000000;\">No dia 17 de janeiro, a prefeitura depositou os valores referentes \u00e0s parcelas das remunera\u00e7\u00f5es de outubro que ainda n\u00e3o haviam sido pagas. Na ocasi\u00e3o, os administradores afirmaram que estudavam a divulga\u00e7\u00e3o de um calend\u00e1rio de pagamentos dos sal\u00e1rios de novembro, dezembro e do 13\u00ba.<\/span><\/p>\n<p style=\"text-align: justify;\"><span style=\"color: #000000;\">\u2013 <span style=\"color: #000080;\"><em>De concreto, os representantes da Prefeitura garantiram nessa reuni\u00e3o que o pagamento do 13\u00ba sal\u00e1rio ser\u00e1 depositado no dia 7<\/em><\/span> \u2013 informa a defensora p\u00fablica Marina Lopes.<\/span><\/p>\n","protected":false},"excerpt":{"rendered":"<p>Fevereiro, 2017 &#8211; Em reuni\u00e3o, na tarde de ontem (2), na sede da Defensoria P\u00fablica de Duque de Caxias, a Prefeitura garantiu que o 13\u00ba sal\u00e1rio de todos os servidores do munic\u00edpio ser\u00e1 pago na pr\u00f3xima ter\u00e7a-feira (7). Participaram da reuni\u00e3o os defensores p\u00fablicos F\u00e1bio Amado, coordenador do N\u00facleo de Defesa dos Direitos Humanos da [&hellip;]<\/p>\n","protected":false},"author":1,"featured_media":0,"comment_status":"open","ping_status":"open","sticky":false,"template":"","format":"standard","meta":{"_uag_custom_page_level_css":"","footnotes":""},"categories":[27],"tags":[87,1085,1217,3198,3405,3408,3409,9288,10960],"class_list":["post-4916","post","type-post","status-publish","format-standard","hentry","category-acontece","tag-13-salario","tag-atraso-de-salarios","tag-baixada-fluminense","tag-crise","tag-defensora-publica-marina-lopes","tag-defensoria-publica-de-duque-de-caxias","tag-defensoria-publica-do-estado-do-rio-de-janeiro","tag-prefeitura-de-duque-de-caxias-rj","tag-servidores-municipais"],"blocksy_meta":[],"spectra_blocks_featured_image_url":null,"spectra_blocks_author_info":{"display_name":"Jornal da Constru\u00e7\u00e3o Civil","avatar_url":"https:\/\/secure.gravatar.com\/avatar\/973c9774fd44ddaceb026973c4962faa70fc512bc4c9da68e8ebb40fecee6540?s=96&d=mm&r=g","author_link":"https:\/\/construcaocivil.siriusmarketingedesign.com.br\/?author=1","description":"Desde de 2013, levando muitas informa\u00e7\u00f5es, lan\u00e7amentos e produtos de qualidade para toda cadeia produtiva da constru\u00e7\u00e3o. O Futuro da constru\u00e7\u00e3o passa por aqui,"},"uagb_featured_image_src":{"full":false,"thumbnail":false,"medium":false,"medium_large":false,"large":false,"1536x1536":false,"2048x2048":false},"uagb_author_info":{"display_name":"Jornal da Constru\u00e7\u00e3o Civil","author_link":"https:\/\/construcaocivil.siriusmarketingedesign.com.br\/?author=1"},"uagb_comment_info":0,"uagb_excerpt":"Fevereiro, 2017 &#8211; Em reuni\u00e3o, na tarde de ontem (2), na sede da Defensoria P\u00fablica de Duque de Caxias, a Prefeitura garantiu que o 13\u00ba sal\u00e1rio de todos os servidores do munic\u00edpio ser\u00e1 pago na pr\u00f3xima ter\u00e7a-feira (7). Participaram da reuni\u00e3o os defensores p\u00fablicos F\u00e1bio Amado, coordenador do N\u00facleo de Defesa dos Direitos Humanos da&hellip;","_links":{"self":[{"href":"https:\/\/construcaocivil.siriusmarketingedesign.com.br\/index.php?rest_route=\/wp\/v2\/posts\/4916","targetHints":{"allow":["GET"]}}],"collection":[{"href":"https:\/\/construcaocivil.siriusmarketingedesign.com.br\/index.php?rest_route=\/wp\/v2\/posts"}],"about":[{"href":"https:\/\/construcaocivil.siriusmarketingedesign.com.br\/index.php?rest_route=\/wp\/v2\/types\/post"}],"author":[{"embeddable":true,"href":"https:\/\/construcaocivil.siriusmarketingedesign.com.br\/index.php?rest_route=\/wp\/v2\/users\/1"}],"replies":[{"embeddable":true,"href":"https:\/\/construcaocivil.siriusmarketingedesign.com.br\/index.php?rest_route=%2Fwp%2Fv2%2Fcomments&post=4916"}],"version-history":[{"count":0,"href":"https:\/\/construcaocivil.siriusmarketingedesign.com.br\/index.php?rest_route=\/wp\/v2\/posts\/4916\/revisions"}],"wp:attachment":[{"href":"https:\/\/construcaocivil.siriusmarketingedesign.com.br\/index.php?rest_route=%2Fwp%2Fv2%2Fmedia&parent=4916"}],"wp:term":[{"taxonomy":"category","embeddable":true,"href":"https:\/\/construcaocivil.siriusmarketingedesign.com.br\/index.php?rest_route=%2Fwp%2Fv2%2Fcategories&post=4916"},{"taxonomy":"post_tag","embeddable":true,"href":"https:\/\/construcaocivil.siriusmarketingedesign.com.br\/index.php?rest_route=%2Fwp%2Fv2%2Ftags&post=4916"}],"curies":[{"name":"wp","href":"https:\/\/api.w.org\/{rel}","templated":true}]}}