{"id":4927,"date":"2017-02-04T16:16:10","date_gmt":"2017-02-04T19:16:10","guid":{"rendered":"http:\/\/www.jornaldaconstrucaocivil.com.br\/?p=4927"},"modified":"2017-02-04T16:16:10","modified_gmt":"2017-02-04T19:16:10","slug":"vendas-no-varejo-de-material-de-construcao-crescem-4-em-janeiro","status":"publish","type":"post","link":"https:\/\/construcaocivil.siriusmarketingedesign.com.br\/?p=4927","title":{"rendered":"Vendas no varejo de material de constru\u00e7\u00e3o crescem 4% em janeiro"},"content":{"rendered":"<p style=\"text-align: justify;\"><strong><em><span style=\"color: #ff0000;\">Na compara\u00e7\u00e3o com dezembro, no entanto, setor teve queda de 11%.<\/span><\/em><\/strong><\/p>\n<p style=\"text-align: justify;\"><strong><em><span style=\"color: #ff0000;\">Expectativa da Anamaco \u00e9 de 3% de crescimento no primeiro semestre do ano<\/span><\/em><\/strong><\/p>\n<figure id=\"attachment_2926\" aria-describedby=\"caption-attachment-2926\" style=\"width: 314px\" class=\"wp-caption alignleft\"><a href=\"http:\/\/www.jornaldaconstrucaocivil.com.br\/wp-content\/uploads\/2016\/08\/MATERIAL-DE-CONSTRUCAO.jpg\"><img loading=\"lazy\" decoding=\"async\" class=\"wp-image-2926\" src=\"http:\/\/www.jornaldaconstrucaocivil.com.br\/wp-content\/uploads\/2016\/08\/MATERIAL-DE-CONSTRUCAO.jpg\" alt=\"MATERIAL DE CONSTRUCAO\" width=\"314\" height=\"235\" \/><\/a><figcaption id=\"caption-attachment-2926\" class=\"wp-caption-text\"><span style=\"color: #800080;\">Foto:JCC<\/span><\/figcaption><\/figure>\n<p style=\"text-align: justify;\"><span style=\"color: #000000;\"><span style=\"color: #800000;\">Fevereiro, 2017<\/span> &#8211; Depois de amargar dois dos piores anos de sua s\u00e9rie hist\u00f3rica, o varejo de material de constru\u00e7\u00e3o espera voltar a crescer em 2017 e j\u00e1 d\u00e1 sinais de retomada. Em janeiro, as vendas do setor cresceram 4%, na compara\u00e7\u00e3o com o mesmo per\u00edodo de 2016. J\u00e1 na compara\u00e7\u00e3o com dezembro de 2016, a queda foi de 11%. <span style=\"color: #000080;\"><em>&#8220;Janeiro \u00e9 um m\u00eas tradicionalmente fraco para o nosso setor. \u00c9 \u00e9poca de f\u00e9rias escolares e crian\u00e7a em casa n\u00e3o combina com reforma. Al\u00e9m disso, o consumidor tem uma s\u00e9rie de gastos extras no in\u00edcio do ano: IPVA, IPTU, matr\u00edculas escolares. Isso definitivamente influencia o nosso setor&#8221;<\/em><\/span>, declara Cl\u00e1udio Conz, presidente da Anamaco (Associa\u00e7\u00e3o Nacional dos Comerciantes de Material de Constru\u00e7\u00e3o).<\/span><\/p>\n<p style=\"text-align: justify;\"><span style=\"color: #000000;\">Segundo ele, o per\u00edodo de chuvas e a implementa\u00e7\u00e3o do programa <span style=\"color: #993300;\">&#8220;Cart\u00e3o Reforma&#8221;<\/span> devem influenciar positivamente o setor, assim como o relan\u00e7amento do Construcard, dando novo f\u00f4lego para que o consumidor volte a procurar as lojas de material de constru\u00e7\u00e3o para realizar obras de longo prazo. <em><span style=\"color: #000080;\">&#8220;Os reflexos vir\u00e3o, mas por enquanto ainda est\u00e3o acontecendo de forma mais lenta. Assim que os programas estiverem sendo executados a todo vapor, teremos mais resultados positivos. Por enquanto, eles ainda est\u00e3o em fase de ajuste e implementa\u00e7\u00e3o. Fora isso, as chuvas de ver\u00e3o devem levar mais clientes at\u00e9 as nossas lojas, seja para trocar a telha que quebrou ou para resolver a infiltra\u00e7\u00e3o do banheiro que apareceu depois do temporal. Cedo ou tarde essa demanda vai aparecer e isso movimenta o nosso segmento&#8221;<\/span><\/em>, explica Conz, completando:<\/span><\/p>\n<p style=\"text-align: justify;\"><span style=\"color: #000080;\"><em>&#8220;Estamos recebendo propostas de diversos bancos que querem facilitar o acesso ao cr\u00e9dito para o consumidor que quer reformar ou construir. Acesso ao cr\u00e9dito a juros baixos s\u00e3o m\u00fasica para os nossos ouvidos, porque temos que lembrar que o consumidor do nosso setor precisa planejar suas obras. Ningu\u00e9m sai constru\u00eddo e reformando sem saber quanto vai gastar de material, quanto tempo a obra vai durar, quanto vai gastar com m\u00e3o de obra e como vai se programar para pagar isso. Por conta da crise, o consumidor est\u00e1 realizando mais obras de curto prazo&#8221;.<\/em><\/span><\/p>\n<p style=\"text-align: justify;\">Fonte: Assessoria de Imprensa Anamaco<\/p>\n<p>&nbsp;<\/p>\n","protected":false},"excerpt":{"rendered":"<p>Na compara\u00e7\u00e3o com dezembro, no entanto, setor teve queda de 11%. Expectativa da Anamaco \u00e9 de 3% de crescimento no primeiro semestre do ano Fevereiro, 2017 &#8211; Depois de amargar dois dos piores anos de sua s\u00e9rie hist\u00f3rica, o varejo de material de constru\u00e7\u00e3o espera voltar a crescer em 2017 e j\u00e1 d\u00e1 sinais de [&hellip;]<\/p>\n","protected":false},"author":1,"featured_media":2926,"comment_status":"open","ping_status":"open","sticky":false,"template":"","format":"standard","meta":{"_uag_custom_page_level_css":"","footnotes":""},"categories":[33],"tags":[705,2906,3170,6461,7023,7362,8144,8170,8978,10069,11433,11438,12211],"class_list":["post-4927","post","type-post","status-publish","format-standard","has-post-thumbnail","hentry","category-mercado","tag-anamaco","tag-construcard","tag-crescimento-lento","tag-janeiro-vendas-fracas","tag-lojistas-do-brasil","tag-material-de-construcao","tag-nordeste","tag-norte","tag-planejamento","tag-reformas-de-casas","tag-sudeste","tag-sul","tag-varejo"],"blocksy_meta":[],"spectra_blocks_featured_image_url":[],"spectra_blocks_author_info":{"display_name":"Jornal da Constru\u00e7\u00e3o Civil","avatar_url":"https:\/\/secure.gravatar.com\/avatar\/973c9774fd44ddaceb026973c4962faa70fc512bc4c9da68e8ebb40fecee6540?s=96&d=mm&r=g","author_link":"https:\/\/construcaocivil.siriusmarketingedesign.com.br\/?author=1","description":"Desde de 2013, levando muitas informa\u00e7\u00f5es, lan\u00e7amentos e produtos de qualidade para toda cadeia produtiva da constru\u00e7\u00e3o. O Futuro da constru\u00e7\u00e3o passa por aqui,"},"uagb_featured_image_src":{"full":false,"thumbnail":false,"medium":false,"medium_large":false,"large":false,"1536x1536":false,"2048x2048":false},"uagb_author_info":{"display_name":"Jornal da Constru\u00e7\u00e3o Civil","author_link":"https:\/\/construcaocivil.siriusmarketingedesign.com.br\/?author=1"},"uagb_comment_info":0,"uagb_excerpt":"Na compara\u00e7\u00e3o com dezembro, no entanto, setor teve queda de 11%. Expectativa da Anamaco \u00e9 de 3% de crescimento no primeiro semestre do ano Fevereiro, 2017 &#8211; Depois de amargar dois dos piores anos de sua s\u00e9rie hist\u00f3rica, o varejo de material de constru\u00e7\u00e3o espera voltar a crescer em 2017 e j\u00e1 d\u00e1 sinais de&hellip;","_links":{"self":[{"href":"https:\/\/construcaocivil.siriusmarketingedesign.com.br\/index.php?rest_route=\/wp\/v2\/posts\/4927","targetHints":{"allow":["GET"]}}],"collection":[{"href":"https:\/\/construcaocivil.siriusmarketingedesign.com.br\/index.php?rest_route=\/wp\/v2\/posts"}],"about":[{"href":"https:\/\/construcaocivil.siriusmarketingedesign.com.br\/index.php?rest_route=\/wp\/v2\/types\/post"}],"author":[{"embeddable":true,"href":"https:\/\/construcaocivil.siriusmarketingedesign.com.br\/index.php?rest_route=\/wp\/v2\/users\/1"}],"replies":[{"embeddable":true,"href":"https:\/\/construcaocivil.siriusmarketingedesign.com.br\/index.php?rest_route=%2Fwp%2Fv2%2Fcomments&post=4927"}],"version-history":[{"count":0,"href":"https:\/\/construcaocivil.siriusmarketingedesign.com.br\/index.php?rest_route=\/wp\/v2\/posts\/4927\/revisions"}],"wp:attachment":[{"href":"https:\/\/construcaocivil.siriusmarketingedesign.com.br\/index.php?rest_route=%2Fwp%2Fv2%2Fmedia&parent=4927"}],"wp:term":[{"taxonomy":"category","embeddable":true,"href":"https:\/\/construcaocivil.siriusmarketingedesign.com.br\/index.php?rest_route=%2Fwp%2Fv2%2Fcategories&post=4927"},{"taxonomy":"post_tag","embeddable":true,"href":"https:\/\/construcaocivil.siriusmarketingedesign.com.br\/index.php?rest_route=%2Fwp%2Fv2%2Ftags&post=4927"}],"curies":[{"name":"wp","href":"https:\/\/api.w.org\/{rel}","templated":true}]}}