{"id":4949,"date":"2017-02-08T18:45:47","date_gmt":"2017-02-08T21:45:47","guid":{"rendered":"http:\/\/www.jornaldaconstrucaocivil.com.br\/?p=4949"},"modified":"2017-02-08T18:45:47","modified_gmt":"2017-02-08T21:45:47","slug":"tre-rj-cassa-pezao-por-abuso-de-poder-economico-e-politico","status":"publish","type":"post","link":"https:\/\/construcaocivil.siriusmarketingedesign.com.br\/?p=4949","title":{"rendered":"TRE-RJ cassa Pez\u00e3o por abuso de poder econ\u00f4mico e pol\u00edtico"},"content":{"rendered":"<p style=\"text-align: justify;\">Crise no governo do Rio<\/p>\n<p style=\"text-align: justify;\"><span style=\"color: #000000;\"><span style=\"color: #ff0000;\">Fevereiro, 2017<\/span> &#8211; O Tribunal Regional Eleitoral do Rio de Janeiro cassou, na sess\u00e3o desta quarta-feira (8), os mandatos do governador, Luiz Fernando de Souza Pez\u00e3o, e do vice-governador, Francisco Dornelles, por abuso de poder econ\u00f4mico e pol\u00edtico, tornando-os ineleg\u00edveis por oito anos. A Corte determinou ainda que sejam realizadas elei\u00e7\u00f5es diretas para a escolha dos representantes do Poder Executivo estadual. A decis\u00e3o, no entanto, somente produz efeito ap\u00f3s o tr\u00e2nsito em julgado, ou seja, quando n\u00e3o cabe mais recurso, de acordo com o artigo 257, par\u00e1grafo 2\u00ba, do C\u00f3digo Eleitoral.<\/span><\/p>\n<p style=\"text-align: justify;\"><span style=\"color: #000000;\">Por maioria dos votos, o abuso de poder econ\u00f4mico e pol\u00edtico ficou configurado uma vez que o Governo do Estado do Rio de Janeiro concedeu benef\u00edcios financeiros a empresas como contrapartida a posteriores doa\u00e7\u00f5es para a campanha do ent\u00e3o candidato Pez\u00e3o e de seu vice.<span style=\"color: #993300;\"><em> &#8220;Restou comprovado que contratos administrativos milion\u00e1rios foram celebrados em troca de doa\u00e7\u00e3o de campanha&#8221;<\/em><\/span>, afirmou um dos membros da Corte, desembargador eleitoral Marco Couto, em seu voto.<\/span><\/p>\n<p style=\"text-align: justify;\">Fonte: TRE-RJ<\/p>\n","protected":false},"excerpt":{"rendered":"<p>Crise no governo do Rio Fevereiro, 2017 &#8211; O Tribunal Regional Eleitoral do Rio de Janeiro cassou, na sess\u00e3o desta quarta-feira (8), os mandatos do governador, Luiz Fernando de Souza Pez\u00e3o, e do vice-governador, Francisco Dornelles, por abuso de poder econ\u00f4mico e pol\u00edtico, tornando-os ineleg\u00edveis por oito anos. A Corte determinou ainda que sejam realizadas [&hellip;]<\/p>\n","protected":false},"author":1,"featured_media":0,"comment_status":"open","ping_status":"open","sticky":false,"template":"","format":"standard","meta":{"_uag_custom_page_level_css":"","footnotes":""},"categories":[27],"tags":[347,2005,3212,5238,10571,11932,12027],"class_list":["post-4949","post","type-post","status-publish","format-standard","hentry","category-acontece","tag-abuso-de-poder-economico","tag-cassacao-de-pezao","tag-crise-no-estado-do-rio","tag-francisco-dornelles","tag-salarios-atrasados","tag-tre-rj","tag-uerj-em-crise"],"blocksy_meta":[],"spectra_blocks_featured_image_url":null,"spectra_blocks_author_info":{"display_name":"Jornal da Constru\u00e7\u00e3o Civil","avatar_url":"https:\/\/secure.gravatar.com\/avatar\/973c9774fd44ddaceb026973c4962faa70fc512bc4c9da68e8ebb40fecee6540?s=96&d=mm&r=g","author_link":"https:\/\/construcaocivil.siriusmarketingedesign.com.br\/?author=1","description":"Desde de 2013, levando muitas informa\u00e7\u00f5es, lan\u00e7amentos e produtos de qualidade para toda cadeia produtiva da constru\u00e7\u00e3o. O Futuro da constru\u00e7\u00e3o passa por aqui,"},"uagb_featured_image_src":{"full":false,"thumbnail":false,"medium":false,"medium_large":false,"large":false,"1536x1536":false,"2048x2048":false},"uagb_author_info":{"display_name":"Jornal da Constru\u00e7\u00e3o Civil","author_link":"https:\/\/construcaocivil.siriusmarketingedesign.com.br\/?author=1"},"uagb_comment_info":0,"uagb_excerpt":"Crise no governo do Rio Fevereiro, 2017 &#8211; O Tribunal Regional Eleitoral do Rio de Janeiro cassou, na sess\u00e3o desta quarta-feira (8), os mandatos do governador, Luiz Fernando de Souza Pez\u00e3o, e do vice-governador, Francisco Dornelles, por abuso de poder econ\u00f4mico e pol\u00edtico, tornando-os ineleg\u00edveis por oito anos. A Corte determinou ainda que sejam realizadas&hellip;","_links":{"self":[{"href":"https:\/\/construcaocivil.siriusmarketingedesign.com.br\/index.php?rest_route=\/wp\/v2\/posts\/4949","targetHints":{"allow":["GET"]}}],"collection":[{"href":"https:\/\/construcaocivil.siriusmarketingedesign.com.br\/index.php?rest_route=\/wp\/v2\/posts"}],"about":[{"href":"https:\/\/construcaocivil.siriusmarketingedesign.com.br\/index.php?rest_route=\/wp\/v2\/types\/post"}],"author":[{"embeddable":true,"href":"https:\/\/construcaocivil.siriusmarketingedesign.com.br\/index.php?rest_route=\/wp\/v2\/users\/1"}],"replies":[{"embeddable":true,"href":"https:\/\/construcaocivil.siriusmarketingedesign.com.br\/index.php?rest_route=%2Fwp%2Fv2%2Fcomments&post=4949"}],"version-history":[{"count":0,"href":"https:\/\/construcaocivil.siriusmarketingedesign.com.br\/index.php?rest_route=\/wp\/v2\/posts\/4949\/revisions"}],"wp:attachment":[{"href":"https:\/\/construcaocivil.siriusmarketingedesign.com.br\/index.php?rest_route=%2Fwp%2Fv2%2Fmedia&parent=4949"}],"wp:term":[{"taxonomy":"category","embeddable":true,"href":"https:\/\/construcaocivil.siriusmarketingedesign.com.br\/index.php?rest_route=%2Fwp%2Fv2%2Fcategories&post=4949"},{"taxonomy":"post_tag","embeddable":true,"href":"https:\/\/construcaocivil.siriusmarketingedesign.com.br\/index.php?rest_route=%2Fwp%2Fv2%2Ftags&post=4949"}],"curies":[{"name":"wp","href":"https:\/\/api.w.org\/{rel}","templated":true}]}}