{"id":4951,"date":"2017-02-09T17:27:09","date_gmt":"2017-02-09T20:27:09","guid":{"rendered":"http:\/\/www.jornaldaconstrucaocivil.com.br\/?p=4951"},"modified":"2017-02-09T17:27:09","modified_gmt":"2017-02-09T20:27:09","slug":"ensaios-tecnicos-tem-sido-a-sensacao-do-verao-no-rio-de-janeiro","status":"publish","type":"post","link":"https:\/\/construcaocivil.siriusmarketingedesign.com.br\/?p=4951","title":{"rendered":"Ensaios T\u00e9cnicos tem sido a sensa\u00e7\u00e3o do ver\u00e3o no Rio de Janeiro"},"content":{"rendered":"<figure id=\"attachment_4952\" aria-describedby=\"caption-attachment-4952\" style=\"width: 826px\" class=\"wp-caption alignnone\"><a href=\"http:\/\/www.jornaldaconstrucaocivil.com.br\/wp-content\/uploads\/2017\/02\/PORTO-DA-PEDRA.jpg\"><img loading=\"lazy\" decoding=\"async\" class=\"wp-image-4952\" src=\"http:\/\/www.jornaldaconstrucaocivil.com.br\/wp-content\/uploads\/2017\/02\/PORTO-DA-PEDRA.jpg\" alt=\"PORTO DA PEDRA\" width=\"826\" height=\"620\" \/><\/a><figcaption id=\"caption-attachment-4952\" class=\"wp-caption-text\"><span style=\"color: #ff0000;\">Ensaio T\u00e9cnico da GRES Porto da Pedra &#8211; Carnaval 2017. Foto: JCC<\/span><\/figcaption><\/figure>\n<p style=\"text-align: justify;\"><span style=\"color: #000000;\">Salgueiro e Vila Isabel, do grupo Especial e a Porto da Pedra, do grupo de Acesso explodiram literalmente a Sapuca\u00ed.<\/span><\/p>\n<figure id=\"attachment_4953\" aria-describedby=\"caption-attachment-4953\" style=\"width: 295px\" class=\"wp-caption alignleft\"><a href=\"http:\/\/www.jornaldaconstrucaocivil.com.br\/wp-content\/uploads\/2017\/02\/SALGUEIRO-VIVI.jpg\"><img loading=\"lazy\" decoding=\"async\" class=\"wp-image-4953\" src=\"http:\/\/www.jornaldaconstrucaocivil.com.br\/wp-content\/uploads\/2017\/02\/SALGUEIRO-VIVI.jpg\" alt=\"SALGUEIRO VIVI\" width=\"295\" height=\"370\" \/><\/a><figcaption id=\"caption-attachment-4953\" class=\"wp-caption-text\"><span style=\"color: #993300;\">Viviane Ara\u00fajo, atriz e destaque do Salgueiro &#8211; Carnaval 2017. Foto: JCC<\/span><\/figcaption><\/figure>\n<p style=\"text-align: justify;\"><span style=\"color: #000000;\"><span style=\"color: #0000ff;\">Fevereiro, 2017<\/span> &#8211; Ingredientes como anima\u00e7\u00e3o, alegria e descontra\u00e7\u00e3o fizeram dos foli\u00f5es que v\u00e3o aos Ensaios T\u00e9cnicos o sucesso ao passar de cada escola de samba. \u00c9 f\u00e1cil perceber? Claro, as arquibancadas lotadas. Uma verdadeira festa carnavalesca de turistas de todo Brasil e do mundo, al\u00e9m de cariocas. E o melhor, de forma gratuita, assistem o que as escolas de samba do Rio v\u00e3o trazer de melhor para o carnaval 2017.<\/span><\/p>\n<p style=\"text-align: justify;\"><span style=\"color: #000000;\">Neste \u00faltimo domingo, a Porto da Pedra, mostrou garra ao apresentar o samba enredo: <em><span style=\"color: #993300;\">\u201c\u00d3 Abre \u2013 Alas que as Marchinhas v\u00e3o passar\u201d<\/span><\/em>, de Jaime Cez\u00e1rio, e promete ser forte candidata ao t\u00edtulo do grupo de acesso. J\u00e1 no quesito empolga\u00e7\u00e3o do p\u00fablico, a escola do bairro de Noel, a Vila Isabel, apresentou determina\u00e7\u00e3o e garra, um estilo caracter\u00edstico do bairro de Noel, a simplicidade de uma grande escola. Entre os destaques da Vila, a rainha da bateria, Sabrina Sato \u2013 apresentadora de TV, Nicole Bahls \u00a0e a comiss\u00e3o de frente, deram o ritmo da escola que neste ano, segue com samba enredo:<em><span style=\"color: #993300;\"> &#8220;O Som da Cor\u201d<\/span><\/em>, do carnavalesco Alex de Souza.<\/span><\/p>\n<p style=\"text-align: justify;\">\n<p style=\"text-align: justify;\"><span style=\"color: #000000;\">A explos\u00e3o da Sapuca\u00ed aconteceu de verdade com a entrada do Salgueiro. Tudo ficou\u00a0 vermelho e mais uma vez, a atriz\/destaque da escola, Viviane Ara\u00fajo levou o p\u00fablico ao del\u00edrio. Fantasiada de <span style=\"color: #ff0000;\">\u201cdiabinha\u201d<\/span> Viviane esteve a frente da bateria com seu tradicional tamborim, ao longo de todo ensaio t\u00e9cnico feito pela escola na Sapuca\u00ed. Ainda, o p\u00fablico que lotou todas as arquibancadas cantou o samba enredo do Salgueiro:<em> <span style=\"color: #993300;\">\u201cA Divina Com\u00e9dia do Carnaval\u201d<\/span><\/em>, da dupla Renato Lage e M\u00e1rcia Lage.<\/span><\/p>\n","protected":false},"excerpt":{"rendered":"<p>Salgueiro e Vila Isabel, do grupo Especial e a Porto da Pedra, do grupo de Acesso explodiram literalmente a Sapuca\u00ed. Fevereiro, 2017 &#8211; Ingredientes como anima\u00e7\u00e3o, alegria e descontra\u00e7\u00e3o fizeram dos foli\u00f5es que v\u00e3o aos Ensaios T\u00e9cnicos o sucesso ao passar de cada escola de samba. \u00c9 f\u00e1cil perceber? Claro, as arquibancadas lotadas. Uma verdadeira [&hellip;]<\/p>\n","protected":false},"author":1,"featured_media":4953,"comment_status":"open","ping_status":"open","sticky":false,"template":"","format":"standard","meta":{"_uag_custom_page_level_css":"","footnotes":""},"categories":[27],"tags":[1582,1866,4368,4477,5637,5638,5640,7320,8120,10375,10542,12009,12450],"class_list":["post-4951","post","type-post","status-publish","format-standard","has-post-thumbnail","hentry","category-acontece","tag-brazil","tag-carnaval-rio-2017","tag-ensaios-tecnicos","tag-escolas-de-samba","tag-gres-porto-da-pedra","tag-gres-salgueiro","tag-gres-vila-isabel","tag-marques-de-sapucai","tag-nicole-bahls","tag-rio-de-janeiro","tag-sabrina-sato","tag-turistas","tag-viviane-araujo"],"blocksy_meta":[],"spectra_blocks_featured_image_url":[],"spectra_blocks_author_info":{"display_name":"Jornal da Constru\u00e7\u00e3o Civil","avatar_url":"https:\/\/secure.gravatar.com\/avatar\/973c9774fd44ddaceb026973c4962faa70fc512bc4c9da68e8ebb40fecee6540?s=96&d=mm&r=g","author_link":"https:\/\/construcaocivil.siriusmarketingedesign.com.br\/?author=1","description":"Desde de 2013, levando muitas informa\u00e7\u00f5es, lan\u00e7amentos e produtos de qualidade para toda cadeia produtiva da constru\u00e7\u00e3o. O Futuro da constru\u00e7\u00e3o passa por aqui,"},"uagb_featured_image_src":{"full":false,"thumbnail":false,"medium":false,"medium_large":false,"large":false,"1536x1536":false,"2048x2048":false},"uagb_author_info":{"display_name":"Jornal da Constru\u00e7\u00e3o Civil","author_link":"https:\/\/construcaocivil.siriusmarketingedesign.com.br\/?author=1"},"uagb_comment_info":0,"uagb_excerpt":"Salgueiro e Vila Isabel, do grupo Especial e a Porto da Pedra, do grupo de Acesso explodiram literalmente a Sapuca\u00ed. Fevereiro, 2017 &#8211; Ingredientes como anima\u00e7\u00e3o, alegria e descontra\u00e7\u00e3o fizeram dos foli\u00f5es que v\u00e3o aos Ensaios T\u00e9cnicos o sucesso ao passar de cada escola de samba. \u00c9 f\u00e1cil perceber? Claro, as arquibancadas lotadas. Uma verdadeira&hellip;","_links":{"self":[{"href":"https:\/\/construcaocivil.siriusmarketingedesign.com.br\/index.php?rest_route=\/wp\/v2\/posts\/4951","targetHints":{"allow":["GET"]}}],"collection":[{"href":"https:\/\/construcaocivil.siriusmarketingedesign.com.br\/index.php?rest_route=\/wp\/v2\/posts"}],"about":[{"href":"https:\/\/construcaocivil.siriusmarketingedesign.com.br\/index.php?rest_route=\/wp\/v2\/types\/post"}],"author":[{"embeddable":true,"href":"https:\/\/construcaocivil.siriusmarketingedesign.com.br\/index.php?rest_route=\/wp\/v2\/users\/1"}],"replies":[{"embeddable":true,"href":"https:\/\/construcaocivil.siriusmarketingedesign.com.br\/index.php?rest_route=%2Fwp%2Fv2%2Fcomments&post=4951"}],"version-history":[{"count":0,"href":"https:\/\/construcaocivil.siriusmarketingedesign.com.br\/index.php?rest_route=\/wp\/v2\/posts\/4951\/revisions"}],"wp:attachment":[{"href":"https:\/\/construcaocivil.siriusmarketingedesign.com.br\/index.php?rest_route=%2Fwp%2Fv2%2Fmedia&parent=4951"}],"wp:term":[{"taxonomy":"category","embeddable":true,"href":"https:\/\/construcaocivil.siriusmarketingedesign.com.br\/index.php?rest_route=%2Fwp%2Fv2%2Fcategories&post=4951"},{"taxonomy":"post_tag","embeddable":true,"href":"https:\/\/construcaocivil.siriusmarketingedesign.com.br\/index.php?rest_route=%2Fwp%2Fv2%2Ftags&post=4951"}],"curies":[{"name":"wp","href":"https:\/\/api.w.org\/{rel}","templated":true}]}}