{"id":4955,"date":"2017-02-09T17:33:34","date_gmt":"2017-02-09T20:33:34","guid":{"rendered":"http:\/\/www.jornaldaconstrucaocivil.com.br\/?p=4955"},"modified":"2017-02-09T17:33:34","modified_gmt":"2017-02-09T20:33:34","slug":"conselho-de-arquitetura-e-urbanismo-do-rio-de-janeiro-em-nova-sede-a-partir-de-13-de-fevereiro","status":"publish","type":"post","link":"https:\/\/construcaocivil.siriusmarketingedesign.com.br\/?p=4955","title":{"rendered":"Conselho de Arquitetura e Urbanismo do Rio de Janeiro em nova sede a partir de 13 de fevereiro"},"content":{"rendered":"<p style=\"text-align: justify;\"><span style=\"color: #000000;\"><strong><em>Nova instala\u00e7\u00e3o contar\u00e1 com sala de aula, audit\u00f3rio, biblioteca e toda a infraestrutura necess\u00e1ria para melhor atender os profissionais da \u00e1rea<\/em><\/strong><\/span><\/p>\n<p style=\"text-align: justify;\"><span style=\"color: #000000;\"><span style=\"color: #ff0000;\">Fevereiro, 2017<\/span> &#8211; O Conselho de Arquitetura e Urbanismo do Rio de Janeiro (CAU\/RJ) estar\u00e1 em sua sede pr\u00f3pria na pr\u00f3xima semana. A partir de 13 de fevereiro, o CAU\/RJ passar\u00e1 a funcionar no\u00a023\u00ba andar\u00a0do\u00a0Centro Empresarial Castelo Branco, situado na Avenida Rep\u00fablica do Chile 230, no Centro da Cidade. Excepcionalmente, no dia 13, o atendimento aos profissionais come\u00e7ar\u00e1 \u00e0s 12h. Nesta sexta-feira (10\/02), devido \u00e0 mudan\u00e7a, n\u00e3o haver\u00e1 atendimento.<\/span><\/p>\n<p style=\"text-align: justify;\"><span style=\"color: #000000;\"><span style=\"color: #000080;\"><em>\u201cA atual sede, um conjunto alugado na Rua Evaristo da Veiga, n\u00e3o oferece espa\u00e7o para amplia\u00e7\u00e3o. \u00a0N\u00e3o proporciona aos arquitetos e urbanistas benef\u00edcios local adequado para a realiza\u00e7\u00e3o de eventos ou cursos, por exemplo. Al\u00e9m disso, o pr\u00e9dio em que estamos hoje n\u00e3o considera as normas de acessibilidade\u201d<\/em><\/span>, explicou Jer\u00f4nimo de Moraes, presidente do CAU\/RJ.<\/span><\/p>\n<p style=\"text-align: justify;\"><span style=\"color: #000000;\">No novo endere\u00e7o, nos pr\u00f3ximos meses, o CAU\/RJ poder\u00e1 oferecer aos profissionais e estudantes uma infraestrutura adequada com sala de aula, audit\u00f3rio. Entre os projetos est\u00e1 o de uma biblioteca especializada.<\/span><\/p>\n<p style=\"text-align: justify;\"><span style=\"color: #000000;\">Durante seis meses, uma Comiss\u00e3o formada por cinco conselheiros estudou em profundidade o mercado imobili\u00e1rio e as condi\u00e7\u00f5es de acesso \u00e0 regi\u00e3o central da cidade at\u00e9 encontrar a melhor alternativa. O Conselho canalizou parte dos recursos para aquisi\u00e7\u00e3o e negociou um pre\u00e7o cerca de 30% abaixo do valor de mercado.<\/span><\/p>\n<p style=\"text-align: justify;\"><span style=\"color: #000000;\"><strong>Sobre o CAU<\/strong><\/span><\/p>\n<p style=\"text-align: justify;\"><span style=\"color: #000000;\">Criado pela Lei Federal 12.378 de 31 de dezembro de 2010, o Conselho de Arquitetura e Urbanismo, autarquia dotada de personalidade jur\u00eddica de direito p\u00fablico, com autonomia administrativa, financeira e estrutura federativa, que regulamenta as atividades de arquitetura e urbanismo no pa\u00eds.\u00a0<\/span><\/p>\n<p style=\"text-align: justify;\"><span style=\"color: #000000;\">Site:\u00a0<strong><span style=\"color: #0000ff;\"><a style=\"color: #0000ff;\" href=\"http:\/\/www.caurj.gov.br\/\">www.caurj.gov.br<\/a><\/span><\/strong><\/span><\/p>\n<p>&nbsp;<\/p>\n","protected":false},"excerpt":{"rendered":"<p>Nova instala\u00e7\u00e3o contar\u00e1 com sala de aula, audit\u00f3rio, biblioteca e toda a infraestrutura necess\u00e1ria para melhor atender os profissionais da \u00e1rea Fevereiro, 2017 &#8211; O Conselho de Arquitetura e Urbanismo do Rio de Janeiro (CAU\/RJ) estar\u00e1 em sua sede pr\u00f3pria na pr\u00f3xima semana. A partir de 13 de fevereiro, o CAU\/RJ passar\u00e1 a funcionar no\u00a023\u00ba [&hellip;]<\/p>\n","protected":false},"author":1,"featured_media":0,"comment_status":"open","ping_status":"open","sticky":false,"template":"","format":"standard","meta":{"_uag_custom_page_level_css":"","footnotes":""},"categories":[27],"tags":[909,2137,2774,4387,6510,8211,9371,9533],"class_list":["post-4955","post","type-post","status-publish","format-standard","hentry","category-acontece","tag-arquitetos-e-urbanistas","tag-centro-rj","tag-conselho-de-arquitetura-e-urbanismo-rj","tag-entro-empresarial-castelo-branco","tag-jeronimo-de-moraes","tag-nova-sede","tag-presidente-do-caurj","tag-profissionais"],"blocksy_meta":[],"spectra_blocks_featured_image_url":null,"spectra_blocks_author_info":{"display_name":"Jornal da Constru\u00e7\u00e3o Civil","avatar_url":"https:\/\/secure.gravatar.com\/avatar\/973c9774fd44ddaceb026973c4962faa70fc512bc4c9da68e8ebb40fecee6540?s=96&d=mm&r=g","author_link":"https:\/\/construcaocivil.siriusmarketingedesign.com.br\/?author=1","description":"Desde de 2013, levando muitas informa\u00e7\u00f5es, lan\u00e7amentos e produtos de qualidade para toda cadeia produtiva da constru\u00e7\u00e3o. O Futuro da constru\u00e7\u00e3o passa por aqui,"},"uagb_featured_image_src":{"full":false,"thumbnail":false,"medium":false,"medium_large":false,"large":false,"1536x1536":false,"2048x2048":false},"uagb_author_info":{"display_name":"Jornal da Constru\u00e7\u00e3o Civil","author_link":"https:\/\/construcaocivil.siriusmarketingedesign.com.br\/?author=1"},"uagb_comment_info":0,"uagb_excerpt":"Nova instala\u00e7\u00e3o contar\u00e1 com sala de aula, audit\u00f3rio, biblioteca e toda a infraestrutura necess\u00e1ria para melhor atender os profissionais da \u00e1rea Fevereiro, 2017 &#8211; O Conselho de Arquitetura e Urbanismo do Rio de Janeiro (CAU\/RJ) estar\u00e1 em sua sede pr\u00f3pria na pr\u00f3xima semana. A partir de 13 de fevereiro, o CAU\/RJ passar\u00e1 a funcionar no\u00a023\u00ba&hellip;","_links":{"self":[{"href":"https:\/\/construcaocivil.siriusmarketingedesign.com.br\/index.php?rest_route=\/wp\/v2\/posts\/4955","targetHints":{"allow":["GET"]}}],"collection":[{"href":"https:\/\/construcaocivil.siriusmarketingedesign.com.br\/index.php?rest_route=\/wp\/v2\/posts"}],"about":[{"href":"https:\/\/construcaocivil.siriusmarketingedesign.com.br\/index.php?rest_route=\/wp\/v2\/types\/post"}],"author":[{"embeddable":true,"href":"https:\/\/construcaocivil.siriusmarketingedesign.com.br\/index.php?rest_route=\/wp\/v2\/users\/1"}],"replies":[{"embeddable":true,"href":"https:\/\/construcaocivil.siriusmarketingedesign.com.br\/index.php?rest_route=%2Fwp%2Fv2%2Fcomments&post=4955"}],"version-history":[{"count":0,"href":"https:\/\/construcaocivil.siriusmarketingedesign.com.br\/index.php?rest_route=\/wp\/v2\/posts\/4955\/revisions"}],"wp:attachment":[{"href":"https:\/\/construcaocivil.siriusmarketingedesign.com.br\/index.php?rest_route=%2Fwp%2Fv2%2Fmedia&parent=4955"}],"wp:term":[{"taxonomy":"category","embeddable":true,"href":"https:\/\/construcaocivil.siriusmarketingedesign.com.br\/index.php?rest_route=%2Fwp%2Fv2%2Fcategories&post=4955"},{"taxonomy":"post_tag","embeddable":true,"href":"https:\/\/construcaocivil.siriusmarketingedesign.com.br\/index.php?rest_route=%2Fwp%2Fv2%2Ftags&post=4955"}],"curies":[{"name":"wp","href":"https:\/\/api.w.org\/{rel}","templated":true}]}}