{"id":4957,"date":"2017-02-09T19:08:08","date_gmt":"2017-02-09T22:08:08","guid":{"rendered":"http:\/\/www.jornaldaconstrucaocivil.com.br\/?p=4957"},"modified":"2017-02-09T19:08:08","modified_gmt":"2017-02-09T22:08:08","slug":"fne-defende-nacionalizacao-dos-investimentos-da-petrobras-em-reuniao-da-frente-parlamentar-da-engenharia-na-camara-dos-deputados","status":"publish","type":"post","link":"https:\/\/construcaocivil.siriusmarketingedesign.com.br\/?p=4957","title":{"rendered":"FNE defende nacionaliza\u00e7\u00e3o dos investimentos da Petrobras em reuni\u00e3o da  Frente Parlamentar da Engenharia na C\u00e2mara dos Deputados"},"content":{"rendered":"<p style=\"text-align: justify;\"><span style=\"color: #000000;\">Em reuni\u00e3o realizada nesta quinta-feira (9\/2) senadores, deputados e entidades representativas da engenharia, dos trabalhadores e do setor industrial criticaram a decis\u00e3o da Petrobras de excluir empresas brasileiras da licita\u00e7\u00e3o para retomada das obras do Comperj, no Rio de Janeiro<\/span><\/p>\n<p>&nbsp;<\/p>\n<p style=\"text-align: justify;\"><a href=\"http:\/\/www.jornaldaconstrucaocivil.com.br\/wp-content\/uploads\/2017\/02\/FNE-PETROBRAS.jpg\"><img loading=\"lazy\" decoding=\"async\" class=\"wp-image-4960 alignleft\" src=\"http:\/\/www.jornaldaconstrucaocivil.com.br\/wp-content\/uploads\/2017\/02\/FNE-PETROBRAS-1024x659.jpg\" alt=\"FNE PETROBRAS\" width=\"307\" height=\"198\" \/><\/a><\/p>\n<p style=\"text-align: justify;\"><span style=\"color: #000000;\">O presidente da Federa\u00e7\u00e3o Nacional dos Engenheiros (FNE), Murilo Pinheiro, fez nesta quinta-feira (9\/2), na C\u00e2mara dos Deputados, a defesa da participa\u00e7\u00e3o da engenharia nacional e das empresas que atuam no Brasil nos projetos da Petrobras.<\/span><\/p>\n<p style=\"text-align: justify;\"><span style=\"color: #000000;\">Presente \u00e0 segunda reuni\u00e3o da Frente Parlamentar Mista da Engenharia, Infraestrutura e Desenvolvimento Nacional, ele ressaltou ser necess\u00e1rio assegurar que haja competi\u00e7\u00e3o, mantendo-se a pol\u00edtica de conte\u00fado local e sem excluir as companhias que t\u00eam expertise no pa\u00eds.<\/span><\/p>\n<p style=\"text-align: justify;\"><span style=\"color: #000000;\">A avalia\u00e7\u00e3o do presidente da FNE vem ap\u00f3s a Petrobras ter decidido, em janeiro, retomar as obras para a conclus\u00e3o do Complexo Petroqu\u00edmico do Rio de Janeiro (Comperj) abrindo licita\u00e7\u00e3o restrita a empresas estrangeiras, n\u00e3o permitindo a empresas brasileiras participarem da concorr\u00eancia.<\/span><\/p>\n<p style=\"text-align: justify;\"><span style=\"color: #000000;\">Outra quest\u00e3o em debate no pa\u00eds \u00e9 a defini\u00e7\u00e3o do percentual de contrata\u00e7\u00e3o de conte\u00fado local a ser exigido para as pr\u00f3ximas rodadas de leil\u00f5es de petr\u00f3leo e g\u00e1s.<\/span><\/p>\n<p style=\"text-align: justify;\"><span style=\"color: #000000;\">As preocupa\u00e7\u00f5es levantadas por Murilo Pinheiro foram o ponto central da discuss\u00e3o da Frente Parlamentar realizada nesta quinta-feira, que se estendeu por cerca de quatro horas.<\/span><\/p>\n<p style=\"text-align: justify;\"><span style=\"color: #000000;\">Como encaminhamento sobre o tema, o presidente da Frente Parlamentar da Engenharia, Infraestrutura e Desenvolvimento Nacional, Ronaldo Lessa (PDT\/AL), anunciou a forma\u00e7\u00e3o de um grupo, com participa\u00e7\u00e3o da FNE, para gest\u00f5es junto aos ministros da Casa Civil e do Minist\u00e9rio de Minas e Energia. O grupo defender\u00e1, junto aos membros do governo federal, uma pol\u00edtica de conte\u00fado nacional que contemple os interesses nacionais de gera\u00e7\u00e3o de conhecimento, tecnologia e empregos da m\u00e3o de obra nacional.<\/span><\/p>\n<p style=\"text-align: justify;\"><span style=\"color: #000000;\">Durante a reuni\u00e3o da frente, foi decidida tamb\u00e9m a realiza\u00e7\u00e3o de uma audi\u00eancia p\u00fablica espec\u00edfica para debater a postura da Petrobras de exclus\u00e3o de empresas brasileiras dos programas de investimento. <em><span style=\"color: #000080;\">&#8220;Faremos uma audi\u00eancia para debater essa licita\u00e7\u00e3o a Petrobras. As entidades patronais e de classe da engenharia est\u00e3o preocupadas em rela\u00e7\u00e3o a isso&#8221;<\/span><\/em>, comentou o deputado Lessa.<\/span><\/p>\n<p style=\"text-align: justify;\"><span style=\"color: #000000;\"><strong>Voca\u00e7\u00e3o da Petrobras<\/strong> &#8211; Em reuni\u00e3o lotada, parlamentares, engenheiros e empres\u00e1rios, fizeram defesa veemente da nacionaliza\u00e7\u00e3o dos investimentos da Petrobras, pedindo que a companhia reverta a decis\u00e3o e permitindo \u00e0s empresas brasileiras a participa\u00e7\u00e3o na licita\u00e7\u00e3o de obras de conclus\u00e3o do Comperj.<\/span><\/p>\n<p style=\"text-align: justify;\"><span style=\"color: #000000;\">A senadora L\u00eddice da Matta (PSB\/BA) fez um apelo ao resgate da voca\u00e7\u00e3o da companhia petrol\u00edfera. <span style=\"color: #000080;\"><em>&#8220;Temos centenas de engenheiros que est\u00e3o sem poder se reposicionar no mercado de trabalho. A Petrobras foi criada pelo ideal do nacionalismo e, agora, n\u00e3o pode ser uma obstru\u00e7\u00e3o \u00e0 participa\u00e7\u00e3o das empresas brasileiras.&#8221;<\/em><\/span><\/span><\/p>\n<p style=\"text-align: justify;\"><span style=\"color: #000000;\">Presente ao encontro, o diretor jur\u00eddico da Federa\u00e7\u00e3o \u00danica dos Petroleiros (FUP), Leonardo Urpia, lembrou que a atua\u00e7\u00e3o da Petrobras est\u00e1 relacionada ao investimento, \u00e0 gera\u00e7\u00e3o de conhecimento e \u00e0 seguran\u00e7a energ\u00e9tica.<\/span><\/p>\n<p style=\"text-align: justify;\"><span style=\"color: #000000;\">A reuni\u00e3o da frente que ir\u00e1 discutir a situa\u00e7\u00e3o da Petrobras ser\u00e1 realizada ap\u00f3s o Carnaval em data a ser definida.<\/span><\/p>\n","protected":false},"excerpt":{"rendered":"<p>Em reuni\u00e3o realizada nesta quinta-feira (9\/2) senadores, deputados e entidades representativas da engenharia, dos trabalhadores e do setor industrial criticaram a decis\u00e3o da Petrobras de excluir empresas brasileiras da licita\u00e7\u00e3o para retomada das obras do Comperj, no Rio de Janeiro &nbsp; O presidente da Federa\u00e7\u00e3o Nacional dos Engenheiros (FNE), Murilo Pinheiro, fez nesta quinta-feira (9\/2), [&hellip;]<\/p>\n","protected":false},"author":1,"featured_media":4960,"comment_status":"open","ping_status":"open","sticky":false,"template":"","format":"standard","meta":{"_uag_custom_page_level_css":"","footnotes":""},"categories":[1],"tags":[1569,1717,2529,2963,4149,4907,4910,5246,7714,8014,8859,10279,10375],"class_list":["post-4957","post","type-post","status-publish","format-standard","has-post-thumbnail","hentry","category-sem-categoria","tag-brasilia","tag-camara-dos-deputados","tag-comperj","tag-construtoras","tag-emprego","tag-federacao-nacional-dos-engenheiros-fne","tag-federacao-unica-dos-petroleiros-fup","tag-frente-parlamentar-da-engenharia","tag-ministerio-de-minas-e-energia","tag-murilo-pinheiro","tag-petrobras","tag-retomada-do-crescimento","tag-rio-de-janeiro"],"blocksy_meta":[],"spectra_blocks_featured_image_url":[],"spectra_blocks_author_info":{"display_name":"Jornal da Constru\u00e7\u00e3o Civil","avatar_url":"https:\/\/secure.gravatar.com\/avatar\/973c9774fd44ddaceb026973c4962faa70fc512bc4c9da68e8ebb40fecee6540?s=96&d=mm&r=g","author_link":"https:\/\/construcaocivil.siriusmarketingedesign.com.br\/?author=1","description":"Desde de 2013, levando muitas informa\u00e7\u00f5es, lan\u00e7amentos e produtos de qualidade para toda cadeia produtiva da constru\u00e7\u00e3o. O Futuro da constru\u00e7\u00e3o passa por aqui,"},"uagb_featured_image_src":{"full":false,"thumbnail":false,"medium":false,"medium_large":false,"large":false,"1536x1536":false,"2048x2048":false},"uagb_author_info":{"display_name":"Jornal da Constru\u00e7\u00e3o Civil","author_link":"https:\/\/construcaocivil.siriusmarketingedesign.com.br\/?author=1"},"uagb_comment_info":0,"uagb_excerpt":"Em reuni\u00e3o realizada nesta quinta-feira (9\/2) senadores, deputados e entidades representativas da engenharia, dos trabalhadores e do setor industrial criticaram a decis\u00e3o da Petrobras de excluir empresas brasileiras da licita\u00e7\u00e3o para retomada das obras do Comperj, no Rio de Janeiro &nbsp; O presidente da Federa\u00e7\u00e3o Nacional dos Engenheiros (FNE), Murilo Pinheiro, fez nesta quinta-feira (9\/2),&hellip;","_links":{"self":[{"href":"https:\/\/construcaocivil.siriusmarketingedesign.com.br\/index.php?rest_route=\/wp\/v2\/posts\/4957","targetHints":{"allow":["GET"]}}],"collection":[{"href":"https:\/\/construcaocivil.siriusmarketingedesign.com.br\/index.php?rest_route=\/wp\/v2\/posts"}],"about":[{"href":"https:\/\/construcaocivil.siriusmarketingedesign.com.br\/index.php?rest_route=\/wp\/v2\/types\/post"}],"author":[{"embeddable":true,"href":"https:\/\/construcaocivil.siriusmarketingedesign.com.br\/index.php?rest_route=\/wp\/v2\/users\/1"}],"replies":[{"embeddable":true,"href":"https:\/\/construcaocivil.siriusmarketingedesign.com.br\/index.php?rest_route=%2Fwp%2Fv2%2Fcomments&post=4957"}],"version-history":[{"count":0,"href":"https:\/\/construcaocivil.siriusmarketingedesign.com.br\/index.php?rest_route=\/wp\/v2\/posts\/4957\/revisions"}],"wp:attachment":[{"href":"https:\/\/construcaocivil.siriusmarketingedesign.com.br\/index.php?rest_route=%2Fwp%2Fv2%2Fmedia&parent=4957"}],"wp:term":[{"taxonomy":"category","embeddable":true,"href":"https:\/\/construcaocivil.siriusmarketingedesign.com.br\/index.php?rest_route=%2Fwp%2Fv2%2Fcategories&post=4957"},{"taxonomy":"post_tag","embeddable":true,"href":"https:\/\/construcaocivil.siriusmarketingedesign.com.br\/index.php?rest_route=%2Fwp%2Fv2%2Ftags&post=4957"}],"curies":[{"name":"wp","href":"https:\/\/api.w.org\/{rel}","templated":true}]}}