{"id":4980,"date":"2017-02-10T16:33:04","date_gmt":"2017-02-10T19:33:04","guid":{"rendered":"http:\/\/www.jornaldaconstrucaocivil.com.br\/?p=4980"},"modified":"2017-02-10T16:33:04","modified_gmt":"2017-02-10T19:33:04","slug":"imoveis-voce-sabe-o-que-esta-comprando","status":"publish","type":"post","link":"https:\/\/construcaocivil.siriusmarketingedesign.com.br\/?p=4980","title":{"rendered":"Im\u00f3veis: voc\u00ea sabe o que est\u00e1 comprando?"},"content":{"rendered":"<p style=\"text-align: justify;\"><span style=\"color: #000080;\"><em><strong>Especialista explica os cuidados que os consumidores devem tomar na compra de um im\u00f3vel<\/strong><\/em><\/span><\/p>\n<figure id=\"attachment_4981\" aria-describedby=\"caption-attachment-4981\" style=\"width: 278px\" class=\"wp-caption alignleft\"><a href=\"http:\/\/www.jornaldaconstrucaocivil.com.br\/wp-content\/uploads\/2017\/02\/VivaVida_Ago_09.jpg-II.jpg\"><img loading=\"lazy\" decoding=\"async\" class=\"wp-image-4981\" src=\"http:\/\/www.jornaldaconstrucaocivil.com.br\/wp-content\/uploads\/2017\/02\/VivaVida_Ago_09.jpg-II-1024x683.jpg\" alt=\"VivaVida_Ago_09.jpg II\" width=\"278\" height=\"185\" \/><\/a><figcaption id=\"caption-attachment-4981\" class=\"wp-caption-text\"><span style=\"color: #ff0000;\">Condom\u00ednio Viva Vida, empreendimentos da Th\u00e1 Construtora. Cr\u00e9ditos: Divulga\u00e7\u00e3o <\/span><\/figcaption><\/figure>\n<p style=\"text-align: justify;\"><span style=\"color: #000000;\"><span style=\"color: #993300;\">Curitiba, 10\/02\/16<\/span> &#8211; Na hora de adquirir um im\u00f3vel, \u00e9 comum analisar informa\u00e7\u00f5es como pre\u00e7o, localiza\u00e7\u00e3o, n\u00famero de dormit\u00f3rios e vagas na garagem, que fazem a diferen\u00e7a na escolha. Mas, al\u00e9m desses itens, \u00e9 importante conhecer as nomenclaturas das \u00e1reas que se est\u00e1 comprando, evitando situa\u00e7\u00f5es que podem interferir na hora de bater o martelo.<\/span><\/p>\n<p style=\"text-align: justify;\"><span style=\"color: #000000;\">Conhecer as diferen\u00e7as entre a \u00e1rea total ou a privativa, por exemplo, \u00e9 importante para que o consumidor escolha o empreendimento que melhor se adequa \u00e0s suas necessidades. O supervisor comercial do Grupo Th\u00e1, Bruno Oliveira, explica que h\u00e1 diferen\u00e7as entre a \u00e1rea privativa e a \u00e1rea total de um empreendimento. Al\u00e9m disso, ele destaca que o consumidor deve ficar atento quando o assunto for a metragem da unidade que adquire.<\/span><\/p>\n<p style=\"text-align: justify;\"><span style=\"color: #000000;\"><span style=\"color: #000080;\"><em>\u201cNa hora de comprar um apartamento, \u00e9 comum o consumidor n\u00e3o ter conhecimento dos termos que o definem. Entre tantos pontos a serem observados, entender quanto espa\u00e7o o im\u00f3vel possui realmente pode causar confus\u00e3o\u201d<\/em><\/span>, afirma Oliveira.<\/span><\/p>\n<figure id=\"attachment_4982\" aria-describedby=\"caption-attachment-4982\" style=\"width: 251px\" class=\"wp-caption alignright\"><a href=\"http:\/\/www.jornaldaconstrucaocivil.com.br\/wp-content\/uploads\/2017\/02\/metragem.jpg-M-OK.jpg\"><img loading=\"lazy\" decoding=\"async\" class=\"wp-image-4982\" src=\"http:\/\/www.jornaldaconstrucaocivil.com.br\/wp-content\/uploads\/2017\/02\/metragem.jpg-M-OK.jpg\" alt=\"metragem.jpg M OK\" width=\"251\" height=\"251\" \/><\/a><figcaption id=\"caption-attachment-4982\" class=\"wp-caption-text\"><span style=\"color: #ff0000;\">Metragem. Cr\u00e9ditos: Divulg\u00e7\u00e3o<\/span><\/figcaption><\/figure>\n<p style=\"text-align: justify;\"><span style=\"color: #000000;\">Em suma, a \u00e1rea total \u00e9 a soma da \u00e1rea privativa com a fra\u00e7\u00e3o proporcional de cada espa\u00e7o comum do edif\u00edcio. J\u00e1 a \u00e1rea \u00fatil \u00e9 o que sobra da privativa descontando o espa\u00e7o ocupado pelas paredes. Est\u00e3o inclusos na \u00e1rea total itens como hall, corredor, sal\u00e3o de festas, piscina e espa\u00e7o gourmet, entre outros. O especialista orienta que no momento da decis\u00e3o da compra, \u00e9 essencial conhecer o tamanho das \u00e1reas privativa e comum inclu\u00eddas no pre\u00e7o. Dessa forma, o comprador pode analisar se o espa\u00e7o que est\u00e1 comprando \u00e9 adequado \u00e0s suas necessidades.<\/span><\/p>\n<p style=\"text-align: justify;\"><strong><span style=\"color: #000000;\">\u00c1rea privativa X \u00c1rea comum<\/span><\/strong><\/p>\n<p style=\"text-align: justify;\"><span style=\"color: #000000;\">Muitos consumidores n\u00e3o sabem, mas de acordo com a ABNT \u2013 Associa\u00e7\u00e3o Brasileira de Normas T\u00e9cnicas, as paredes tamb\u00e9m contam como \u00e1rea privativa de um im\u00f3vel. Tamb\u00e9m conhecida como \u00e1rea de vassoura, \u00fatil ou exclusiva, essa \u00e1rea faz parte de cada cent\u00edmetro que for de uso exclusivo do propriet\u00e1rio, ou seja, o im\u00f3vel em si.<\/span><\/p>\n<p style=\"text-align: justify;\"><span style=\"color: #000000;\">J\u00e1 as \u00e1reas comuns ou totais de um condom\u00ednio s\u00e3o aquelas que todos os moradores podem usufruir, como o hall de entrada, sal\u00f5es, piscina, escadas e corredores. Essas \u00e1reas s\u00e3o divididas entre os apartamentos e entram no c\u00e1lculo da \u00e1rea total do im\u00f3vel, que inclui a soma das \u00e1reas privativa, garagens e \u00e1rea comum.<\/span><\/p>\n<p style=\"text-align: justify;\"><strong><span style=\"color: #000000;\">E como fica o condom\u00ednio?<\/span><\/strong><\/p>\n<p style=\"text-align: justify;\"><span style=\"color: #000000;\">Outra grande preocupa\u00e7\u00e3o do p\u00fablico faz refer\u00eancia a t\u00e3o temida <span style=\"color: #993300;\">\u201ctaxa de condom\u00ednio\u201d<\/span>, que muitas vezes traz um valor fechado sem muita explica\u00e7\u00e3o. De acordo com Oliveira, o condom\u00ednio geralmente \u00e9 calculado basicamente baseado na fra\u00e7\u00e3o ideal do terreno.<em><span style=\"color: #000080;\"> \u201cO valor do condom\u00ednio \u00e9 calculado com base na parte ideal do terreno que cabe a cada unidade do empreendimento, considerando logicamente as despesas do condom\u00ednio\u201d<\/span><\/em>, detalha.<\/span><\/p>\n<p style=\"text-align: justify;\"><span style=\"color: #000000;\">Por esse motivo, o profissional sugere que as pessoas prestem muita aten\u00e7\u00e3o nos valores, que ser\u00e3o pagos mensalmente.<em><span style=\"color: #000080;\"> \u201c\u00c9 muito importante que o propriet\u00e1rio do im\u00f3vel tenha uma no\u00e7\u00e3o do que est\u00e1 pagando para n\u00e3o ser surpreendido. Mensalmente, tire alguns minutos para conferir as despesas e analisar se elas est\u00e3o dentro do previsto\u201d<\/span><\/em>, completa.<\/span><\/p>\n","protected":false},"excerpt":{"rendered":"<p>Especialista explica os cuidados que os consumidores devem tomar na compra de um im\u00f3vel Curitiba, 10\/02\/16 &#8211; Na hora de adquirir um im\u00f3vel, \u00e9 comum analisar informa\u00e7\u00f5es como pre\u00e7o, localiza\u00e7\u00e3o, n\u00famero de dormit\u00f3rios e vagas na garagem, que fazem a diferen\u00e7a na escolha. Mas, al\u00e9m desses itens, \u00e9 importante conhecer as nomenclaturas das \u00e1reas que [&hellip;]<\/p>\n","protected":false},"author":1,"featured_media":4981,"comment_status":"open","ping_status":"open","sticky":false,"template":"","format":"standard","meta":{"_uag_custom_page_level_css":"","footnotes":""},"categories":[30],"tags":[2563,2576,2959,3247,3269,4139,5921,6153,7622,8175,11533],"class_list":["post-4980","post","type-post","status-publish","format-standard","has-post-thumbnail","hentry","category-imoveis","tag-compra-de-imovel","tag-comprador","tag-construtora-tha","tag-cuidados","tag-curitiba-pr","tag-empreendimentos-imobiliarios","tag-imoveis","tag-inquilino","tag-metragem","tag-norte-do-parana","tag-taxa-de-condominio"],"blocksy_meta":[],"spectra_blocks_featured_image_url":[],"spectra_blocks_author_info":{"display_name":"Jornal da Constru\u00e7\u00e3o Civil","avatar_url":"https:\/\/secure.gravatar.com\/avatar\/973c9774fd44ddaceb026973c4962faa70fc512bc4c9da68e8ebb40fecee6540?s=96&d=mm&r=g","author_link":"https:\/\/construcaocivil.siriusmarketingedesign.com.br\/?author=1","description":"Desde de 2013, levando muitas informa\u00e7\u00f5es, lan\u00e7amentos e produtos de qualidade para toda cadeia produtiva da constru\u00e7\u00e3o. O Futuro da constru\u00e7\u00e3o passa por aqui,"},"uagb_featured_image_src":{"full":false,"thumbnail":false,"medium":false,"medium_large":false,"large":false,"1536x1536":false,"2048x2048":false},"uagb_author_info":{"display_name":"Jornal da Constru\u00e7\u00e3o Civil","author_link":"https:\/\/construcaocivil.siriusmarketingedesign.com.br\/?author=1"},"uagb_comment_info":0,"uagb_excerpt":"Especialista explica os cuidados que os consumidores devem tomar na compra de um im\u00f3vel Curitiba, 10\/02\/16 &#8211; Na hora de adquirir um im\u00f3vel, \u00e9 comum analisar informa\u00e7\u00f5es como pre\u00e7o, localiza\u00e7\u00e3o, n\u00famero de dormit\u00f3rios e vagas na garagem, que fazem a diferen\u00e7a na escolha. Mas, al\u00e9m desses itens, \u00e9 importante conhecer as nomenclaturas das \u00e1reas que&hellip;","_links":{"self":[{"href":"https:\/\/construcaocivil.siriusmarketingedesign.com.br\/index.php?rest_route=\/wp\/v2\/posts\/4980","targetHints":{"allow":["GET"]}}],"collection":[{"href":"https:\/\/construcaocivil.siriusmarketingedesign.com.br\/index.php?rest_route=\/wp\/v2\/posts"}],"about":[{"href":"https:\/\/construcaocivil.siriusmarketingedesign.com.br\/index.php?rest_route=\/wp\/v2\/types\/post"}],"author":[{"embeddable":true,"href":"https:\/\/construcaocivil.siriusmarketingedesign.com.br\/index.php?rest_route=\/wp\/v2\/users\/1"}],"replies":[{"embeddable":true,"href":"https:\/\/construcaocivil.siriusmarketingedesign.com.br\/index.php?rest_route=%2Fwp%2Fv2%2Fcomments&post=4980"}],"version-history":[{"count":0,"href":"https:\/\/construcaocivil.siriusmarketingedesign.com.br\/index.php?rest_route=\/wp\/v2\/posts\/4980\/revisions"}],"wp:attachment":[{"href":"https:\/\/construcaocivil.siriusmarketingedesign.com.br\/index.php?rest_route=%2Fwp%2Fv2%2Fmedia&parent=4980"}],"wp:term":[{"taxonomy":"category","embeddable":true,"href":"https:\/\/construcaocivil.siriusmarketingedesign.com.br\/index.php?rest_route=%2Fwp%2Fv2%2Fcategories&post=4980"},{"taxonomy":"post_tag","embeddable":true,"href":"https:\/\/construcaocivil.siriusmarketingedesign.com.br\/index.php?rest_route=%2Fwp%2Fv2%2Ftags&post=4980"}],"curies":[{"name":"wp","href":"https:\/\/api.w.org\/{rel}","templated":true}]}}