{"id":499,"date":"2015-12-02T00:52:27","date_gmt":"2015-12-02T00:52:27","guid":{"rendered":"http:\/\/www.jornaldaconstrucaocivil.com.br\/?p=499"},"modified":"2015-12-02T00:52:27","modified_gmt":"2015-12-02T00:52:27","slug":"acoes-da-prefeitura-de-macae-minimizam-impactos-da-chuva","status":"publish","type":"post","link":"https:\/\/construcaocivil.siriusmarketingedesign.com.br\/?p=499","title":{"rendered":"A\u00e7\u00f5es da prefeitura de Maca\u00e9 minimizam impactos da chuva"},"content":{"rendered":"<p><strong>Por\u00a0Tatiana Gama<\/strong><\/p>\n<p><strong><span style=\"color: #000000;\">Em novembro de 2015, choveu mais que o dobro do mesmo per\u00edodo no ano passado, em Maca\u00e9, segundo dados da Defesa Civil. <\/span><\/strong><\/p>\n<p><span style=\"color: #000000;\">Em 2014, foram registrados 86mm e, este ano, o acumulado foi de 202mm. De acordo com o prefeito Dr. Alu\u00edzio, que vistoriou diversos pontos da cidade, nesta ter\u00e7a-feira (1\u00ba), o canal extravasor da Lagoa de Imboassica foi aberto para evitar o transbordamento.<\/span><\/p>\n<figure id=\"attachment_500\" aria-describedby=\"caption-attachment-500\" style=\"width: 254px\" class=\"wp-caption alignleft\"><a href=\"http:\/\/www.jornaldaconstrucaocivil.com.br\/wp-content\/uploads\/2015\/12\/CHUVA-MACAE.jpg\"><img loading=\"lazy\" decoding=\"async\" class=\" wp-image-500\" src=\"http:\/\/www.jornaldaconstrucaocivil.com.br\/wp-content\/uploads\/2015\/12\/CHUVA-MACAE-300x200.jpg\" alt=\"Lagoa de Imboassica transborda ap\u00f3s chuvas. Maca\u00e9\/RJ. Data: 01\/12\/2015. Foto: Rui Porto Filho \/ Prefeitura de Maca\u00e9\" width=\"254\" height=\"169\" \/><\/a><figcaption id=\"caption-attachment-500\" class=\"wp-caption-text\"><span style=\"color: #ff0000;\">Lagoa de Imboassica transborda ap\u00f3s chuvas. Maca\u00e9\/RJ. Data: 01\/12\/2015. Foto: Rui Porto Filho \/ Prefeitura de Maca\u00e9<\/span><\/figcaption><\/figure>\n<p><span style=\"color: #000000;\">&#8211; Todos os \u00f3rg\u00e3os da prefeitura est\u00e3o atuando em parceria nesse per\u00edodo chuvoso. As seis bombas na elevat\u00f3ria T\u00e9lio Barreto cumpriram o seu papel e tivemos uma vaz\u00e3o r\u00e1pida, mesmo com a intensidade das \u00e1guas &#8211; disse o prefeito.<\/span><\/p>\n<p><span style=\"color: #000000;\">Segundo dados da secretaria de Ambiente, o n\u00edvel da Lagoa de Imboassica aumentou quase 20 cent\u00edmetros de segunda (30) para ter\u00e7a-feira (1\u00ba), chegando a marca de 1,5 metro, quando o normal, fora do per\u00edodo de chuva, \u00e9 de 70 cent\u00edmetros. O estado de aten\u00e7\u00e3o no recurso h\u00eddrico \u00e9 entre 90 cent\u00edmetros e 1,2 metro. Ap\u00f3s esse registro, a orienta\u00e7\u00e3o \u00e9 abrir o canal extravasor. Todos os \u00f3rg\u00e3os ambientais foram informados da medida e, ainda, a Prefeitura de Rio das Ostras, que tem limite com a Lagoa.<\/span><\/p>\n<p><span style=\"color: #000000;\">Nesta segunda-feira (30), conforme a Defesa Civil, choveu 32,8mm. N\u00e3o houve pedidos de remo\u00e7\u00e3o e registro de quedas de \u00e1rvores no telefone 199. A previs\u00e3o para esta ter\u00e7a-feira ( 1\u00ba), no acumulado, \u00e9 de 40mm de chuvas.<\/span><\/p>\n<p>Desde o dia 21 de novembro, a prefeitura, em parceria com v\u00e1rias secretarias, realiza a\u00e7\u00f5es na Ladeira de Santana. J\u00e1 foram transferidas 39 fam\u00edlias para o condom\u00ednio Bosque Azul,\u00a0dos Programas Minha Casa, Minha Vida\/Habitar Legal. Neste per\u00edodo, j\u00e1 foram demolidas 22 resid\u00eancias, de um total de 77 condenadas pela Defesa Civil nessa \u00e1rea de risco.<\/p>\n<p><span style=\"color: #000000;\">&#8211; O governo acertou em se antecipar para retirar as fam\u00edlias da Ladeira de Santana e Morro de S\u00e3o Jorge, \u00e1reas com maior risco de deslizamento na cidade. As demoli\u00e7\u00f5es continuam e a ideia \u00e9 evitar que outras fam\u00edlias ocupem essas \u00e1reas &#8211; afirmou Dr. Alu\u00edzio.\u00a0\u00a0<\/span><\/p>\n<p>A Defesa Civil segue com o monitoramento em diversos pontos do munic\u00edpio.<\/p>\n<p>Fonte: Ascom\/Maca\u00e9-RJ<\/p>\n","protected":false},"excerpt":{"rendered":"<p>Por\u00a0Tatiana Gama Em novembro de 2015, choveu mais que o dobro do mesmo per\u00edodo no ano passado, em Maca\u00e9, segundo dados da Defesa Civil. Em 2014, foram registrados 86mm e, este ano, o acumulado foi de 202mm. De acordo com o prefeito Dr. Alu\u00edzio, que vistoriou diversos pontos da cidade, nesta ter\u00e7a-feira (1\u00ba), o canal [&hellip;]<\/p>\n","protected":false},"author":1,"featured_media":500,"comment_status":"open","ping_status":"open","sticky":false,"template":"","format":"standard","meta":{"_uag_custom_page_level_css":"","footnotes":""},"categories":[31],"tags":[2223,3411,6658,7106],"class_list":["post-499","post","type-post","status-publish","format-standard","has-post-thumbnail","hentry","category-infraestrutura","tag-chuva","tag-defesa-civil","tag-ladeira-de-santana-e-morro-de-santana","tag-macae"],"blocksy_meta":[],"spectra_blocks_featured_image_url":[],"spectra_blocks_author_info":{"display_name":"Jornal da Constru\u00e7\u00e3o Civil","avatar_url":"https:\/\/secure.gravatar.com\/avatar\/973c9774fd44ddaceb026973c4962faa70fc512bc4c9da68e8ebb40fecee6540?s=96&d=mm&r=g","author_link":"https:\/\/construcaocivil.siriusmarketingedesign.com.br\/?author=1","description":"Desde de 2013, levando muitas informa\u00e7\u00f5es, lan\u00e7amentos e produtos de qualidade para toda cadeia produtiva da constru\u00e7\u00e3o. O Futuro da constru\u00e7\u00e3o passa por aqui,"},"uagb_featured_image_src":{"full":false,"thumbnail":false,"medium":false,"medium_large":false,"large":false,"1536x1536":false,"2048x2048":false},"uagb_author_info":{"display_name":"Jornal da Constru\u00e7\u00e3o Civil","author_link":"https:\/\/construcaocivil.siriusmarketingedesign.com.br\/?author=1"},"uagb_comment_info":0,"uagb_excerpt":"Por\u00a0Tatiana Gama Em novembro de 2015, choveu mais que o dobro do mesmo per\u00edodo no ano passado, em Maca\u00e9, segundo dados da Defesa Civil. Em 2014, foram registrados 86mm e, este ano, o acumulado foi de 202mm. De acordo com o prefeito Dr. Alu\u00edzio, que vistoriou diversos pontos da cidade, nesta ter\u00e7a-feira (1\u00ba), o canal&hellip;","_links":{"self":[{"href":"https:\/\/construcaocivil.siriusmarketingedesign.com.br\/index.php?rest_route=\/wp\/v2\/posts\/499","targetHints":{"allow":["GET"]}}],"collection":[{"href":"https:\/\/construcaocivil.siriusmarketingedesign.com.br\/index.php?rest_route=\/wp\/v2\/posts"}],"about":[{"href":"https:\/\/construcaocivil.siriusmarketingedesign.com.br\/index.php?rest_route=\/wp\/v2\/types\/post"}],"author":[{"embeddable":true,"href":"https:\/\/construcaocivil.siriusmarketingedesign.com.br\/index.php?rest_route=\/wp\/v2\/users\/1"}],"replies":[{"embeddable":true,"href":"https:\/\/construcaocivil.siriusmarketingedesign.com.br\/index.php?rest_route=%2Fwp%2Fv2%2Fcomments&post=499"}],"version-history":[{"count":0,"href":"https:\/\/construcaocivil.siriusmarketingedesign.com.br\/index.php?rest_route=\/wp\/v2\/posts\/499\/revisions"}],"wp:attachment":[{"href":"https:\/\/construcaocivil.siriusmarketingedesign.com.br\/index.php?rest_route=%2Fwp%2Fv2%2Fmedia&parent=499"}],"wp:term":[{"taxonomy":"category","embeddable":true,"href":"https:\/\/construcaocivil.siriusmarketingedesign.com.br\/index.php?rest_route=%2Fwp%2Fv2%2Fcategories&post=499"},{"taxonomy":"post_tag","embeddable":true,"href":"https:\/\/construcaocivil.siriusmarketingedesign.com.br\/index.php?rest_route=%2Fwp%2Fv2%2Ftags&post=499"}],"curies":[{"name":"wp","href":"https:\/\/api.w.org\/{rel}","templated":true}]}}