{"id":5010,"date":"2017-02-15T12:33:50","date_gmt":"2017-02-15T15:33:50","guid":{"rendered":"http:\/\/www.jornaldaconstrucaocivil.com.br\/?p=5010"},"modified":"2017-02-15T12:33:50","modified_gmt":"2017-02-15T15:33:50","slug":"artigo-o-que-esperar-de-2017","status":"publish","type":"post","link":"https:\/\/construcaocivil.siriusmarketingedesign.com.br\/?p=5010","title":{"rendered":"Artigo: O que esperar de 2017?"},"content":{"rendered":"<p style=\"text-align: justify;\"><span style=\"color: #000080;\"><em>Por Artur Schuler da Igreja\u00a0<\/em><\/span><\/p>\n<p style=\"text-align: justify;\"><span style=\"color: #000000;\"><span style=\"color: #993300;\"><span style=\"color: #003300;\">Fevereiro, 2017 &#8211;<\/span> &#8221;No Brasil, at\u00e9 o passado \u00e9 incerto\u2019\u2019<\/span>. A c\u00e9lebre frase do ex-ministro da fazenda Pedro Malan define o risco em se fazer progn\u00f3sticos neste momento. Contudo, estou certo de que o leitor concorda que na inst\u00e1vel tempestade \u00e9 melhor contar com uma b\u00fassola, mesmo que imprecisa.\u00a0 Vamos aos progn\u00f3sticos para 2017.<\/span><\/p>\n<p style=\"text-align: justify;\"><span style=\"color: #000000;\">Ap\u00f3s passar pela pior recess\u00e3o da hist\u00f3ria brasileira (sim, o efeito total \u00e9 maior do que qualquer coisa que tenhamos passado na d\u00e9cada perdida de 1980), estou certo de que o pior j\u00e1 passou. Muitos foram pegos de surpresa no in\u00edcio de 2015, mas a situa\u00e7\u00e3o macroecon\u00f4mica j\u00e1 se agravava severamente desde 2014. No in\u00edcio de 2016, o governo colheu o resultado de anos de seu completo desastre: infla\u00e7\u00e3o e desemprego acima de dois d\u00edgitos, economia encolhendo, necessidade de aumento da taxa de juros e grave crise fiscal.<\/span><\/p>\n<p style=\"text-align: justify;\"><span style=\"color: #000000;\">Atualmente temos infla\u00e7\u00e3o controlada e rumando ao centro da meta, menor interven\u00e7\u00e3o cambial pelo Banco Central e a busca pelo equil\u00edbrio fiscal, no \u00e2mbito federal pelo menos. Nesta conjuntura, devemos encerrar 2017 com crescimento pr\u00f3ximo a 0.5%,<\/span><\/p>\n<p style=\"text-align: justify;\"><span style=\"color: #000000;\">O emprego deve voltar no segundo semestre. Precisamos deste impulso j\u00e1 que muitas fam\u00edlias t\u00eam hoje desempregados e, ou inadimplentes. Segundo levantamento do Fecomercio, o Paran\u00e1 lidera o ranking de fam\u00edlias endividadas, com a maior parte comprometidas com cart\u00f5es de cr\u00e9dito ou de lojas. N\u00e3o ser\u00e1 por novos artificiais est\u00edmulos de cr\u00e9dito que teremos uma recupera\u00e7\u00e3o sustent\u00e1vel.<\/span><\/p>\n<p style=\"text-align: justify;\"><span style=\"color: #000000;\">No radar, temos o potencial bomb\u00e1stico da dela\u00e7\u00e3o da Odebrecht, o processo do TSE contra a chapa Dilma-Temer e o avan\u00e7o da Lava-Jato. Estes temas s\u00e3o muito delicados e a inesperada morte do ministro Teori Zavascki deve trazer alguma lentid\u00e3o no curto prazo. O governo Temer tem se beneficiado da impopularidade para tocar em feridas doloridas, tais como teto dos gatos, previd\u00eancia e reforma trabalhista, e tudo isso em um per\u00edodo de meses. Precisamos ainda da reforma tribut\u00e1ria (emergencialmente). N\u00e3o acredito que haver\u00e1 tempo h\u00e1bil e clima para a reforma pol\u00edtica. Mesmo que contestado, espero que Temer termine seu mandado e n\u00e3o tenha aspira\u00e7\u00f5es de emplacar seu sucessor.<\/span><\/p>\n<p style=\"text-align: justify;\"><span style=\"color: #000000;\">Tudo que o Brasil precisa \u00e9 de estabilidade e previsibilidade. Acredito que a recupera\u00e7\u00e3o j\u00e1 est\u00e1 em andamento, mais lenta do que gostar\u00edamos, mas temos finalmente um norte. Que 2017 e 2018 sejam anos de estabiliza\u00e7\u00e3o e que grandes administradores se postulem \u00e0 presid\u00eancia, senado e governo estadual em 2018. Que a centraliza\u00e7\u00e3o de Bras\u00edlia cumpra sua fun\u00e7\u00e3o de alegoria representativa na geografia, n\u00e3o o s\u00edmbolo de um pa\u00eds ref\u00e9m de um governo protagonista e descontrolado. Por fim, este \u00e9 o cen\u00e1rio dispon\u00edvel, de nada resolve atribuir a ele seus resultados pessoais. Entenda as condi\u00e7\u00f5es e adapte-se, que 2017 seja incr\u00edvel, mas ainda depende de voc\u00ea.<\/span><\/p>\n<p style=\"text-align: justify;\"><span style=\"color: #000000;\"><strong><span style=\"color: #993300;\">*Arthur Schuler da Igreja<\/span> <\/strong>\u00e9 conselheiro estrat\u00e9gico da SetaDigital e professor da FGV-RJ<\/span><\/p>\n","protected":false},"excerpt":{"rendered":"<p>Por Artur Schuler da Igreja\u00a0 Fevereiro, 2017 &#8211; &#8221;No Brasil, at\u00e9 o passado \u00e9 incerto\u2019\u2019. A c\u00e9lebre frase do ex-ministro da fazenda Pedro Malan define o risco em se fazer progn\u00f3sticos neste momento. Contudo, estou certo de que o leitor concorda que na inst\u00e1vel tempestade \u00e9 melhor contar com uma b\u00fassola, mesmo que imprecisa.\u00a0 Vamos [&hellip;]<\/p>\n","protected":false},"author":1,"featured_media":0,"comment_status":"open","ping_status":"open","sticky":false,"template":"","format":"standard","meta":{"_uag_custom_page_level_css":"","footnotes":""},"categories":[27],"tags":[1541,2765,3214,3856,5030,5570,7470,10058,10973,11734,11857],"class_list":["post-5010","post","type-post","status-publish","format-standard","hentry","category-acontece","tag-brasil-2017","tag-conselheiro-artur-schuler","tag-crise-nos-estados","tag-economia","tag-fgv-rj","tag-governo-temer","tag-mercado","tag-reforma-fiscal","tag-setadigital","tag-teto-dos-gastos","tag-trabalhista"],"blocksy_meta":[],"spectra_blocks_featured_image_url":null,"spectra_blocks_author_info":{"display_name":"Jornal da Constru\u00e7\u00e3o Civil","avatar_url":"https:\/\/secure.gravatar.com\/avatar\/973c9774fd44ddaceb026973c4962faa70fc512bc4c9da68e8ebb40fecee6540?s=96&d=mm&r=g","author_link":"https:\/\/construcaocivil.siriusmarketingedesign.com.br\/?author=1","description":"Desde de 2013, levando muitas informa\u00e7\u00f5es, lan\u00e7amentos e produtos de qualidade para toda cadeia produtiva da constru\u00e7\u00e3o. O Futuro da constru\u00e7\u00e3o passa por aqui,"},"uagb_featured_image_src":{"full":false,"thumbnail":false,"medium":false,"medium_large":false,"large":false,"1536x1536":false,"2048x2048":false},"uagb_author_info":{"display_name":"Jornal da Constru\u00e7\u00e3o Civil","author_link":"https:\/\/construcaocivil.siriusmarketingedesign.com.br\/?author=1"},"uagb_comment_info":0,"uagb_excerpt":"Por Artur Schuler da Igreja\u00a0 Fevereiro, 2017 &#8211; &#8221;No Brasil, at\u00e9 o passado \u00e9 incerto\u2019\u2019. A c\u00e9lebre frase do ex-ministro da fazenda Pedro Malan define o risco em se fazer progn\u00f3sticos neste momento. Contudo, estou certo de que o leitor concorda que na inst\u00e1vel tempestade \u00e9 melhor contar com uma b\u00fassola, mesmo que imprecisa.\u00a0 Vamos&hellip;","_links":{"self":[{"href":"https:\/\/construcaocivil.siriusmarketingedesign.com.br\/index.php?rest_route=\/wp\/v2\/posts\/5010","targetHints":{"allow":["GET"]}}],"collection":[{"href":"https:\/\/construcaocivil.siriusmarketingedesign.com.br\/index.php?rest_route=\/wp\/v2\/posts"}],"about":[{"href":"https:\/\/construcaocivil.siriusmarketingedesign.com.br\/index.php?rest_route=\/wp\/v2\/types\/post"}],"author":[{"embeddable":true,"href":"https:\/\/construcaocivil.siriusmarketingedesign.com.br\/index.php?rest_route=\/wp\/v2\/users\/1"}],"replies":[{"embeddable":true,"href":"https:\/\/construcaocivil.siriusmarketingedesign.com.br\/index.php?rest_route=%2Fwp%2Fv2%2Fcomments&post=5010"}],"version-history":[{"count":0,"href":"https:\/\/construcaocivil.siriusmarketingedesign.com.br\/index.php?rest_route=\/wp\/v2\/posts\/5010\/revisions"}],"wp:attachment":[{"href":"https:\/\/construcaocivil.siriusmarketingedesign.com.br\/index.php?rest_route=%2Fwp%2Fv2%2Fmedia&parent=5010"}],"wp:term":[{"taxonomy":"category","embeddable":true,"href":"https:\/\/construcaocivil.siriusmarketingedesign.com.br\/index.php?rest_route=%2Fwp%2Fv2%2Fcategories&post=5010"},{"taxonomy":"post_tag","embeddable":true,"href":"https:\/\/construcaocivil.siriusmarketingedesign.com.br\/index.php?rest_route=%2Fwp%2Fv2%2Ftags&post=5010"}],"curies":[{"name":"wp","href":"https:\/\/api.w.org\/{rel}","templated":true}]}}