{"id":502,"date":"2015-12-02T01:00:46","date_gmt":"2015-12-02T01:00:46","guid":{"rendered":"http:\/\/www.jornaldaconstrucaocivil.com.br\/?p=502"},"modified":"2015-12-02T01:00:46","modified_gmt":"2015-12-02T01:00:46","slug":"de-volta-ao-campo-apos-20-anos-na-cidade","status":"publish","type":"post","link":"https:\/\/construcaocivil.siriusmarketingedesign.com.br\/?p=502","title":{"rendered":"De volta ao campo ap\u00f3s 20 anos na cidade"},"content":{"rendered":"<p><span style=\"color: #000000;\"><strong>Aqui vive uma fam\u00edlia feliz\u201d. A mensagem est\u00e1 na porta da casa dos agricultores Eurides Almeida, 59, e Joaquim da Silva, 65, e resume a atual fase do casal. <\/strong><\/span><\/p>\n<p><span style=\"color: #000000;\">Juntos h\u00e1 42 anos, os dois comemoram o retorno para a zona rural, depois de viverem quase duas d\u00e9cadas na periferia de Altamira. \u201cEu nasci e cresci no campo. Mas vendi meu sitio e fui pra cidade mesmo contra a minha vontade. Foi muito ruim, porque eu n\u00e3o conseguia me acostumar de jeito nenhum com a falta de um quintal, por exemplo\u201d,\u00a0 lembra seu Joaquim.<\/span><\/p>\n<div>\n<figure id=\"attachment_503\" aria-describedby=\"caption-attachment-503\" style=\"width: 257px\" class=\"wp-caption alignleft\"><a href=\"http:\/\/www.jornaldaconstrucaocivil.com.br\/wp-content\/uploads\/2015\/12\/BELO-MONTE.jpg\"><img loading=\"lazy\" decoding=\"async\" class=\"wp-image-503 \" src=\"http:\/\/www.jornaldaconstrucaocivil.com.br\/wp-content\/uploads\/2015\/12\/BELO-MONTE-300x168.jpg\" alt=\"BELO MONTE\" width=\"257\" height=\"144\" \/><\/a><figcaption id=\"caption-attachment-503\" class=\"wp-caption-text\"><span style=\"color: #ff0000;\">Casal comemora o t\u00edtulo definitivo da nova propriedade rural (Foto: Divulga\u00e7\u00e3o\/ Norte Energia)<\/span><\/figcaption><\/figure>\n<p><span style=\"color: #000000;\">H\u00e1 menos de dois meses no Reassentamento Rural Coletivo (RRC) constru\u00eddo pela Norte Energia, o agricultor conta que ficou muito feliz com o retorno \u00e0 regi\u00e3o de origem. \u201cTer um canto sossegado pra morar e plantar era um sonho antigo n\u00e3o s\u00f3 meu, mas tamb\u00e9m da minha esposa, que \u00e9 filha de agricultor.\u201d, conta o agricultor, que j\u00e1 faz planos para plantar laranja e cacau.<\/span><\/p>\n<\/div>\n<p><span style=\"color: #000000;\">Localizado no Travess\u00e3o 27, no munic\u00edpio de Vit\u00f3ria do Xingu, o reassentamento \u00e9 uma obra do Projeto B\u00e1sico Ambiental da Usina Hidrel\u00e9trica Belo Monte. A \u00e1rea \u00e9 destinada a quem morava nas comunidades rurais influenciadas pelo reservat\u00f3rio da Usina Hidrel\u00e9trica Belo Monte.<\/span><\/p>\n<p><span style=\"color: #000000;\">Cada lote possui 15 hectares de solo f\u00e9rtil para planta\u00e7\u00e3o, com um hectare j\u00e1 preparado para cultivo de horta, frutas e cria\u00e7\u00e3o de animais. Aos moradores do reassentamento foram entregues casas de alvenaria com tr\u00eas quartos, uma sala conjugada \u00e0 cozinha, banheiro, telhado em cer\u00e2mica, energia el\u00e9trica e \u00e1gua pot\u00e1vel armazenada em caixa d\u2019\u00e1gua de 3 mil litros, abastecida por meio de po\u00e7o artesiano.<\/span><\/p>\n<p><span style=\"color: #993366;\">Fonte: Blog Da Usina Belo Monte<\/span><\/p>\n","protected":false},"excerpt":{"rendered":"<p>Aqui vive uma fam\u00edlia feliz\u201d. A mensagem est\u00e1 na porta da casa dos agricultores Eurides Almeida, 59, e Joaquim da Silva, 65, e resume a atual fase do casal. Juntos h\u00e1 42 anos, os dois comemoram o retorno para a zona rural, depois de viverem quase duas d\u00e9cadas na periferia de Altamira. \u201cEu nasci e [&hellip;]<\/p>\n","protected":false},"author":1,"featured_media":503,"comment_status":"open","ping_status":"open","sticky":false,"template":"","format":"standard","meta":{"_uag_custom_page_level_css":"","footnotes":""},"categories":[37],"tags":[527,1342,1774,2244,2247,11715],"class_list":["post-502","post","type-post","status-publish","format-standard","has-post-thumbnail","hentry","category-sustentabilidade","tag-agricultores","tag-belo-monte","tag-campo","tag-cidadania","tag-cidade","tag-terra"],"blocksy_meta":[],"spectra_blocks_featured_image_url":[],"spectra_blocks_author_info":{"display_name":"Jornal da Constru\u00e7\u00e3o Civil","avatar_url":"https:\/\/secure.gravatar.com\/avatar\/973c9774fd44ddaceb026973c4962faa70fc512bc4c9da68e8ebb40fecee6540?s=96&d=mm&r=g","author_link":"https:\/\/construcaocivil.siriusmarketingedesign.com.br\/?author=1","description":"Desde de 2013, levando muitas informa\u00e7\u00f5es, lan\u00e7amentos e produtos de qualidade para toda cadeia produtiva da constru\u00e7\u00e3o. O Futuro da constru\u00e7\u00e3o passa por aqui,"},"uagb_featured_image_src":{"full":false,"thumbnail":false,"medium":false,"medium_large":false,"large":false,"1536x1536":false,"2048x2048":false},"uagb_author_info":{"display_name":"Jornal da Constru\u00e7\u00e3o Civil","author_link":"https:\/\/construcaocivil.siriusmarketingedesign.com.br\/?author=1"},"uagb_comment_info":0,"uagb_excerpt":"Aqui vive uma fam\u00edlia feliz\u201d. A mensagem est\u00e1 na porta da casa dos agricultores Eurides Almeida, 59, e Joaquim da Silva, 65, e resume a atual fase do casal. Juntos h\u00e1 42 anos, os dois comemoram o retorno para a zona rural, depois de viverem quase duas d\u00e9cadas na periferia de Altamira. \u201cEu nasci e&hellip;","_links":{"self":[{"href":"https:\/\/construcaocivil.siriusmarketingedesign.com.br\/index.php?rest_route=\/wp\/v2\/posts\/502","targetHints":{"allow":["GET"]}}],"collection":[{"href":"https:\/\/construcaocivil.siriusmarketingedesign.com.br\/index.php?rest_route=\/wp\/v2\/posts"}],"about":[{"href":"https:\/\/construcaocivil.siriusmarketingedesign.com.br\/index.php?rest_route=\/wp\/v2\/types\/post"}],"author":[{"embeddable":true,"href":"https:\/\/construcaocivil.siriusmarketingedesign.com.br\/index.php?rest_route=\/wp\/v2\/users\/1"}],"replies":[{"embeddable":true,"href":"https:\/\/construcaocivil.siriusmarketingedesign.com.br\/index.php?rest_route=%2Fwp%2Fv2%2Fcomments&post=502"}],"version-history":[{"count":0,"href":"https:\/\/construcaocivil.siriusmarketingedesign.com.br\/index.php?rest_route=\/wp\/v2\/posts\/502\/revisions"}],"wp:featuredmedia":[{"embeddable":true,"href":"https:\/\/construcaocivil.siriusmarketingedesign.com.br\/index.php?rest_route=\/wp\/v2\/media\/503"}],"wp:attachment":[{"href":"https:\/\/construcaocivil.siriusmarketingedesign.com.br\/index.php?rest_route=%2Fwp%2Fv2%2Fmedia&parent=502"}],"wp:term":[{"taxonomy":"category","embeddable":true,"href":"https:\/\/construcaocivil.siriusmarketingedesign.com.br\/index.php?rest_route=%2Fwp%2Fv2%2Fcategories&post=502"},{"taxonomy":"post_tag","embeddable":true,"href":"https:\/\/construcaocivil.siriusmarketingedesign.com.br\/index.php?rest_route=%2Fwp%2Fv2%2Ftags&post=502"}],"curies":[{"name":"wp","href":"https:\/\/api.w.org\/{rel}","templated":true}]}}