{"id":5039,"date":"2017-02-16T14:26:01","date_gmt":"2017-02-16T17:26:01","guid":{"rendered":"http:\/\/www.jornaldaconstrucaocivil.com.br\/?p=5039"},"modified":"2017-02-16T14:26:01","modified_gmt":"2017-02-16T17:26:01","slug":"empresas-italianas-apresentam-maquinas-e-solucoes-para-o-mercado-brasileiro-na-plastico-brasil","status":"publish","type":"post","link":"https:\/\/construcaocivil.siriusmarketingedesign.com.br\/?p=5039","title":{"rendered":"Empresas italianas apresentam m\u00e1quinas e solu\u00e7\u00f5es para o mercado brasileiro na Pl\u00e1stico Brasil"},"content":{"rendered":"<p style=\"text-align: justify;\"><span style=\"color: #000000;\">Numa iniciativa da <span style=\"color: #993300;\">ASSOCOMAPLAST<\/span>, feira vai reunir um grupo de expositores italianos que v\u00eam ao Brasil em busca de novos clientes ou para ampliar seus neg\u00f3cios.<\/span><\/p>\n<p style=\"text-align: justify;\"><span style=\"color: #000000;\">Na<span style=\"color: #800000;\"> Pl\u00e1stico Brasil \u2013 Feira Internacional do Pl\u00e1stico e da Borracha<\/span>, de 20 a 24 de mar\u00e7o, no S\u00e3o Paulo Expo, transformadores e profissionais da ind\u00fastria do pl\u00e1stico ter\u00e3o a oportunidade de entrar em contato com o que h\u00e1 de mais atual no mercado mundial de resinas e mat\u00e9rias primas, insumos qu\u00edmicos, m\u00e1quinas, equipamentos e solu\u00e7\u00f5es voltadas para o setor.<\/span><\/p>\n<p style=\"text-align: justify;\"><span style=\"color: #000000;\">Numa iniciativa da <span style=\"color: #993300;\">ASSOCOMAPLAST<\/span> \u2013 entidade que representa os fabricantes italianos de m\u00e1quinas, equipamentos e moldes para a ind\u00fastria de pl\u00e1sticos \u2013 a Pl\u00e1stico Brasil vai abrigar o Pavilh\u00e3o Italiano. Neste espa\u00e7o, um grupo de empresas italianas vai apresentar seus produtos e solu\u00e7\u00f5es com a expectativa de conquistar novos clientes ou ampliar seus neg\u00f3cios no Brasil.<\/span><\/p>\n<p style=\"text-align: justify;\"><span style=\"color: #000000;\">O Pavilh\u00e3o Italiano \u00e9 resultado do forte trabalho de promo\u00e7\u00e3o internacional da Pl\u00e1stico Brasil e da relev\u00e2ncia e credibilidade que a feira conquistou j\u00e1 em sua edi\u00e7\u00e3o inaugural.<\/span><\/p>\n<p style=\"text-align: justify;\"><span style=\"color: #0000ff;\"><strong>Inova\u00e7\u00e3o e tecnologia<\/strong><\/span><\/p>\n<p style=\"text-align: justify;\"><span style=\"color: #000000;\">A Bandera, por exemplo, destaca entre seus lan\u00e7amentos uma inovadora tecnologia de embalagem isolante para preserva\u00e7\u00e3o de alimentos, enquanto a Eletronic System, l\u00edder mundial em sistemas de controle e automa\u00e7\u00e3o, vai apresentar novas interfaces de seus softwares. A FB Balzanelli trar\u00e1 novidades em bobinas autom\u00e1ticas e sistemas de paletiza\u00e7\u00e3o, e a Frigosystem vai mostrar as novas vers\u00f5es do seu dry cooler \u2013 que ganhou uma gama maior de controladores de temperatura de \u00e1gua e \u00f3leo \u2013 e do chiller de ar para filme pl\u00e1stico.<\/span><\/p>\n<p style=\"text-align: justify;\"><span style=\"color: #000000;\">Presente na ind\u00fastria brasileira de autom\u00f3veis e lentes, a Helios Quartz vem \u00e0 Pl\u00e1stico Brasil para demonstrar as \u00faltimas inova\u00e7\u00f5es em tecnologia de raios infravermelho e ultravioleta e, com isso, estreitar o relacionamento com a ind\u00fastria do pl\u00e1stico. J\u00e1 a IPM destaca sua ampla gama de m\u00e1quinas para extrus\u00e3o, corte, fenda e dobra, transportadores, empilhadores, rosqueadores e outros equipamentos constru\u00eddas sob demanda.<\/span><\/p>\n<p style=\"text-align: justify;\"><span style=\"color: #000000;\">A ITIB tem uma grande oferta de aplica\u00e7\u00f5es com tubula\u00e7\u00f5es onduladas que podem ser usadas na constru\u00e7\u00e3o civil, infraestrutura, agricultura, segmento m\u00e9dico, ind\u00fastria automotiva e outras. A Macchi aposta no crescimento das embalagens tipo<span style=\"color: #0000ff;\"> \u201cstand-up-pouch\u201d<\/span> e oferece uma linha de extrus\u00e3o projetada para trabalhar com filmes de diferentes espessuras e rigidez. Tamb\u00e9m na \u00e1rea de extrus\u00e3o, a Maris destaca entre seus lan\u00e7amentos as aplica\u00e7\u00f5es que utilizam sua tecnologia patenteada recentemente.<\/span><\/p>\n<p style=\"text-align: justify;\"><span style=\"color: #000000;\">A Presma vem ao Pavilh\u00e3o Italiano da Pl\u00e1stico Brasil para promover sua gama de m\u00e1quinas e mostrar as facilidades que elas podem proporcionar aos transformadores, com destaque para a injetora para pl\u00e1sticos e borrachas para atender a produ\u00e7\u00f5es n\u00e3o padronizadas. Com foco na automa\u00e7\u00e3o, a Proximon oferece uma s\u00e9rie de solu\u00e7\u00f5es, como turbomixadores de alta velocidade (simples ou combinados com refrigeradores de alta efici\u00eancia) e misturadores. A empresa divulga tamb\u00e9m a Proximon Lab, uma sala de testes constru\u00edda em suas instala\u00e7\u00f5es na It\u00e1lia para realizar ensaios com seus misturadores e os produtos dos clientes.<\/span><\/p>\n<p style=\"text-align: justify;\"><span style=\"color: #000000;\"><span style=\"color: #003366;\"><em>\u201cO Pavilh\u00e3o Italiano vem refor\u00e7ar o car\u00e1ter internacional da Pl\u00e1stico Brasil, que conta com o apoio das entidades mais representativas dos fabricantes de m\u00e1quinas para a ind\u00fastria do pl\u00e1stico e borracha em todo o mundo, como a europeia EUROMAP\/VMDA, a norte-americana PIA, a Argentina CAIP e a mexicana ANIPAC, entre muitas outras\u201d<\/em><\/span>, afirma Liliane Bortoluci, diretora da feira.<em><span style=\"color: #003366;\"> \u201cAl\u00e9m disso, amplia a oferta de solu\u00e7\u00f5es para nossos visitantes, que ter\u00e3o os grandes fornecedores do Brasil e do mundo reunidos num \u00fanico evento\u201d<\/span><\/em>.<\/span><\/p>\n<p style=\"text-align: justify;\"><span style=\"color: #993300;\"><strong>Sobre a Pl\u00e1stico Brasil<\/strong><\/span><\/p>\n<p style=\"text-align: justify;\"><span style=\"color: #000000;\">Uma iniciativa da<span style=\"color: #0000ff;\"> ABIMAQ \u2013 Associa\u00e7\u00e3o Brasileira da Ind\u00fastria de M\u00e1quinas e Equipamentos e da ABIQUIM \u2013 Associa\u00e7\u00e3o Brasileira da Ind\u00fastria Qu\u00edmica<\/span>, com organiza\u00e7\u00e3o e promo\u00e7\u00e3o da Informa Exhibitions, a Pl\u00e1stico Brasil ser\u00e1 palco dos \u00faltimos avan\u00e7os tecnol\u00f3gicos e tend\u00eancias globais dos diversos segmentos que comp\u00f5em a cadeia produtiva do pl\u00e1stico: instrumenta\u00e7\u00e3o, controle e automa\u00e7\u00e3o, m\u00e1quinas, equipamentos e acess\u00f3rios, moldes e ferramentas, produtos b\u00e1sicos e mat\u00e9rias-primas, reciclagem, resinas sint\u00e9ticas, servi\u00e7os e projetos t\u00e9cnicos e outros.<\/span><\/p>\n<p style=\"text-align: justify;\"><span style=\"color: #000000;\">O evento vai receber uma visita\u00e7\u00e3o altamente qualificada de transformadores e profissionais da ind\u00fastria do pl\u00e1stico, que atendem e atuam em diversos segmentos, como constru\u00e7\u00e3o civil, autom\u00f3veis e autope\u00e7as, agricultura, m\u00f3veis, eletr\u00f4nicos, instrumentos m\u00e9dicos, vestu\u00e1rio e cal\u00e7ados e eletrodom\u00e9sticos, entre outros.<\/span><\/p>\n<p><span style=\"color: #993300;\"><strong>PL\u00c1STICO BRASIL \u2013 Feira Internacional do Pl\u00e1stico e da Borracha<\/strong><\/span><\/p>\n<p><span style=\"color: #993300;\"><strong>Data:<\/strong> 20 a 24 de mar\u00e7o de 2017<\/span><\/p>\n<p><span style=\"color: #993300;\"><strong>Local:<\/strong> S\u00e3o Paulo Expo Exhibition &amp; Convention Center<\/span><\/p>\n<p><span style=\"color: #993300;\"><strong>Realiza\u00e7\u00e3o:<\/strong> ABIMAQ \u2013 Associa\u00e7\u00e3o Brasileira da Ind\u00fastria de M\u00e1quinas e Equipamentos e ABIQUIM &#8211; Associa\u00e7\u00e3o Brasileira da Ind\u00fastria Qu\u00edmica.<\/span><\/p>\n<p><span style=\"color: #993300;\"><strong>Promo\u00e7\u00e3o e organiza\u00e7\u00e3o:<\/strong> Informa Exhibitions<\/span><\/p>\n<p><span style=\"color: #993300;\"><strong>Patroc\u00ednio Oficial:<\/strong> Romi<\/span><\/p>\n<p><span style=\"color: #993300;\"><span style=\"color: #000000;\">Mais informa\u00e7\u00f5es, acesse:<\/span><span style=\"color: #0000ff;\"> <a style=\"color: #0000ff;\" href=\"http:\/\/www.plasticobrasil.com.br\/\" target=\"_blank\" rel=\"noreferrer\">www.plasticobrasil.com.br<\/a><\/span><\/span><\/p>\n<p>&nbsp;<\/p>\n<p>&nbsp;<\/p>\n","protected":false},"excerpt":{"rendered":"<p>Numa iniciativa da ASSOCOMAPLAST, feira vai reunir um grupo de expositores italianos que v\u00eam ao Brasil em busca de novos clientes ou para ampliar seus neg\u00f3cios. Na Pl\u00e1stico Brasil \u2013 Feira Internacional do Pl\u00e1stico e da Borracha, de 20 a 24 de mar\u00e7o, no S\u00e3o Paulo Expo, transformadores e profissionais da ind\u00fastria do pl\u00e1stico ter\u00e3o [&hellip;]<\/p>\n","protected":false},"author":1,"featured_media":0,"comment_status":"open","ping_status":"open","sticky":false,"template":"","format":"standard","meta":{"_uag_custom_page_level_css":"","footnotes":""},"categories":[33],"tags":[310,313,1506,2826,4227,5763,6441,9013,9015,10675,10679],"class_list":["post-5039","post","type-post","status-publish","format-standard","hentry","category-mercado","tag-abimaq-associacao-brasileira-da-industria-de-maquinas-e-equipamentos","tag-abiquim-associacao-brasileira-da-industria-quimica","tag-borrachas","tag-construcao-civil","tag-empresas-italianas","tag-helios-quartz","tag-itib","tag-plastico-brasil","tag-plasticos","tag-sao-paulo-expo","tag-sao-paulo-sp"],"blocksy_meta":[],"spectra_blocks_featured_image_url":null,"spectra_blocks_author_info":{"display_name":"Jornal da Constru\u00e7\u00e3o Civil","avatar_url":"https:\/\/secure.gravatar.com\/avatar\/973c9774fd44ddaceb026973c4962faa70fc512bc4c9da68e8ebb40fecee6540?s=96&d=mm&r=g","author_link":"https:\/\/construcaocivil.siriusmarketingedesign.com.br\/?author=1","description":"Desde de 2013, levando muitas informa\u00e7\u00f5es, lan\u00e7amentos e produtos de qualidade para toda cadeia produtiva da constru\u00e7\u00e3o. O Futuro da constru\u00e7\u00e3o passa por aqui,"},"uagb_featured_image_src":{"full":false,"thumbnail":false,"medium":false,"medium_large":false,"large":false,"1536x1536":false,"2048x2048":false},"uagb_author_info":{"display_name":"Jornal da Constru\u00e7\u00e3o Civil","author_link":"https:\/\/construcaocivil.siriusmarketingedesign.com.br\/?author=1"},"uagb_comment_info":0,"uagb_excerpt":"Numa iniciativa da ASSOCOMAPLAST, feira vai reunir um grupo de expositores italianos que v\u00eam ao Brasil em busca de novos clientes ou para ampliar seus neg\u00f3cios. Na Pl\u00e1stico Brasil \u2013 Feira Internacional do Pl\u00e1stico e da Borracha, de 20 a 24 de mar\u00e7o, no S\u00e3o Paulo Expo, transformadores e profissionais da ind\u00fastria do pl\u00e1stico ter\u00e3o&hellip;","_links":{"self":[{"href":"https:\/\/construcaocivil.siriusmarketingedesign.com.br\/index.php?rest_route=\/wp\/v2\/posts\/5039","targetHints":{"allow":["GET"]}}],"collection":[{"href":"https:\/\/construcaocivil.siriusmarketingedesign.com.br\/index.php?rest_route=\/wp\/v2\/posts"}],"about":[{"href":"https:\/\/construcaocivil.siriusmarketingedesign.com.br\/index.php?rest_route=\/wp\/v2\/types\/post"}],"author":[{"embeddable":true,"href":"https:\/\/construcaocivil.siriusmarketingedesign.com.br\/index.php?rest_route=\/wp\/v2\/users\/1"}],"replies":[{"embeddable":true,"href":"https:\/\/construcaocivil.siriusmarketingedesign.com.br\/index.php?rest_route=%2Fwp%2Fv2%2Fcomments&post=5039"}],"version-history":[{"count":0,"href":"https:\/\/construcaocivil.siriusmarketingedesign.com.br\/index.php?rest_route=\/wp\/v2\/posts\/5039\/revisions"}],"wp:attachment":[{"href":"https:\/\/construcaocivil.siriusmarketingedesign.com.br\/index.php?rest_route=%2Fwp%2Fv2%2Fmedia&parent=5039"}],"wp:term":[{"taxonomy":"category","embeddable":true,"href":"https:\/\/construcaocivil.siriusmarketingedesign.com.br\/index.php?rest_route=%2Fwp%2Fv2%2Fcategories&post=5039"},{"taxonomy":"post_tag","embeddable":true,"href":"https:\/\/construcaocivil.siriusmarketingedesign.com.br\/index.php?rest_route=%2Fwp%2Fv2%2Ftags&post=5039"}],"curies":[{"name":"wp","href":"https:\/\/api.w.org\/{rel}","templated":true}]}}