{"id":5050,"date":"2017-02-16T15:44:16","date_gmt":"2017-02-16T18:44:16","guid":{"rendered":"http:\/\/www.jornaldaconstrucaocivil.com.br\/?p=5050"},"modified":"2017-02-16T15:44:16","modified_gmt":"2017-02-16T18:44:16","slug":"governo-federal-autoriza-r-480-milhoes-para-reforcar-acoes-emergenciais-no-pais","status":"publish","type":"post","link":"https:\/\/construcaocivil.siriusmarketingedesign.com.br\/?p=5050","title":{"rendered":"Governo Federal autoriza R$ 480 milh\u00f5es para refor\u00e7ar a\u00e7\u00f5es emergenciais no Pa\u00eds"},"content":{"rendered":"<p style=\"text-align: justify;\"><span style=\"color: #000080;\"><em><strong>Cr\u00e9dito suplementar, em favor do Minist\u00e9rio da Integra\u00e7\u00e3o Nacional, ser\u00e1 aplicado em medidas para preven\u00e7\u00e3o, socorro e recupera\u00e7\u00e3o<\/strong><\/em><\/span><\/p>\n<p style=\"text-align: justify;\"><span style=\"color: #000000;\"><span style=\"color: #993300;\">Bras\u00edlia-DF, 16\/2\/17<\/span> &#8211; O Governo Federal autorizou nesta quinta-feira (16) a abertura de cr\u00e9dito suplementar para o Minist\u00e9rio da Integra\u00e7\u00e3o Nacional, no valor de R$ 480 milh\u00f5es. A medida ir\u00e1 garantir apoio emergencial da Defesa Civil a estados e munic\u00edpios afetados por desastres naturais. Os recursos ser\u00e3o aplicados em a\u00e7\u00f5es de preven\u00e7\u00e3o, socorro e assist\u00eancia \u00e0 popula\u00e7\u00e3o, restabelecimento de servi\u00e7os essenciais e recupera\u00e7\u00e3o de \u00e1reas danificadas. A portaria foi publicada no Di\u00e1rio Oficial da Uni\u00e3o (DOU).<\/span><\/p>\n<p style=\"text-align: justify;\"><span style=\"color: #000000;\">Do total de recursos, cerca de R$ 345,5 milh\u00f5es s\u00e3o destinados \u00e0 resposta e recupera\u00e7\u00e3o, o que incluiu a distribui\u00e7\u00e3o de \u00e1gua pot\u00e1vel por meio da Opera\u00e7\u00e3o Carro-Pipa, a constru\u00e7\u00e3o de adutoras de engate r\u00e1pido e de sistemas de capta\u00e7\u00e3o de \u00e1gua para regi\u00f5es atingidas por longos per\u00edodos de seca e estiagem. O apoio emergencial tamb\u00e9m contempla a disponibiliza\u00e7\u00e3o de kits de ajuda humanit\u00e1ria \u00e0 popula\u00e7\u00e3o, a recupera\u00e7\u00e3o de estradas, pontes e outras estruturas atingidas por desastres naturais. Os demais R$ 134,4 milh\u00f5es ser\u00e3o usados em obras preventivas em \u00e1reas de risco.<\/span><\/p>\n<p style=\"text-align: justify;\"><span style=\"color: #000000;\">Este \u00e9 o primeiro cr\u00e9dito suplementar autorizado pelo Minist\u00e9rio do Planejamento, Desenvolvimento e Gest\u00e3o (MP) neste ano, especificamente para a\u00e7\u00f5es da Secretaria Nacional de Prote\u00e7\u00e3o e Defesa Civil (Sedec). Em 2016, mais de R$ 1,1 bilh\u00e3o foi repassado e investido em medidas de apoio emergencial.<\/span><\/p>\n<p style=\"text-align: justify;\"><span style=\"color: #0000ff;\"><a style=\"color: #0000ff;\" href=\"http:\/\/pesquisa.in.gov.br\/imprensa\/jsp\/visualiza\/index.jsp?jornal=1&amp;pagina=51&amp;data=16\/02\/2017\" target=\"_blank\" rel=\"noreferrer\">Acesse a portaria.<\/a>\u00a0<\/span><\/p>\n<p style=\"text-align: justify;\"><span style=\"color: #993300;\">Fonte: Minist\u00e9rio da Integra\u00e7\u00e3o Nacional<\/span><\/p>\n","protected":false},"excerpt":{"rendered":"<p>Cr\u00e9dito suplementar, em favor do Minist\u00e9rio da Integra\u00e7\u00e3o Nacional, ser\u00e1 aplicado em medidas para preven\u00e7\u00e3o, socorro e recupera\u00e7\u00e3o Bras\u00edlia-DF, 16\/2\/17 &#8211; O Governo Federal autorizou nesta quinta-feira (16) a abertura de cr\u00e9dito suplementar para o Minist\u00e9rio da Integra\u00e7\u00e3o Nacional, no valor de R$ 480 milh\u00f5es. A medida ir\u00e1 garantir apoio emergencial da Defesa Civil a [&hellip;]<\/p>\n","protected":false},"author":1,"featured_media":0,"comment_status":"open","ping_status":"open","sticky":false,"template":"","format":"standard","meta":{"_uag_custom_page_level_css":"","footnotes":""},"categories":[27],"tags":[1878,2851,5554,7709,8379,8456,9096,9386,9959],"class_list":["post-5050","post","type-post","status-publish","format-standard","hentry","category-acontece","tag-carro-pipa","tag-construcao-de-adutoras-de-engate-rapido","tag-governo-federal","tag-ministerio-da-integracao-nacional","tag-obras-emergenciais","tag-operacao-carro-pipa","tag-pontes","tag-prevencao","tag-recuperacao-de-estradas"],"blocksy_meta":[],"spectra_blocks_featured_image_url":null,"spectra_blocks_author_info":{"display_name":"Jornal da Constru\u00e7\u00e3o Civil","avatar_url":"https:\/\/secure.gravatar.com\/avatar\/973c9774fd44ddaceb026973c4962faa70fc512bc4c9da68e8ebb40fecee6540?s=96&d=mm&r=g","author_link":"https:\/\/construcaocivil.siriusmarketingedesign.com.br\/?author=1","description":"Desde de 2013, levando muitas informa\u00e7\u00f5es, lan\u00e7amentos e produtos de qualidade para toda cadeia produtiva da constru\u00e7\u00e3o. O Futuro da constru\u00e7\u00e3o passa por aqui,"},"uagb_featured_image_src":{"full":false,"thumbnail":false,"medium":false,"medium_large":false,"large":false,"1536x1536":false,"2048x2048":false},"uagb_author_info":{"display_name":"Jornal da Constru\u00e7\u00e3o Civil","author_link":"https:\/\/construcaocivil.siriusmarketingedesign.com.br\/?author=1"},"uagb_comment_info":0,"uagb_excerpt":"Cr\u00e9dito suplementar, em favor do Minist\u00e9rio da Integra\u00e7\u00e3o Nacional, ser\u00e1 aplicado em medidas para preven\u00e7\u00e3o, socorro e recupera\u00e7\u00e3o Bras\u00edlia-DF, 16\/2\/17 &#8211; O Governo Federal autorizou nesta quinta-feira (16) a abertura de cr\u00e9dito suplementar para o Minist\u00e9rio da Integra\u00e7\u00e3o Nacional, no valor de R$ 480 milh\u00f5es. A medida ir\u00e1 garantir apoio emergencial da Defesa Civil a&hellip;","_links":{"self":[{"href":"https:\/\/construcaocivil.siriusmarketingedesign.com.br\/index.php?rest_route=\/wp\/v2\/posts\/5050","targetHints":{"allow":["GET"]}}],"collection":[{"href":"https:\/\/construcaocivil.siriusmarketingedesign.com.br\/index.php?rest_route=\/wp\/v2\/posts"}],"about":[{"href":"https:\/\/construcaocivil.siriusmarketingedesign.com.br\/index.php?rest_route=\/wp\/v2\/types\/post"}],"author":[{"embeddable":true,"href":"https:\/\/construcaocivil.siriusmarketingedesign.com.br\/index.php?rest_route=\/wp\/v2\/users\/1"}],"replies":[{"embeddable":true,"href":"https:\/\/construcaocivil.siriusmarketingedesign.com.br\/index.php?rest_route=%2Fwp%2Fv2%2Fcomments&post=5050"}],"version-history":[{"count":0,"href":"https:\/\/construcaocivil.siriusmarketingedesign.com.br\/index.php?rest_route=\/wp\/v2\/posts\/5050\/revisions"}],"wp:attachment":[{"href":"https:\/\/construcaocivil.siriusmarketingedesign.com.br\/index.php?rest_route=%2Fwp%2Fv2%2Fmedia&parent=5050"}],"wp:term":[{"taxonomy":"category","embeddable":true,"href":"https:\/\/construcaocivil.siriusmarketingedesign.com.br\/index.php?rest_route=%2Fwp%2Fv2%2Fcategories&post=5050"},{"taxonomy":"post_tag","embeddable":true,"href":"https:\/\/construcaocivil.siriusmarketingedesign.com.br\/index.php?rest_route=%2Fwp%2Fv2%2Ftags&post=5050"}],"curies":[{"name":"wp","href":"https:\/\/api.w.org\/{rel}","templated":true}]}}